{"id":160486,"date":"2022-11-24T10:47:00","date_gmt":"2022-11-24T08:47:00","guid":{"rendered":"https:\/\/kulturbloggen.com\/?p=160486"},"modified":"2022-11-24T22:00:59","modified_gmt":"2022-11-24T20:00:59","slug":"karl-bertil-jonssons-julafton-pa-filadelfia-convention-center","status":"publish","type":"post","link":"https:\/\/kulturbloggen.com\/?p=160486","title":{"rendered":"Karl-Bertil Jonssons julafton p\u00e5 Filadelfia Convention Center"},"content":{"rendered":"<figure id=\"attachment_160495\" aria-describedby=\"caption-attachment-160495\" style=\"width: 650px\" class=\"wp-caption aligncenter\"><img loading=\"lazy\" decoding=\"async\" class=\"size-full wp-image-160495\" src=\"https:\/\/kulturbloggen.com\/wp-content\/uploads\/2022\/11\/karlbertil.jpg\" alt=\"\" width=\"650\" height=\"325\" srcset=\"https:\/\/kulturbloggen.com\/wp-content\/uploads\/2022\/11\/karlbertil.jpg 650w, https:\/\/kulturbloggen.com\/wp-content\/uploads\/2022\/11\/karlbertil-300x150.jpg 300w\" sizes=\"auto, (max-width: 650px) 100vw, 650px\" \/><figcaption id=\"caption-attachment-160495\" class=\"wp-caption-text\">Foto: Robert Eldrim, Medljus<\/figcaption><\/figure>\n<p>Sagan om Karl-Bertil Jonssons <a href=\"https:\/\/www.minupplevelse.se\/karl-bertil-jonssons-julafton\">julafton<\/a><br \/>\nRegi och koreografi Anna Vnuk<br \/>\nBearbetning och s\u00e5ngtexter Henrik Dorsin<br \/>\nKomposit\u00f6r Carl Bagge<br \/>\nProduktionsdesigner Per \u00c5hlin<br \/>\nScenograf Pelle Magnestam<br \/>\nMusiker Carl Bagge (piano), Martin H\u00f6per (bas), Per \u201dTexas\u201d Johansson (tr\u00e4bl\u00e5s) och Per Ekdahl (trummor och slagverk), Josefin Runsteen (fiol), Annika Granlund (trumpet) och Ebba \u00c5sman (trombon)<br \/>\nKostym\/mask och perukdesigner Susanna Rafstedt<br \/>\nLjusdesign Maria Ros<br \/>\nNypremi\u00e4r 23 november 2022 p\u00e5 Filadelfia Convention Center i Stockholm<\/p>\n<p>Sagan om Karl-Bertil Jonssons julafton har satts upp p\u00e5 nytt, nu p\u00e5 Filadelfia Convention Center i Stockholm. Med Henrik Dorsin som ber\u00e4ttaren s\u00e5 tolkas \u00e4n en g\u00e5ng Tage Danielssons klassiker fr\u00e5n 1975.<\/p>\n<p>En helt underbar f\u00f6rest\u00e4llning inf\u00f6r adventstid och juletid. En f\u00f6rest\u00e4llning som jag studsar hem med gl\u00e4dje och hopp i steget efter att ha avnjutit.<\/p>\n<p><img loading=\"lazy\" decoding=\"async\" class=\"alignright size-medium wp-image-160542\" src=\"https:\/\/kulturbloggen.com\/wp-content\/uploads\/2022\/11\/karlbertil2-300x200.jpg\" alt=\"\" width=\"300\" height=\"200\" srcset=\"https:\/\/kulturbloggen.com\/wp-content\/uploads\/2022\/11\/karlbertil2-300x200.jpg 300w, https:\/\/kulturbloggen.com\/wp-content\/uploads\/2022\/11\/karlbertil2.jpg 650w\" sizes=\"auto, (max-width: 300px) 100vw, 300px\" \/>Denna klassiska julsaga av Tage Danielsson gjorde succ\u00e9 senast den sattes upp p\u00e5 scen som musikalversion av Henrik Dorsin p\u00e5 Scalateatern 2018. Som jag uppfattade det fick Dorsins musikal bra kritik medan <a href=\"https:\/\/kritiker.se\/film\/sagan-om-karl-bertil-jonssons-julafton\/\">filmversionen av Hannes Holm som kom senare b\u00e5de fick ris och ros.<\/a> Kanske ingen egentligen kan g\u00f6ra den lika underbar som Tage Danielssons ber\u00e4ttelse men i h\u00e4nderna p\u00e5 Henrik Dorsin p\u00e5 scen \u00e4r den en helt underbar start p\u00e5 advent och jul. Det \u00e4r gl\u00e4dje, det \u00e4r julk\u00e4nsla och samma kritik av samh\u00e4llets or\u00e4ttvisor mellan m\u00e4nniskor som i Tage Danielssons julbetraktelse.<\/p>\n<p><img loading=\"lazy\" decoding=\"async\" class=\"alignright size-medium wp-image-160544\" src=\"https:\/\/kulturbloggen.com\/wp-content\/uploads\/2022\/11\/karlbertil3-300x200.jpg\" alt=\"\" width=\"300\" height=\"200\" srcset=\"https:\/\/kulturbloggen.com\/wp-content\/uploads\/2022\/11\/karlbertil3-300x200.jpg 300w, https:\/\/kulturbloggen.com\/wp-content\/uploads\/2022\/11\/karlbertil3.jpg 650w\" sizes=\"auto, (max-width: 300px) 100vw, 300px\" \/>Det \u00e4r dock ingen exakt kopia av 2018 \u00e5rs upps\u00e4ttning. Det \u00e4r en uppdaterad version med nya dagsaktuella texter av Henrik Dorsin, ut\u00f6kad bl\u00e5ssektion i jazzbandet och med Andreas T Olsson i rollen som bullriga pappan Tyko Jonsson.<\/p>\n<p>F\u00f6r familjen med mindre barn som vill k\u00e4nna in julst\u00e4mning med denna f\u00f6rest\u00e4llning \u00e4r det en f\u00f6rdel att den ocks\u00e5 har kortats n\u00e5got och ges denna g\u00e5ng i en akt.<\/p>\n<p>Det \u00e4r lekfullt och hj\u00e4rtev\u00e4rmande och ger ocks\u00e5 en del att prata om kring jul och m\u00e4nniskors olika f\u00f6ruts\u00e4ttningar, om att vara rik och att vara fattig. Extra aktuellt med tanke p\u00e5 krig i v\u00e5r n\u00e4rhet i Europa och med inflation och dyrare mat och dyrare el.<\/p>\n<p><img loading=\"lazy\" decoding=\"async\" class=\"alignright size-medium wp-image-160545\" src=\"https:\/\/kulturbloggen.com\/wp-content\/uploads\/2022\/11\/karlbertil4-300x200.jpg\" alt=\"\" width=\"300\" height=\"200\" srcset=\"https:\/\/kulturbloggen.com\/wp-content\/uploads\/2022\/11\/karlbertil4-300x200.jpg 300w, https:\/\/kulturbloggen.com\/wp-content\/uploads\/2022\/11\/karlbertil4.jpg 650w\" sizes=\"auto, (max-width: 300px) 100vw, 300px\" \/>Ett stort plus \u00e4r att f\u00f6rest\u00e4llningen \u00e4r trogen b\u00e5de Per \u00c5hlins visuella v\u00e4rld och Tage Danielssons tankar om samh\u00e4llets klyftor och samtidigt anpassats till v\u00e5r tid. En l\u00e5ng rad duktiga sk\u00e5despelare garanterar en fantastisk kv\u00e4ll.<\/p>\n<p><strong>I rollerna:<\/strong><br \/>\nBer\u00e4ttaren: Henrik Dorsin<br \/>\nKarl-Bertil Jonsson: Anton Lundqvist<br \/>\nKarl-Bertils \u00f6mma moder m fl: Vanna Rosenberg<br \/>\nTyko Jonsson, Karl-Bertils str\u00e4nge fader m fl: Andreas T Olsson<br \/>\nFru Bergdahl m fl: Katrin Sundberg<br \/>\nByr\u00e5direkt\u00f6r H. K. Bergdahl m fl: Andreas Rothlin Svensson<br \/>\n\u00d6vriga medverkanden: Gabriella Kaiser, Bj\u00f6rn Wikstr\u00f6m, Lisa Veronica Andersson och Isabelle Billstein<\/p>\n<p><iframe loading=\"lazy\" title=\"YouTube video player\" src=\"https:\/\/www.youtube.com\/embed\/FnBLkmydgBE\" width=\"560\" height=\"315\" frameborder=\"0\" allowfullscreen=\"allowfullscreen\"><\/iframe><\/p>\n","protected":false},"excerpt":{"rendered":"<p>Sagan om Karl-Bertil Jonssons julafton Regi och koreografi Anna Vnuk Bearbetning och s\u00e5ngtexter Henrik Dorsin Komposit\u00f6r Carl Bagge Produktionsdesigner Per \u00c5hlin Scenograf Pelle Magnestam Musiker Carl Bagge (piano), Martin H\u00f6per (bas), Per \u201dTexas\u201d Johansson (tr\u00e4bl\u00e5s) och Per Ekdahl (trummor och slagverk), Josefin Runsteen (fiol), Annika Granlund (trumpet) och Ebba \u00c5sman (trombon) Kostym\/mask och perukdesigner Susanna [&hellip;]<\/p>\n","protected":false},"author":2,"featured_media":0,"comment_status":"closed","ping_status":"closed","sticky":false,"template":"","format":"standard","meta":{"_genesis_hide_title":false,"_genesis_hide_breadcrumbs":false,"_genesis_hide_singular_image":false,"_genesis_hide_footer_widgets":false,"_genesis_custom_body_class":"","_genesis_custom_post_class":"","_genesis_layout":"","footnotes":""},"categories":[16,20,13624],"tags":[],"class_list":{"0":"post-160486","1":"post","2":"type-post","3":"status-publish","4":"format-standard","6":"category-recension","7":"category-film","8":"category-toppnytt","9":"entry"},"_links":{"self":[{"href":"https:\/\/kulturbloggen.com\/index.php?rest_route=\/wp\/v2\/posts\/160486","targetHints":{"allow":["GET"]}}],"collection":[{"href":"https:\/\/kulturbloggen.com\/index.php?rest_route=\/wp\/v2\/posts"}],"about":[{"href":"https:\/\/kulturbloggen.com\/index.php?rest_route=\/wp\/v2\/types\/post"}],"author":[{"embeddable":true,"href":"https:\/\/kulturbloggen.com\/index.php?rest_route=\/wp\/v2\/users\/2"}],"replies":[{"embeddable":true,"href":"https:\/\/kulturbloggen.com\/index.php?rest_route=%2Fwp%2Fv2%2Fcomments&post=160486"}],"version-history":[{"count":23,"href":"https:\/\/kulturbloggen.com\/index.php?rest_route=\/wp\/v2\/posts\/160486\/revisions"}],"predecessor-version":[{"id":160546,"href":"https:\/\/kulturbloggen.com\/index.php?rest_route=\/wp\/v2\/posts\/160486\/revisions\/160546"}],"wp:attachment":[{"href":"https:\/\/kulturbloggen.com\/index.php?rest_route=%2Fwp%2Fv2%2Fmedia&parent=160486"}],"wp:term":[{"taxonomy":"category","embeddable":true,"href":"https:\/\/kulturbloggen.com\/index.php?rest_route=%2Fwp%2Fv2%2Fcategories&post=160486"},{"taxonomy":"post_tag","embeddable":true,"href":"https:\/\/kulturbloggen.com\/index.php?rest_route=%2Fwp%2Fv2%2Ftags&post=160486"}],"curies":[{"name":"wp","href":"https:\/\/api.w.org\/{rel}","templated":true}]}}