{"id":16029,"date":"2009-12-20T19:09:40","date_gmt":"2009-12-20T18:09:40","guid":{"rendered":"http:\/\/kulturbloggen.com\/?p=16029"},"modified":"2009-12-20T19:09:40","modified_gmt":"2009-12-20T18:09:40","slug":"bayern-munchens-stjarnor-startar-rockband","status":"publish","type":"post","link":"https:\/\/kulturbloggen.com\/?p=16029","title":{"rendered":"Bayern M\u00fcnchens stj\u00e4rnor startar rockband?"},"content":{"rendered":"<p><a href=\"http:\/\/kulturbloggen.com\/wp-content\/uploads\/2009\/12\/bayern-band-1-14383957__MBQF-1261237001templateIdrenderScaledpropertyBildheight349.jpg\"><img loading=\"lazy\" decoding=\"async\" src=\"http:\/\/kulturbloggen.com\/wp-content\/uploads\/2009\/12\/bayern-band-1-14383957__MBQF-1261237001templateIdrenderScaledpropertyBildheight349-300x225.jpg\" alt=\"bayern-band-1-14383957__MBQF-1261237001,templateId=renderScaled,property=Bild,height=349\" title=\"bayern-band-1-14383957__MBQF-1261237001,templateId=renderScaled,property=Bild,height=349\" width=\"300\" height=\"225\" class=\"alignright size-medium wp-image-16030\" \/><\/a><\/p>\n<p>Andreas G\u00f6rlitz \u00e4r gitarrist i bandet Room77 men han \u00e4r \u00e4ven fotbollsproffs och n\u00e4r musikvideon till nya singeln <em>Hope <\/em>ska spelas in tar han hj\u00e4lp av sina n\u00e5got mer v\u00e4lk\u00e4nda kollegor i Bayern M\u00fcnchen: Miroslav Klose, Philipp Lahm och Mario Gomez.<\/p>\n<p>S\u00e5 h\u00e4r \u00f6vers\u00e4tter jag skyttekungen Mario Gomez kommentar fr\u00e5n tyska:<\/p>\n<p>\u201dJag skulle g\u00e4rna vilja spela i ett band men jag \u00e4r ganska omusikalisk\u201d<\/p>\n<p>Miroslav Klose, som spelar keyboard i videon, undervisades d\u00e4remot i sex \u00e5r men satsade ist\u00e4llet p\u00e5 fotbollen.<\/p>\n<p>Pengarna fr\u00e5n videon kommer att g\u00e5 till SOS Barnbyar.<\/p>\n<p>Enligt <a href=\"http:\/\/www.bild.de\/BILD\/sport\/fussball\/bundesliga\/vereine\/bayern\/2009\/12\/20\/philipp-lahm-mario-gomez-miroslav-klose\/hier-rockt-die-bayern-band.html\">Bild<\/a> s\u00e5 ska videon ha premi\u00e4r i tysk TV imorgon.<\/p>\n","protected":false},"excerpt":{"rendered":"<p>Andreas G\u00f6rlitz \u00e4r gitarrist i bandet Room77 men han \u00e4r \u00e4ven fotbollsproffs och n\u00e4r musikvideon till nya singeln Hope ska spelas in tar han hj\u00e4lp av sina n\u00e5got mer v\u00e4lk\u00e4nda kollegor i Bayern M\u00fcnchen: Miroslav Klose, Philipp Lahm och Mario Gomez. S\u00e5 h\u00e4r \u00f6vers\u00e4tter jag skyttekungen Mario Gomez kommentar fr\u00e5n tyska: \u201dJag skulle g\u00e4rna vilja [&hellip;]<\/p>\n","protected":false},"author":3,"featured_media":0,"comment_status":"open","ping_status":"open","sticky":false,"template":"","format":"standard","meta":{"_genesis_hide_title":false,"_genesis_hide_breadcrumbs":false,"_genesis_hide_singular_image":false,"_genesis_hide_footer_widgets":false,"_genesis_custom_body_class":"","_genesis_custom_post_class":"","_genesis_layout":"","footnotes":""},"categories":[20],"tags":[552,3516,3706,4836],"class_list":{"0":"post-16029","1":"post","2":"type-post","3":"status-publish","4":"format-standard","6":"category-film","7":"tag-bayern-munchen","8":"tag-mario-gomez","9":"tag-mirosalv-klose","10":"tag-room77","11":"entry"},"_links":{"self":[{"href":"https:\/\/kulturbloggen.com\/index.php?rest_route=\/wp\/v2\/posts\/16029","targetHints":{"allow":["GET"]}}],"collection":[{"href":"https:\/\/kulturbloggen.com\/index.php?rest_route=\/wp\/v2\/posts"}],"about":[{"href":"https:\/\/kulturbloggen.com\/index.php?rest_route=\/wp\/v2\/types\/post"}],"author":[{"embeddable":true,"href":"https:\/\/kulturbloggen.com\/index.php?rest_route=\/wp\/v2\/users\/3"}],"replies":[{"embeddable":true,"href":"https:\/\/kulturbloggen.com\/index.php?rest_route=%2Fwp%2Fv2%2Fcomments&post=16029"}],"version-history":[{"count":0,"href":"https:\/\/kulturbloggen.com\/index.php?rest_route=\/wp\/v2\/posts\/16029\/revisions"}],"wp:attachment":[{"href":"https:\/\/kulturbloggen.com\/index.php?rest_route=%2Fwp%2Fv2%2Fmedia&parent=16029"}],"wp:term":[{"taxonomy":"category","embeddable":true,"href":"https:\/\/kulturbloggen.com\/index.php?rest_route=%2Fwp%2Fv2%2Fcategories&post=16029"},{"taxonomy":"post_tag","embeddable":true,"href":"https:\/\/kulturbloggen.com\/index.php?rest_route=%2Fwp%2Fv2%2Ftags&post=16029"}],"curies":[{"name":"wp","href":"https:\/\/api.w.org\/{rel}","templated":true}]}}