{"id":1599,"date":"2008-09-13T15:26:34","date_gmt":"2008-09-13T15:26:34","guid":{"rendered":"http:\/\/kulturbloggen.com\/?p=1599"},"modified":"2008-09-13T15:26:34","modified_gmt":"2008-09-13T15:26:34","slug":"idol-anna-gav-rekord-ar-tv4-och-idol-daniel-slapper-debutsingel","status":"publish","type":"post","link":"https:\/\/kulturbloggen.com\/?p=1599","title":{"rendered":"Idol-Anna gav rekord \u00e5r TV4 och Idol-Daniel sl\u00e4pper debutsingel"},"content":{"rendered":"<p><a href='http:\/\/sodergren.com\/kulturbloggen\/wp-content\/uploads\/2008\/09\/idolalla260.jpg'><img loading=\"lazy\" decoding=\"async\" src=\"http:\/\/sodergren.com\/kulturbloggen\/wp-content\/uploads\/2008\/09\/idolalla260.jpg\" alt=\"\" title=\"idolalla260\" width=\"260\" height=\"150\" class=\"alignright size-medium wp-image-1547\" \/><\/a>16-\u00e5riga Idol-Anna s\u00e5g till att TV4 slog rekord. <a href=\"http:\/\/www.dagensmedia.se\/mallar\/dagensmedia_mall.asp?version=187460\">Dagens Media<\/a>:<\/p>\n<blockquote><p>Under g\u00e5rdagsdygnet startades 1 miljon webb-tv-klipp p\u00e5 TV4.se. 250.000 av dessa visade Idol-deltagaren Anna Bergendals framtr\u00e4dande. &#8221;Vi har aldrig haft s\u00e5 h\u00e4r m\u00e5nga visningar&#8221;, s\u00e4ger Mattias Fyrenius, vd f\u00f6r TV4 nya medier.<\/p><\/blockquote>\n<p>Ja ni vet v\u00e4l vem Anna \u00e4r? Tjejen som redan under kvalomg\u00e5ngen <a href=\"http:\/\/kulturbloggen.com\/?p=1548\">f\u00e5ngade publikens hj\u00e4rta och beundran<\/a>.<\/p>\n<p><a href='http:\/\/sodergren.com\/kulturbloggen\/wp-content\/uploads\/2008\/09\/idoldaniel260.jpg'><img loading=\"lazy\" decoding=\"async\" src=\"http:\/\/sodergren.com\/kulturbloggen\/wp-content\/uploads\/2008\/09\/idoldaniel260.jpg\" alt=\"\" title=\"idoldaniel260\" width=\"260\" height=\"150\" class=\"alignright size-full wp-image-1600\" \/><\/a>En annan Idol-deltagare som f\u00e5ngade m\u00e5ngas hj\u00e4rtan var Daniel f\u00f6rra \u00e5ret. N\u00e4r han \u00e5kte ut blev folk rosenrasande (fast varf\u00f6r hade de inte ringt och r\u00f6stat, kan man ju fundera p\u00e5).<\/p>\n<p>Nu \u00e4r han p\u00e5 g\u00e5ng med att sl\u00e4ppa sin debutsingel. <a href=\"http:\/\/www.aftonbladet.se\/nojesliv\/idol2007\/article3311167.ab\">Aftonbladet ber\u00e4ttar<\/a>:<\/p>\n<blockquote><p>Var har du h\u00e5llit hus det senaste \u00e5ret?<\/p>\n<p>\u2013 Jag har n\u00e4stan bara varit i studion. Jag har medvetet h\u00e5llit mig undan all offentlighet, det blev en s\u00e5dan extrem exponering under f\u00f6rra h\u00f6sten och jag ville l\u00e4gga kraften p\u00e5 att skriva l\u00e5tar.<\/p>\n<p>Hur l\u00e5ter det d\u00e5?<\/p>\n<p>\u2013 Som vemodspop, f\u00f6r att fatta mig kort. Men jag lyssnar ju mycket p\u00e5 60- och 70-talsmusik s\u00e5 f\u00f6rmodligen kommer det att h\u00f6ras.<\/p><\/blockquote>\n<p>Debutsingeln heter &#8221;Would you believe&#8221; och sl\u00e4ppts i oktober.<\/p>\n<p>Andra bloggar om: <a href=\"http:\/\/bloggar.se\/om\/Idol\" rel=\"tag\">Idol<\/a>, <a href=\"http:\/\/bloggar.se\/om\/skivnytt\" rel=\"tag\">skivnytt<\/a>, <a href=\"http:\/\/bloggar.se\/om\/tv\" rel=\"tag\">tv<\/a>, <a href=\"http:\/\/bloggar.se\/om\/tv4\" rel=\"tag\">tv4<\/a>, <a href=\"http:\/\/bloggar.se\/om\/Idol-Anna\" rel=\"tag\">Idol-Anna<\/a>, <a href=\"http:\/\/bloggar.se\/om\/Idol-Daniel\" rel=\"tag\">Idol-Daniel<\/a><\/p>\n","protected":false},"excerpt":{"rendered":"<p>16-\u00e5riga Idol-Anna s\u00e5g till att TV4 slog rekord. Dagens Media: Under g\u00e5rdagsdygnet startades 1 miljon webb-tv-klipp p\u00e5 TV4.se. 250.000 av dessa visade Idol-deltagaren Anna Bergendals framtr\u00e4dande. &#8221;Vi har aldrig haft s\u00e5 h\u00e4r m\u00e5nga visningar&#8221;, s\u00e4ger Mattias Fyrenius, vd f\u00f6r TV4 nya medier. Ja ni vet v\u00e4l vem Anna \u00e4r? Tjejen som redan under kvalomg\u00e5ngen f\u00e5ngade [&hellip;]<\/p>\n","protected":false},"author":2,"featured_media":0,"comment_status":"open","ping_status":"open","sticky":false,"template":"","format":"standard","meta":{"_genesis_hide_title":false,"_genesis_hide_breadcrumbs":false,"_genesis_hide_singular_image":false,"_genesis_hide_footer_widgets":false,"_genesis_custom_body_class":"","_genesis_custom_post_class":"","_genesis_layout":"","footnotes":""},"categories":[7],"tags":[2427,5121,6012,6029],"class_list":{"0":"post-1599","1":"post","2":"type-post","3":"status-publish","4":"format-standard","6":"category-musik","7":"tag-idol","8":"tag-skivnytt","9":"tag-tv","10":"tag-tv4","11":"entry"},"_links":{"self":[{"href":"https:\/\/kulturbloggen.com\/index.php?rest_route=\/wp\/v2\/posts\/1599","targetHints":{"allow":["GET"]}}],"collection":[{"href":"https:\/\/kulturbloggen.com\/index.php?rest_route=\/wp\/v2\/posts"}],"about":[{"href":"https:\/\/kulturbloggen.com\/index.php?rest_route=\/wp\/v2\/types\/post"}],"author":[{"embeddable":true,"href":"https:\/\/kulturbloggen.com\/index.php?rest_route=\/wp\/v2\/users\/2"}],"replies":[{"embeddable":true,"href":"https:\/\/kulturbloggen.com\/index.php?rest_route=%2Fwp%2Fv2%2Fcomments&post=1599"}],"version-history":[{"count":0,"href":"https:\/\/kulturbloggen.com\/index.php?rest_route=\/wp\/v2\/posts\/1599\/revisions"}],"wp:attachment":[{"href":"https:\/\/kulturbloggen.com\/index.php?rest_route=%2Fwp%2Fv2%2Fmedia&parent=1599"}],"wp:term":[{"taxonomy":"category","embeddable":true,"href":"https:\/\/kulturbloggen.com\/index.php?rest_route=%2Fwp%2Fv2%2Fcategories&post=1599"},{"taxonomy":"post_tag","embeddable":true,"href":"https:\/\/kulturbloggen.com\/index.php?rest_route=%2Fwp%2Fv2%2Ftags&post=1599"}],"curies":[{"name":"wp","href":"https:\/\/api.w.org\/{rel}","templated":true}]}}