{"id":15989,"date":"2009-12-18T08:55:24","date_gmt":"2009-12-18T07:55:24","guid":{"rendered":"http:\/\/kulturbloggen.com\/?p=15989"},"modified":"2012-03-10T16:40:41","modified_gmt":"2012-03-10T15:40:41","slug":"javisst-sjukvardsforsakringen-stjalper-hogerregeringen","status":"publish","type":"post","link":"https:\/\/kulturbloggen.com\/?p=15989","title":{"rendered":"Javisst, sjukv\u00e5rdsf\u00f6rs\u00e4kringen stj\u00e4lper h\u00f6gerregeringen"},"content":{"rendered":"<p><a href=\"http:\/\/kulturbloggen.com\/?p=15868\">Sjukf\u00f6rs\u00e4kringslagen blir h\u00f6gerregeringens fall, skrev Kulturbloggen<\/a> redan f\u00f6r n\u00e5gra dagar sedan. Det var inte s\u00e4rskilt sv\u00e5rt att sia om. Nu kommer opinionsunders\u00f6kningarna som visar hur tydligt som helst att v\u00e4ljarna tr\u00f6ttnat p\u00e5 h\u00f6gerpolitiken.<br \/>\n<em>Moderaterna tappar kraftigt i v\u00e4ljarst\u00f6d efter de senaste veckornas debatt om sjukf\u00f6rs\u00e4kringen. Samtidigt n\u00e5r Milj\u00f6partiet nya rekordniv\u00e5er i <a href=\"http:\/\/www.dn.se\/nyheter\/valet2010\/moderaterna-backar-1.1015867\">DN\/Synovates december\u00adm\u00e4tning<\/a>.<\/em><\/p>\n<p>DN redovisar:<br \/>\n<em>De tre r\u00f6dgr\u00f6na partierna f\u00e5r tillsammans 49,4 procent mot 42,9 f\u00f6r de fyra regeringspartierna. I november var \u00f6vertaget 48,7\u201345,4.<\/em><\/p>\n<p>Moderaterna backar rej\u00e4lt och denna f\u00f6r\u00e4ndring \u00e4r statistiskt s\u00e4kerst\u00e4lld: Moderaterna har backat till 26,7 procent, j\u00e4mf\u00f6rt med 30,2 f\u00f6rra m\u00e5naden. <\/p>\n<p>Sverigedemokraterna f\u00e5r enligt denna v\u00e4ljarunders\u00f6kning sin h\u00f6gsta notering hittills, med 5,3 procent, Men eftersom de r\u00f6dgr\u00f6na f\u00e5r tillr\u00e4ckligt f\u00f6r egen majoritet har SD ingen v\u00e5gm\u00e4starst\u00e4llning.<\/p>\n<p>M\u00e5nga bloggare har kommenterat den senaste v\u00e4ljarunders\u00f6kningen, som <a href=\"http:\/\/krassman-inyourface.blogspot.com\/2009\/12\/kraftgangen-bekraftad.html\">In Your Face<\/a>:<\/p>\n<blockquote><p>I m\u00e4tningen ser vi nu \u00e4ven den bergsfasta trenden f\u00f6r Milj\u00f6partiet. Partiet f\u00e5r 9,8 procent, vilket \u00e4r den h\u00f6gsta siffran i dessa m\u00e4tningar sedan februari 1996. Milj\u00f6partiet kan fira jul med n\u00e4stan f\u00f6rdubblat v\u00e4ljarst\u00f6d sedan 2006, d\u00e5 partiet fick 5,2 procent i valet. God Jul Milj\u00f6partiet. <\/p><\/blockquote>\n<p>Fler som kommenterat v\u00e4ljarunders\u00f6kningen: <a href=\"http:\/\/mitt-i-steget.blogspot.com\/2009\/12\/om-skadegladje-takhojd-betong-och-kakel.html\">Mitt i steget<\/a>, <a href=\"http:\/\/promemorian.blogspot.com\/2009\/12\/moderat-kraftgang.html\">Jonas Morian<\/a>, <a href=\"http:\/\/badlandshyena.wordpress.com\/2009\/12\/18\/sextrakasserier-i-riksdagen\/\">Badlands Hyena<\/a> och <a href=\"http:\/\/peterlandersson.blogspot.com\/2009\/12\/moderat-tapp-igen-och-bekraftelse-av.html\">Peter Andersson<\/a>.<\/p>\n<p>Relaterat: <a href=\"http:\/\/www.aftonbladet.se\/nyheter\/article6309966.ab\">Aftonbladet<\/a><\/p>\n<p>L\u00e4s \u00e4ven andra bloggares \u00e5sikter om <a href=\"http:\/\/bloggar.se\/om\/v%E4ljarunders%F6kning\" rel=\"tag\">v\u00e4ljarunders\u00f6kning<\/a>, <a href=\"http:\/\/bloggar.se\/om\/politik\" rel=\"tag\">politik<\/a>, <a href=\"http:\/\/bloggar.se\/om\/r%F6dgr%F6na\" rel=\"tag\">r\u00f6dgr\u00f6na<\/a>, <a href=\"http:\/\/bloggar.se\/om\/samh%E4lle\" rel=\"tag\">samh\u00e4lle<\/a>, <a href=\"http:\/\/bloggar.se\/om\/val2010\" rel=\"tag\">val2010<\/a>, <a href=\"http:\/\/bloggar.se\/om\/sjukf%F6rs%E4kring\" rel=\"tag\">sjukf\u00f6rs\u00e4kring<\/a>, <a href=\"http:\/\/bloggar.se\/om\/moderaterna\" rel=\"tag\">moderaterna<\/a>, <a href=\"http:\/\/bloggar.se\/om\/h%F6gerregeringen\" rel=\"tag\">h\u00f6gerregeringen<\/a>, <a href=\"http:\/\/bloggar.se\/om\/F%F6rs%E4kringskassan\" rel=\"tag\">F\u00f6rs\u00e4kringskassan<\/a><\/p>\n","protected":false},"excerpt":{"rendered":"<p>Sjukf\u00f6rs\u00e4kringslagen blir h\u00f6gerregeringens fall, skrev Kulturbloggen redan f\u00f6r n\u00e5gra dagar sedan. Det var inte s\u00e4rskilt sv\u00e5rt att sia om. Nu kommer opinionsunders\u00f6kningarna som visar hur tydligt som helst att v\u00e4ljarna tr\u00f6ttnat p\u00e5 h\u00f6gerpolitiken. Moderaterna tappar kraftigt i v\u00e4ljarst\u00f6d efter de senaste veckornas debatt om sjukf\u00f6rs\u00e4kringen. Samtidigt n\u00e5r Milj\u00f6partiet nya rekordniv\u00e5er i DN\/Synovates december\u00adm\u00e4tning. DN redovisar: [&hellip;]<\/p>\n","protected":false},"author":2,"featured_media":0,"comment_status":"open","ping_status":"open","sticky":false,"template":"","format":"standard","meta":{"_genesis_hide_title":false,"_genesis_hide_breadcrumbs":false,"_genesis_hide_singular_image":false,"_genesis_hide_footer_widgets":false,"_genesis_custom_body_class":"","_genesis_custom_post_class":"","_genesis_layout":"","footnotes":""},"categories":[20],"tags":[12284,4877,4917,5088,6163,6307],"class_list":{"0":"post-15989","1":"post","2":"type-post","3":"status-publish","4":"format-standard","6":"category-film","7":"tag-politik","8":"tag-rodgrona","9":"tag-samhalle","10":"tag-sjukforsakring","11":"tag-val2010","12":"tag-valjarundersokning","13":"entry"},"_links":{"self":[{"href":"https:\/\/kulturbloggen.com\/index.php?rest_route=\/wp\/v2\/posts\/15989","targetHints":{"allow":["GET"]}}],"collection":[{"href":"https:\/\/kulturbloggen.com\/index.php?rest_route=\/wp\/v2\/posts"}],"about":[{"href":"https:\/\/kulturbloggen.com\/index.php?rest_route=\/wp\/v2\/types\/post"}],"author":[{"embeddable":true,"href":"https:\/\/kulturbloggen.com\/index.php?rest_route=\/wp\/v2\/users\/2"}],"replies":[{"embeddable":true,"href":"https:\/\/kulturbloggen.com\/index.php?rest_route=%2Fwp%2Fv2%2Fcomments&post=15989"}],"version-history":[{"count":1,"href":"https:\/\/kulturbloggen.com\/index.php?rest_route=\/wp\/v2\/posts\/15989\/revisions"}],"predecessor-version":[{"id":50606,"href":"https:\/\/kulturbloggen.com\/index.php?rest_route=\/wp\/v2\/posts\/15989\/revisions\/50606"}],"wp:attachment":[{"href":"https:\/\/kulturbloggen.com\/index.php?rest_route=%2Fwp%2Fv2%2Fmedia&parent=15989"}],"wp:term":[{"taxonomy":"category","embeddable":true,"href":"https:\/\/kulturbloggen.com\/index.php?rest_route=%2Fwp%2Fv2%2Fcategories&post=15989"},{"taxonomy":"post_tag","embeddable":true,"href":"https:\/\/kulturbloggen.com\/index.php?rest_route=%2Fwp%2Fv2%2Ftags&post=15989"}],"curies":[{"name":"wp","href":"https:\/\/api.w.org\/{rel}","templated":true}]}}