{"id":1596,"date":"2008-09-13T14:37:10","date_gmt":"2008-09-13T14:37:10","guid":{"rendered":"http:\/\/kulturbloggen.com\/?p=1596"},"modified":"2008-09-13T14:37:10","modified_gmt":"2008-09-13T14:37:10","slug":"inte-sma-smart-av-pirate-bay-att-vagra-prata-med-medier","status":"publish","type":"post","link":"https:\/\/kulturbloggen.com\/?p=1596","title":{"rendered":"Inte s\u00e5 smart av Pirate Bay att v\u00e4gra prata med medier"},"content":{"rendered":"<p><a href='http:\/\/sodergren.com\/kulturbloggen\/wp-content\/uploads\/2008\/09\/the_pirate_bay260.jpg'><img loading=\"lazy\" decoding=\"async\" src=\"http:\/\/sodergren.com\/kulturbloggen\/wp-content\/uploads\/2008\/09\/the_pirate_bay260.jpg\" alt=\"\" title=\"the_pirate_bay260\" width=\"260\" height=\"150\" class=\"alignright size-full wp-image-1598\" \/><\/a>Pirate Bay har f\u00e5tt en del mothugg p\u00e5 senaste tid, sedan de v\u00e4grade ta bort bilderna p\u00e5 de obducerade m\u00f6rdade barnen. Deras representanter har v\u00e4l ocks\u00e5 f\u00e5tt r\u00e4tt d\u00e5lig behandling av medier. Men att sticka huvudet under sanden \u00e4r inte s\u00e5 smart strategi n\u00e4r det bl\u00e5ser:<\/p>\n<blockquote><p>Pirate Bay har idag fattat ett beslut om att bryta alla kontakter med media. Intervjuer kommer inte att ges och fr\u00e5gor fr\u00e5n media kommer inte att besvaras. <a href=\"http:\/\/www.idg.se\/2.1085\/1.179370\">K\u00e4lla: IDG<\/a><\/p><\/blockquote>\n<p>Vad kommer det att resultera i? Att Pirate Bay f\u00e5r \u00e4nnu mer en st\u00e4mpel p\u00e5 sig av att inte ta ansvar.<\/p>\n","protected":false},"excerpt":{"rendered":"<p>Pirate Bay har f\u00e5tt en del mothugg p\u00e5 senaste tid, sedan de v\u00e4grade ta bort bilderna p\u00e5 de obducerade m\u00f6rdade barnen. Deras representanter har v\u00e4l ocks\u00e5 f\u00e5tt r\u00e4tt d\u00e5lig behandling av medier. Men att sticka huvudet under sanden \u00e4r inte s\u00e5 smart strategi n\u00e4r det bl\u00e5ser: Pirate Bay har idag fattat ett beslut om att [&hellip;]<\/p>\n","protected":false},"author":2,"featured_media":0,"comment_status":"open","ping_status":"open","sticky":false,"template":"","format":"standard","meta":{"_genesis_hide_title":false,"_genesis_hide_breadcrumbs":false,"_genesis_hide_singular_image":false,"_genesis_hide_footer_widgets":false,"_genesis_custom_body_class":"","_genesis_custom_post_class":"","_genesis_layout":"","footnotes":""},"categories":[62],"tags":[3582,4377],"class_list":{"0":"post-1596","1":"post","2":"type-post","3":"status-publish","4":"format-standard","6":"category-medie-och-kulturpolitik","7":"tag-medier","8":"tag-piratfragor","9":"entry"},"_links":{"self":[{"href":"https:\/\/kulturbloggen.com\/index.php?rest_route=\/wp\/v2\/posts\/1596","targetHints":{"allow":["GET"]}}],"collection":[{"href":"https:\/\/kulturbloggen.com\/index.php?rest_route=\/wp\/v2\/posts"}],"about":[{"href":"https:\/\/kulturbloggen.com\/index.php?rest_route=\/wp\/v2\/types\/post"}],"author":[{"embeddable":true,"href":"https:\/\/kulturbloggen.com\/index.php?rest_route=\/wp\/v2\/users\/2"}],"replies":[{"embeddable":true,"href":"https:\/\/kulturbloggen.com\/index.php?rest_route=%2Fwp%2Fv2%2Fcomments&post=1596"}],"version-history":[{"count":0,"href":"https:\/\/kulturbloggen.com\/index.php?rest_route=\/wp\/v2\/posts\/1596\/revisions"}],"wp:attachment":[{"href":"https:\/\/kulturbloggen.com\/index.php?rest_route=%2Fwp%2Fv2%2Fmedia&parent=1596"}],"wp:term":[{"taxonomy":"category","embeddable":true,"href":"https:\/\/kulturbloggen.com\/index.php?rest_route=%2Fwp%2Fv2%2Fcategories&post=1596"},{"taxonomy":"post_tag","embeddable":true,"href":"https:\/\/kulturbloggen.com\/index.php?rest_route=%2Fwp%2Fv2%2Ftags&post=1596"}],"curies":[{"name":"wp","href":"https:\/\/api.w.org\/{rel}","templated":true}]}}