{"id":15916,"date":"2009-12-15T18:03:54","date_gmt":"2009-12-15T17:03:54","guid":{"rendered":"http:\/\/kulturbloggen.com\/?p=15916"},"modified":"2009-12-15T18:03:54","modified_gmt":"2009-12-15T17:03:54","slug":"hellre-kallt-vatten-med-de-rodgrona-an-att-sakta-kokas-ihjal-av-reinfeldt-co","status":"publish","type":"post","link":"https:\/\/kulturbloggen.com\/?p=15916","title":{"rendered":"Hellre kallt vatten med de r\u00f6dgr\u00f6na \u00e4n att sakta kokas ihj\u00e4l av Reinfeldt &#038; Co"},"content":{"rendered":"<p><img loading=\"lazy\" decoding=\"async\" src=\"http:\/\/kulturbloggen.com\/wp-content\/uploads\/2009\/12\/groda-242x300.jpg\" alt=\"groda\" title=\"groda\" width=\"242\" height=\"300\" class=\"aligncenter size-medium wp-image-15918\" \/><br \/>\nOm statsminister Fredrik Reinfeldt hade varit Pinochio hade hans n\u00e4sa vuxit s\u00e5 det knakar.<br \/>\nNi vet v\u00e4l: tr\u00e4dockan Pinochios n\u00e4sa v\u00e4xer varje g\u00e5ng han ljuger.<\/p>\n<p>I tv h\u00e4romkv\u00e4llen sade Reinfeldt att Mona Sahlin inte har n\u00e5gon politik.<br \/>\nDet han sade var en kommentar till att de r\u00f6dgr\u00f6na enligt senaste opinionsunders\u00f6kningen skulle f\u00e5 egen majoritet om de vore val nu.<br \/>\nReinfeldt lovade att han skulle g\u00f6ra allt han kunde f\u00f6r att hindra att Mona Sahlin blir statsminister. Hon har ju inte presenterat n\u00e5got politiskt alternativ, menade han.<br \/>\n&#8221;Jag ska g\u00f6ra vad jag kan f\u00f6r att skydda det svenska folket f\u00f6r det kalla vattnet.&#8221;<\/p>\n<p>Visst var det en l\u00f6gn att de r\u00f6dgr\u00f6na inte har ett politiskt alternativ.<br \/>\nDet \u00e4r en vanlig l\u00f6gn fr\u00e5n det h\u00e5llet.<br \/>\nAtt inte tro att s\u00e4nkta skatter l\u00f6ser allt \u00e4r ett politiskt alternativ. <a href=\"http:\/\/www.aftonbladet.se\/debatt\/article6290364.ab\">Att inte kasta ut l\u00e5ngtidssjuka fr\u00e5n F\u00f6rs\u00e4kringskassan \u00e4r politik<\/a>. <a href=\"http:\/\/www.rodgron.se\/granskning\/fran-gardagens-hjalte-till-dagens-profil\/\">F\u00f6r att inte tala om klimatfr\u00e5gorna d\u00e4r de r\u00f6dgr\u00f6nas politik ligger l\u00e5ngt f\u00f6re h\u00f6geralliansen.<\/a><\/p>\n<p>Men det d\u00e4r med kalla vattnet fick mig att t\u00e4nka p\u00e5 den d\u00e4r lilla grodan som kan l\u00e4ggas i varmt vatten. Om du l\u00e4gger grodan i kokande vatten hoppar han ur direkt. Men l\u00e4gger du ner grodan i lagom tempererat sk\u00f6nt vatten kan du l\u00e5ngsamt h\u00f6ja temperaturen \u00e4nda tills det kokar och d\u00f6dar den lilla grodan.<br \/>\nJag f\u00f6r min del lever hellre i de r\u00f6dgr\u00f6na kallt vatten \u00e4n kokas ihj\u00e4l i Reinfeldts f\u00f6rr\u00e4diska vatten.<\/p>\n<p>Nu har Socialdemokraterna och Mona Sahlin utmanat Fredrik Reinfeldt p\u00e5 debatter. Mona Sahlin utmanar nu Fredrik Reinfeldt och Moderaterna p\u00e5 debatter,  \u00f6ver hela landet p\u00e5 lokal, regional och riksniv\u00e5 &#8211; och \u00e4ven p\u00e5 n\u00e4tet.<br \/>\n<a href=\"http:\/\/www.socialdemokraterna.se\/Var-politik\/featureartiklar\/Mona-Sahlin-Lat-debatten-borja\/#\">Fr\u00e5n Socialdemokraternas hemsida:<\/a><\/p>\n<blockquote><p>\nDet \u00e4r dags att vi f\u00e5r upp tempot i den politiska debatten, och att vi lyfter fram skiljelinjerna i svensk politik s\u00e5 att det f\u00f6rest\u00e5ende v\u00e4gvalet 2010 blir tydligt f\u00f6r medborgarna.<\/p>\n<p>H\u00e4rmed utmanar jag d\u00e4rf\u00f6r dig och Moderaterna p\u00e5 debatter runt om i landet med start i januari.<\/p>\n<p>Du och jag f\u00e5r tillf\u00e4lle att debattera i TV p\u00e5 annat s\u00e4tt, men \u00e4ven p\u00e5 regional och lokal niv\u00e5 beh\u00f6ver v\u00e5ra f\u00f6retr\u00e4dare debattera offentligt f\u00f6r att tydligg\u00f6ra de ideologiska skiljelinjerna och sakpolitiken. Jag ser g\u00e4rna att vi s\u00e4nder en del av dessa debatter p\u00e5 webben via v\u00e5ra hemsidor f\u00f6r att locka till engagemang och interaktivitet.<\/p>\n<p>Jag bjuder ocks\u00e5 in dig till en eller flera dueller som vi anordnar sj\u00e4lva exklusivt f\u00f6r webben. Sociala medier blir viktiga i riksdagsvalet 2010, det \u00e4r vi s\u00e4kert ense om. <\/p><\/blockquote>\n<p><a href=\"http:\/\/www.svd.se\/nyheter\/inrikes\/vad-vill-du-fraga-reinfeldt-och-sahlin_3943581.svd\">H\u00e4r kan du maila fr\u00e5gor till Mona Sahlin och Fredrik Reinfeldt.<\/a><\/p>\n<p>Relaterat:<a href=\"http:\/\/www.dn.se\/opinion\/huvudledare\/tid-for-reinfeldt-1.1014042\"> Dagens Nyheter<\/a><\/p>\n<p>L\u00e4s \u00e4ven andra bloggares \u00e5sikter om <a href=\"http:\/\/bloggar.se\/om\/politik\" rel=\"tag\">politik<\/a>, <a href=\"http:\/\/bloggar.se\/om\/klimathotet\" rel=\"tag\">klimathotet<\/a>, <a href=\"http:\/\/bloggar.se\/om\/r%F6dgr%F6na\" rel=\"tag\">r\u00f6dgr\u00f6na<\/a>, <a href=\"http:\/\/bloggar.se\/om\/h%F6gerregeringen\" rel=\"tag\">h\u00f6gerregeringen<\/a>, <a href=\"http:\/\/bloggar.se\/om\/Reinfeldt\" rel=\"tag\">Reinfeldt<\/a>, <a href=\"http:\/\/bloggar.se\/om\/debatt\" rel=\"tag\">debatt<\/a>, <a href=\"http:\/\/bloggar.se\/om\/Mona+Sahlin\" rel=\"tag\">Mona Sahlin<\/a>, <a href=\"http:\/\/bloggar.se\/om\/socialdemokraterna\" rel=\"tag\">socialdemokraterna<\/a>, <a href=\"http:\/\/bloggar.se\/om\/grodor\" rel=\"tag\">grodor<\/a>, <a href=\"http:\/\/bloggar.se\/om\/groda\" rel=\"tag\">groda<\/a><\/p>\n","protected":false},"excerpt":{"rendered":"<p>Om statsminister Fredrik Reinfeldt hade varit Pinochio hade hans n\u00e4sa vuxit s\u00e5 det knakar. Ni vet v\u00e4l: tr\u00e4dockan Pinochios n\u00e4sa v\u00e4xer varje g\u00e5ng han ljuger. I tv h\u00e4romkv\u00e4llen sade Reinfeldt att Mona Sahlin inte har n\u00e5gon politik. Det han sade var en kommentar till att de r\u00f6dgr\u00f6na enligt senaste opinionsunders\u00f6kningen skulle f\u00e5 egen majoritet om [&hellip;]<\/p>\n","protected":false},"author":2,"featured_media":0,"comment_status":"open","ping_status":"open","sticky":false,"template":"","format":"standard","meta":{"_genesis_hide_title":false,"_genesis_hide_breadcrumbs":false,"_genesis_hide_singular_image":false,"_genesis_hide_footer_widgets":false,"_genesis_custom_body_class":"","_genesis_custom_post_class":"","_genesis_layout":"","footnotes":""},"categories":[20],"tags":[],"class_list":{"0":"post-15916","1":"post","2":"type-post","3":"status-publish","4":"format-standard","6":"category-film","7":"entry"},"_links":{"self":[{"href":"https:\/\/kulturbloggen.com\/index.php?rest_route=\/wp\/v2\/posts\/15916","targetHints":{"allow":["GET"]}}],"collection":[{"href":"https:\/\/kulturbloggen.com\/index.php?rest_route=\/wp\/v2\/posts"}],"about":[{"href":"https:\/\/kulturbloggen.com\/index.php?rest_route=\/wp\/v2\/types\/post"}],"author":[{"embeddable":true,"href":"https:\/\/kulturbloggen.com\/index.php?rest_route=\/wp\/v2\/users\/2"}],"replies":[{"embeddable":true,"href":"https:\/\/kulturbloggen.com\/index.php?rest_route=%2Fwp%2Fv2%2Fcomments&post=15916"}],"version-history":[{"count":0,"href":"https:\/\/kulturbloggen.com\/index.php?rest_route=\/wp\/v2\/posts\/15916\/revisions"}],"wp:attachment":[{"href":"https:\/\/kulturbloggen.com\/index.php?rest_route=%2Fwp%2Fv2%2Fmedia&parent=15916"}],"wp:term":[{"taxonomy":"category","embeddable":true,"href":"https:\/\/kulturbloggen.com\/index.php?rest_route=%2Fwp%2Fv2%2Fcategories&post=15916"},{"taxonomy":"post_tag","embeddable":true,"href":"https:\/\/kulturbloggen.com\/index.php?rest_route=%2Fwp%2Fv2%2Ftags&post=15916"}],"curies":[{"name":"wp","href":"https:\/\/api.w.org\/{rel}","templated":true}]}}