{"id":15907,"date":"2009-12-15T15:54:55","date_gmt":"2009-12-15T14:54:55","guid":{"rendered":"http:\/\/kulturbloggen.com\/?p=15907"},"modified":"2009-12-15T15:54:55","modified_gmt":"2009-12-15T14:54:55","slug":"the-xx-flyttar-till-storre-lokaler-i-stockholm","status":"publish","type":"post","link":"https:\/\/kulturbloggen.com\/?p=15907","title":{"rendered":"The XX flyttar till st\u00f6rre lokaler i Stockholm"},"content":{"rendered":"<p><img loading=\"lazy\" decoding=\"async\" src=\"http:\/\/kulturbloggen.com\/wp-content\/uploads\/2009\/12\/thexx-300x166.jpg\" alt=\"thexx\" title=\"thexx\" width=\"300\" height=\"166\" class=\"aligncenter size-medium wp-image-15908\" \/><br \/>\nThe XX spelar i Stockholm den 19 januari. I en liten konsertlokal &#8211; s\u00e5 liten att trycket p\u00e5 biljetter gjort att den nu flyttar till en n\u00e5got st\u00f6rre lokal: Debaser Medis.<br \/>\nMen varf\u00f6r inte till en \u00e4nnu st\u00f6rre lokal?<br \/>\nDet \u00e4r inte f\u00f6rsta g\u00e5ngen under senaste \u00e5ret som stora f\u00f6r tillf\u00e4llet hajpade band bokats i alltf\u00f6r sm\u00e5 lokaler. Ni minns v\u00e4l Glasvegas som bokades till Debaser, liksom Franz Ferdinand?<\/p>\n<p>H\u00e4r pressmeddelandet om flyttningen av The XX spelning:<br \/>\n9 jan &#8211; Stockholm, Debaser Medis<\/p>\n<p>P\u00e5 grund av efterfr\u00e5gan flyttar vi upp The XX till det st\u00f6rre Debaser Medis. Se det som en tidig julklapp fr\u00e5n oss till er. Samtidigt som \u00e5rets mest hypade band hamnar i topp p\u00e5 alla listor \u00f6ver \u00e5rets album sl\u00e4pper vi allts\u00e5 fler biljetter. K\u00f6pta biljetter g\u00e4ller.<br \/>\n\tOM THE XX<br \/>\nL\u00e5ngt ifr\u00e5n landet som bebos av flanellb\u00e4rande g\u00f6kar med autentiskt skogshuggarsk\u00e4gg str\u00e5lar fyra representanter fr\u00e5n det anglikanska samh\u00e4llet samman f\u00f6r att g\u00f6ra musik som best\u00e5r av mer \u00e4n gamla The Byrds -harmonier staplade ovanp\u00e5 varandra. Nej, det \u00e4r mer \u00e4n s\u00e5.<\/p>\n<p>I samma andetag som The xx yppar Rihanna kommer ett eko av Glass Candy s neurotiskt svarta disco. Den \u00f6desm\u00e4ttade pulsen fr\u00e5n trummaskinen ligger som fond f\u00f6r den trubbiga basen och de sparsamt spelade gitarrtonerna. I f\u00f6rgrunden ligger Romy Crofts och Oliver Sims nitton-eller-s\u00e5-\u00e5r unga r\u00f6ster varsamt sammanv\u00e4vda och f\u00f6rmedlar med en charmig och kl\u00e4dsam distr\u00e4het explicita traktat av engelsk betong-realism.<\/p>\n<p>Vi beh\u00f6ver inte de engelska musik-tabloidernas lika vulg\u00e4ra som v\u00e4ntade superlativer f\u00f6r att f\u00f6rst\u00e5 att The xx kommer g\u00f6ra ett avtryck som blir till fossil. Just s\u00e5 bra \u00e4r det. Just s\u00e5 gott \u00e4r det. Just s\u00e5 viktiga \u00e4r de! <\/p>\n<p>The XX p\u00e5 webben:<br \/>\n<a href=\"http:\/\/myspace.com\/thexx\">myspace.com\/thexx<\/a><br \/>\n<a href=\"http:\/\/thexx.info\">thexx.info<\/a><\/p>\n<p><object width=\"560\" height=\"340\"><param name=\"movie\" value=\"http:\/\/www.youtube.com\/v\/Pib8eYDSFEI&#038;hl=sv_SE&#038;fs=1&#038;\"><\/param><param name=\"allowFullScreen\" value=\"true\"><\/param><param name=\"allowscriptaccess\" value=\"always\"><\/param><embed src=\"http:\/\/www.youtube.com\/v\/Pib8eYDSFEI&#038;hl=sv_SE&#038;fs=1&#038;\" type=\"application\/x-shockwave-flash\" allowscriptaccess=\"always\" allowfullscreen=\"true\" width=\"560\" height=\"340\"><\/embed><\/object><\/p>\n<p>L\u00e4s \u00e4ven andra bloggares \u00e5sikter om <a href=\"http:\/\/bloggar.se\/om\/indie\" rel=\"tag\">indie<\/a>, <a href=\"http:\/\/bloggar.se\/om\/alternativ\" rel=\"tag\">alternativ<\/a>, <a href=\"http:\/\/bloggar.se\/om\/konserter\" rel=\"tag\">konserter<\/a>, <a href=\"http:\/\/bloggar.se\/om\/Debaser\" rel=\"tag\">Debaser<\/a>, <a href=\"http:\/\/bloggar.se\/om\/Stockholm\" rel=\"tag\">Stockholm<\/a>, <a href=\"http:\/\/bloggar.se\/om\/The+XX\" rel=\"tag\">The XX<\/a><\/p>\n","protected":false},"excerpt":{"rendered":"<p>The XX spelar i Stockholm den 19 januari. I en liten konsertlokal &#8211; s\u00e5 liten att trycket p\u00e5 biljetter gjort att den nu flyttar till en n\u00e5got st\u00f6rre lokal: Debaser Medis. Men varf\u00f6r inte till en \u00e4nnu st\u00f6rre lokal? Det \u00e4r inte f\u00f6rsta g\u00e5ngen under senaste \u00e5ret som stora f\u00f6r tillf\u00e4llet hajpade band bokats i [&hellip;]<\/p>\n","protected":false},"author":2,"featured_media":0,"comment_status":"open","ping_status":"open","sticky":false,"template":"","format":"standard","meta":{"_genesis_hide_title":false,"_genesis_hide_breadcrumbs":false,"_genesis_hide_singular_image":false,"_genesis_hide_footer_widgets":false,"_genesis_custom_body_class":"","_genesis_custom_post_class":"","_genesis_layout":"","footnotes":""},"categories":[7],"tags":[231,1187,2467,3004,5400],"class_list":{"0":"post-15907","1":"post","2":"type-post","3":"status-publish","4":"format-standard","6":"category-musik","7":"tag-alternativ","8":"tag-debaser","9":"tag-indie","10":"tag-konserter","11":"tag-stockholm","12":"entry"},"_links":{"self":[{"href":"https:\/\/kulturbloggen.com\/index.php?rest_route=\/wp\/v2\/posts\/15907","targetHints":{"allow":["GET"]}}],"collection":[{"href":"https:\/\/kulturbloggen.com\/index.php?rest_route=\/wp\/v2\/posts"}],"about":[{"href":"https:\/\/kulturbloggen.com\/index.php?rest_route=\/wp\/v2\/types\/post"}],"author":[{"embeddable":true,"href":"https:\/\/kulturbloggen.com\/index.php?rest_route=\/wp\/v2\/users\/2"}],"replies":[{"embeddable":true,"href":"https:\/\/kulturbloggen.com\/index.php?rest_route=%2Fwp%2Fv2%2Fcomments&post=15907"}],"version-history":[{"count":0,"href":"https:\/\/kulturbloggen.com\/index.php?rest_route=\/wp\/v2\/posts\/15907\/revisions"}],"wp:attachment":[{"href":"https:\/\/kulturbloggen.com\/index.php?rest_route=%2Fwp%2Fv2%2Fmedia&parent=15907"}],"wp:term":[{"taxonomy":"category","embeddable":true,"href":"https:\/\/kulturbloggen.com\/index.php?rest_route=%2Fwp%2Fv2%2Fcategories&post=15907"},{"taxonomy":"post_tag","embeddable":true,"href":"https:\/\/kulturbloggen.com\/index.php?rest_route=%2Fwp%2Fv2%2Ftags&post=15907"}],"curies":[{"name":"wp","href":"https:\/\/api.w.org\/{rel}","templated":true}]}}