{"id":158959,"date":"2022-10-24T18:13:45","date_gmt":"2022-10-24T16:13:45","guid":{"rendered":"https:\/\/kulturbloggen.com\/?p=158959"},"modified":"2022-10-24T18:19:35","modified_gmt":"2022-10-24T16:19:35","slug":"de-nominerade-till-augustpriset-2022","status":"publish","type":"post","link":"https:\/\/kulturbloggen.com\/?p=158959","title":{"rendered":"De nominerade till Augustpriset 2022"},"content":{"rendered":"<figure id=\"attachment_158963\" aria-describedby=\"caption-attachment-158963\" style=\"width: 650px\" class=\"wp-caption aligncenter\"><img loading=\"lazy\" decoding=\"async\" class=\"size-full wp-image-158963\" src=\"https:\/\/kulturbloggen.com\/wp-content\/uploads\/2022\/10\/unnamed-7-2.jpg\" alt=\"\" width=\"650\" height=\"433\" srcset=\"https:\/\/kulturbloggen.com\/wp-content\/uploads\/2022\/10\/unnamed-7-2.jpg 650w, https:\/\/kulturbloggen.com\/wp-content\/uploads\/2022\/10\/unnamed-7-2-300x200.jpg 300w\" sizes=\"auto, (max-width: 650px) 100vw, 650px\" \/><figcaption id=\"caption-attachment-158963\" class=\"wp-caption-text\"><br \/>Bakre raden fr\u00e5n v\u00e4nster: Andreas Cervenka, Claes Britton, Nina van den Brink, Emma AdB\u00e5ge, Ellen Str\u00f6mberg, Elisabet Ericson, Lina Wolff, Marie Norin, Hans-Gunnar Axberger, Jenny Tunedal, Amat Levin. Mellersta raden fr\u00e5n v\u00e4nster: Iman Mohammed, Erik Svetoft, Henrik Walln\u00e4s, Nora Khalil, Anneli Jordahl. Fr\u00e4mre raden fr\u00e5n v\u00e4nster: Ia Genberg, Maja Larsson, Johannes Anyuru. Ej n\u00e4rvarande: Eva Lindstr\u00f6m. Foto: Andreas Sundbom.<\/figcaption><\/figure>\n<p>Nomineringarna till 2022 \u00e5rs Augustpris har tillk\u00e4nnagivits. Nedan f\u00f6ljer nomineringarna och jurygruppernas motiveringar.<\/p>\n<p><strong>\u00c5rets svenska sk\u00f6nlitter\u00e4ra bok<\/strong><br \/>\n<em>Ixelles, Johannes Anyuru, Norstedts<\/em><br \/>\nFiktiva livs\u00f6den \u00e4r ett kapital som kan styra v\u00e4rlden, medan verkliga m\u00e4nniskor som inget har riskerar att f\u00f6rlora allt \u2013 och g\u00e5 under i bortgl\u00f6mda stadsdelar utan namn. Johannes Anyurus Ixelles \u00e4r en existentiell och poetisk roman om ber\u00e4ttandets g\u00e4ckande makt, och en generation barn som gjorts om\u00f6jliga att s\u00f6rja.<\/p>\n<p><em>Detaljerna, Ia Genberg, Weyler f\u00f6rlag<\/em><br \/>\nI Detaljerna blir en gl\u00f6dande feber en portal till det f\u00f6rflutna och de relationer som en g\u00e5ng betydde allt \u2013 i ett liv som inte l\u00e4ngre finns. Med vemod, precision och l\u00e5gm\u00e4ld humor skriver Ia Genberg fram de sk\u00e4rvor som skapar en m\u00e4nniska, och l\u00e5ter sin r\u00f6st ljuda med omissk\u00e4nnlig klang. I den exakta k\u00e4nslan f\u00f6r de sm\u00e5 detaljerna blir en hel v\u00e4rld levande.<\/p>\n<p><em>Bj\u00f6rnj\u00e4garens d\u00f6ttrar, Anneli Jordahl, Norstedts<\/em><br \/>\nBj\u00f6rnj\u00e4garens d\u00f6ttrar \u00e4r en driven och upprorisk roman om syskonskap, v\u00e5ld och ensamhet. N\u00e4r Anneli Jordahl g\u00e5r i dialog med en finsk klassiker blir sju systrar f\u00f6r\u00e4ldral\u00f6sa och drar till skogs f\u00f6r att \u00f6verleva \u2013 i en kamp mellan natur och kultur, ursprung och civilisation, beg\u00e4r och bildningst\u00f6rst. En vildsint ber\u00e4ttelse om l\u00e4ngtan efter att st\u00e4lla sig utanf\u00f6r samh\u00e4llet, och priset f\u00f6r detta.<\/p>\n<p><em>Minnen av infrar\u00f6d, Iman Mohammed, Norstedts<\/em><br \/>\nDillchips, dadlar och gurkmeja. L\u00e5nga fl\u00e4tor som klipps av. V\u00e5ld som missar \u2013 och tr\u00e4ffar. Genom f\u00f6rt\u00e4tade bilder och spr\u00e5kliga v\u00e4ndningar som f\u00f6ljer minnets egna lagar unders\u00f6ker Iman Mohammeds diktsamling Minnen av infrar\u00f6d det sv\u00e5ra utrymmet mellan spr\u00e5k, kropp och erfarenhet. Explosivt och koncentrerat intas det vardagliga av sm\u00e4rtan, och av det som g\u00e5tt f\u00f6rlorat.<\/p>\n<p><em>Dr\u00f6m, baby, dr\u00f6m, Jenny Tunedal, Wahlstr\u00f6m &amp; Widstrand<\/em><br \/>\nDr\u00f6m, baby, dr\u00f6m \u00e4r en t\u00e4t och infallsrik diktsamling som h\u00e4mtar sin kraft ur grekiska tragedier, psykologiska skattningstabeller och ett sk\u00f6vlat folkhem. Jenny Tunedal talar f\u00f6rlustens spr\u00e5k i ett evigt efter\u00e5t, och dess slitna bilder skiner som nya i en of\u00f6rsonlig och rasande sorges\u00e5ng.<\/p>\n<p><em>Dj\u00e4vulsgreppet, Lina Wolff, Albert Bonniers F\u00f6rlag<\/em><br \/>\nI denna komplexa roman skildrar Lina Wolff en relation d\u00e4r erotik, kontroll och d\u00f6d \u00f6ppnar ett gapande slukh\u00e5l f\u00f6r b\u00e5de huvudperson och l\u00e4sare \u2013 bortom normalitet och galenskap. Med ov\u00e4ntade upptrappningar och skeva dimensioner b\u00e4r Dj\u00e4vulsgreppet p\u00e5 en intensitet som s\u00e4tter sj\u00e4lva verkligheten ur spel.<\/p>\n<p><strong>\u00c5rets svenska fackbok<\/strong><br \/>\n<em>Statsministermordet, Hans-Gunnar Axberger, Norstedts<\/em><br \/>\nMan kan undra om vi beh\u00f6ver \u00e4nnu ett tillskott till den rikliga litteraturen om Palmemordet, men Hans-Gunnar Axberger \u2013 huvudsekreterare i statens granskningskommission \u2013 har snart nog motiverat sitt bidrag. Metodiskt f\u00f6ljer han h\u00e4ndelsef\u00f6rloppet och med det ena exemplet lagt vid det andra styrker han sina b\u00e4rande teser om missk\u00f6tsel, prestigehunger och politisk-taktiska felbeslut. Spr\u00e5ket \u00e4r stramt \u00e5terh\u00e5llet men mellan raderna pyser b\u00e5de vrede och f\u00f6rtvivlan fram.<\/p>\n<p>Jag har torkat nog m\u00e5nga golv. En biografi om Maja Ekel\u00f6f, Nina van den Brink, Norstedts<br \/>\nMaja Ekel\u00f6f, st\u00e4derska och ensamst\u00e5ende fembarnsmor, gjorde succ\u00e9 med sin dagbok Rapport fr\u00e5n en skurhink fr\u00e5n 1970. Nina van den Brink v\u00e4ver skickligt ihop Maja Ekel\u00f6f \u2013 st\u00e4derska, hyllad f\u00f6rfattare, abortf\u00f6respr\u00e5kare och v\u00e4nsteraktivist \u2013 med ber\u00e4ttelser om st\u00e4derskor i sin egen familj. De n\u00e4rg\u00e5ngna beskrivningarna av varje arbetsmoment och dess verkan p\u00e5 kroppen \u00e4r n\u00e4stintill poetiska. Boken \u00e4r lika mycket ett starkt portr\u00e4tt \u00f6ver ett av Sveriges mest gripande f\u00f6rfattarskap som en uppg\u00f6relse med v\u00e4lf\u00e4rdsbygget som inte kom alla till del.<\/p>\n<p><em>Pontus Hult\u00e9n. Den moderna konstens anf\u00f6rare, Claes Britton, Albert Bonniers F\u00f6rlag<\/em><br \/>\nPontus Hult\u00e9n \u00e4r nog idag ok\u00e4nd f\u00f6r de flesta, \u00e4nd\u00e5 var han konstpionj\u00e4ren som under 1960-talet satte Moderna museet p\u00e5 v\u00e4rldskartan. Claes Britton ger i sitt storverk p\u00e5 n\u00e4stan 900 sidor ett nyanserat portr\u00e4tt av den omstridde museimannen. Han vurmade f\u00f6r den moderna konsten och ville g\u00f6ra den tillg\u00e4nglig f\u00f6r alla. Nu f\u00e5r l\u00e4saren sig till livs \u00e4ven en hel del av 1900-talets konsthistoria i denna livliga och underh\u00e5llande biografi.<\/p>\n<p><em>Girig-Sverige. S\u00e5 blev folkhemmet ett paradis f\u00f6r de superrika, Andreas Cervenka, Natur &amp; Kultur<\/em><br \/>\nP\u00e5 bara n\u00e5gra f\u00e5 decennier har Sverige \u00f6vergett folkhemstanken och den gemensamma v\u00e4lf\u00e4rden som sin b\u00e4rande id\u00e9tradition. Fr\u00e5n att ha varit ett av v\u00e4rldens mest j\u00e4mlika l\u00e4nder har Sverige blivit ett land med starkt \u00f6kande klyftor och ett paradis f\u00f6r miljard\u00e4rerna. Med humor, driv och p\u00e5 f\u00e5 l\u00e4ttl\u00e4sta sidor lyckas Andreas Cervenka skriva en bladv\u00e4ndare d\u00e4r han med hj\u00e4lp av en massa siffror f\u00f6rs\u00f6ker f\u00f6rklara vad som egentligen h\u00e4nde med folkhemssverige och dess str\u00e4van efter ekonomisk j\u00e4mlikhet.<\/p>\n<p><em>Kl\u00e4da blodig skjorta. Svenskt barnaf\u00f6dande under 150 \u00e5r, Maja Larsson, Natur &amp; Kultur<\/em><br \/>\nJournalisten Maja Larsson g\u00f6r n\u00e4rmast en id\u00e9historisk odyss\u00e9 genom olika faser i samh\u00e4llets syn p\u00e5 barnaf\u00f6dande. Utifr\u00e5n sin egen sl\u00e4kts erfarenheter tar hon med oss genom 150 \u00e5r av f\u00f6rlossningar \u2013 praktik, teori, attityder, syns\u00e4tt. Sj\u00e4lvl\u00e4rda gummor med p\u00e5st\u00e5dda f\u00f6rbindelser med det \u00f6vernaturliga fasas successivt ut till f\u00f6rm\u00e5n f\u00f6r medicinskt skolade yrkeskvinnor \u2013 dock inte \u00f6ver en natt och inte utan motst\u00e5nd. Med st\u00f6d av rikliga, ibland n\u00e4stan pl\u00e5gsamt detaljerade exempel ur skriftliga k\u00e4llor, skapar Larsson en b\u00e5de r\u00f6rande och uppr\u00f6rande l\u00e4supplevelse.<\/p>\n<p><em>Svart historia, Amat Levin, Natur &amp; Kultur<\/em><br \/>\nI 87 korta, glasklara kapitel tecknar Amat Levin en stor och m\u00e5ngfacetterad bild av Afrika som geografisk, kulturell och politisk kontinent, och \u00e4ven av svarta m\u00e4nniskors liv och g\u00e4rningar i v\u00e4rlden i stort. Det \u00e4r en ber\u00e4ttelse om f\u00f6rtryck, slaveri och kolonialism, men ocks\u00e5 om svarta pionj\u00e4rer och ett synligg\u00f6rande av en f\u00f6rsummad del av v\u00e4rldshistorien. Levins Svart historia \u00e4r p\u00e5 samma g\u00e5ng ett fascinerande historiskt lappt\u00e4cke och ett folkbildningsarbete av stora m\u00e5tt.<\/p>\n<p><strong>\u00c5rets svenska barn- och ungdomsbok<\/strong><br \/>\n<em>S\u00e5ret, Emma AdB\u00e5ge, Rab\u00e9n &amp; Sj\u00f6gren<\/em><br \/>\nAtt ramla och sl\u00e5 sig \u00e4r en stor sak f\u00f6r varje barn. Att dessutom f\u00e5 ett s\u00e5r \u00e4r en katastrof! Men kanske ocks\u00e5 lite\u2026 mysigt? S\u00e4rskilt om man blir buren i kungastol och f\u00e5r exklusivt tilltr\u00e4de till l\u00e4rarrummet. Med psykologisk sk\u00e4rpa och uts\u00f6kta bildkompositioner f\u00e5ngar Emma AdB\u00e5ge allas v\u00e5r l\u00e4ngtan efter att bli uppm\u00e4rksammade och omh\u00e4ndertagna.<\/p>\n<p><em>Yani, Nora Khalil, Natur &amp; Kultur<\/em><br \/>\nSpoken word-poeten Nora Khalil briljerar som romanf\u00f6rfattare i denna Albyskildring f\u00f6r 2020-talet. I de v\u00e4lskrivna dialogerna framtr\u00e4der ett p\u00e4rlband av r\u00f6ster. Ett utvisningsbeslut drar in som ett m\u00f6rkt moln och v\u00e4nskaper f\u00f6rdjupas. Med poetisk pregnans och f\u00f6rl\u00f6sande vass humor navigerar f\u00f6rfattaren skickligt mellan gl\u00e4dje och hudl\u00f6s sorg.<\/p>\n<p><em>Jaga inte oss, Eva Lindstr\u00f6m, Alfabeta<\/em><br \/>\nLugn och ro, det \u00e4r ekorrarnas enkla \u00f6nskan. Men i kraftm\u00e4tningen med j\u00e4garna ser de ut att dra det kortare str\u00e5et. Med skogens gl\u00f6dande h\u00f6stf\u00e4rger som fond, tecknar Eva Lindstr\u00f6m fram bilderboksv\u00e4rldens mest \u00e4lskv\u00e4rda och okuvliga underdogs.<br \/>\nB\u00f6r vi lyssna p\u00e5 dem?<br \/>\nJa.<br \/>\n\u00c4r de coola?<br \/>\nJa.<\/p>\n<p><em>Bettan, Marie Norin &amp; Elisabet Ericson, Alfabeta<\/em><br \/>\nI ber\u00e4ttelsen om den gr\u00e4nsl\u00f6sa Bettan bjuder Marie Norin och Elisabet Ericson p\u00e5 en lyrisk f\u00e4rgexplosion. Med stor humor och underliggande m\u00f6rka str\u00e5k f\u00e5ngar bilderboken skickligt erfarenheten av att tappa bort sig sj\u00e4lv i en relation. Ber\u00e4ttaren blir en tickande bomb som l\u00e4saren med allt starkare medk\u00e4nsla f\u00f6ljer mot den oundvikliga detonationen.<\/p>\n<p><em>Vi ska ju bara cykla f\u00f6rbi, Ellen Str\u00f6mberg, Rab\u00e9n &amp; Sj\u00f6gren och Schildts &amp; S\u00f6derstr\u00f6ms<\/em><br \/>\nLyh\u00f6rt och tr\u00e4ffs\u00e4kert skildras ton\u00e5rens brytningstid d\u00e5 fantasierna om vem man vill vara pl\u00f6tsligt ska oms\u00e4ttas i praktik, d\u00e5 kompisrelationer s\u00e4tts p\u00e5 prov och d\u00e5 den f\u00f6rsta k\u00e4rleken k\u00e4nns b\u00e5de lockande och skr\u00e4mmande. Med st\u00f6rsta respekt f\u00f6r b\u00e5de sina l\u00e4sare och sina karakt\u00e4rer ger Ellen Str\u00f6mberg nytt liv \u00e5t ungdomslitteraturens mest ikoniska motiv.<\/p>\n<p><em>Ingen fara!, Henrik Walln\u00e4s &amp; Erik Svetoft, Lilla Piratf\u00f6rlaget<\/em><br \/>\nEn stadig rytm v\u00e4ver samman text och bild i Henrik Walln\u00e4s och Erik Svetofts sandl\u00e5de\u00e4ventyr. Intrigen f\u00f6rdjupas i takt med att overallerna blir allt lerigare. N\u00e4r rytmen v\u00e4l bryts h\u00e5ller b\u00e5de karakt\u00e4rer och l\u00e4sare andan. H\u00e4r \u00e4r barnen i fokus, sj\u00e4lvklara i sin uppenbarelse och handlingskraft. En sm\u00e5barnsbok som vidgar genren genom att b\u00e5de hylla och utmana dess konventioner. Litet format? Ingen fara! Stor dramatik? Ingen fara!<\/p>\n<p><strong>Nominerade till Lilla Augustpriset<\/strong><br \/>\n<em>D\u00f6den i rom, Ali Alonzo, Stockholm<\/em><br \/>\nVarje ord vibrerar av liv i denna ber\u00e4ttelse om en grupp sexton\u00e5riga svenskar som driver runt mellan kloster och kyrkor i Den eviga staden. Ironiskt nog \u00e4r det just genom att aldrig v\u00e4ja f\u00f6r det fula, det \u00e4ckliga, det trasiga som f\u00f6rfattaren blottl\u00e4gger det vackra i att inte vara som alla andra. En \u00e4ndl\u00f6st fascinerande text.<\/p>\n<p><em>Vykort fr\u00e5n vecka 3, Vanja Jakobsson, Stockholm<\/em><br \/>\nMed hj\u00e4lp av sm\u00e5 h\u00e4ndelser under en veckas stilla lunk \u00e5sk\u00e5dligg\u00f6r skribenten konstfullt hur psykisk oh\u00e4lsa ter sig i vardagen. Det \u00e4r b\u00e5de l\u00e5gm\u00e4lt och expressivt p\u00e5 en och samma g\u00e5ng. Allt ligger i de v\u00e4l utvalda detaljerna.<\/p>\n<p><em>H\u00f6gt gr\u00e4s, Julia Kaplan, Bromma<\/em><br \/>\nRedan fr\u00e5n b\u00f6rjan vet vi att det inte kommer att sluta v\u00e4l, men genom den vibrerande n\u00e4rvaron h\u00e5ller f\u00f6rfattaren l\u00e4saren i ett j\u00e4rngrepp hela v\u00e4gen till den tragiska uppl\u00f6sningen.<\/p>\n<p><em>En bukett med nejlikor, Amelie Tottie Matousek, Stockholm<\/em><br \/>\nMed uts\u00f6kt gestaltning skildrar f\u00f6rfattaren hur livet \u00e4r f\u00f6r de som lever kvar n\u00e4r \u00e4lskade anh\u00f6riga rycks bort eller f\u00f6rsvinner in i demensens dimmor. Den vardagliga k\u00e4rleken som vi alla kan k\u00e4nna igen ger l\u00e4saren tr\u00f6st och tillf\u00f6rsikt.<\/p>\n<p><em>Tankar under p\u00e4rontr\u00e4det, Karna M\u00e5rtensson, Lund<\/em><br \/>\nMed en jagber\u00e4ttares utsiktspunkt fr\u00e5n familjekretsen i en f\u00f6rfallen tr\u00e4dg\u00e5rd gestaltas vackert och psykologiskt \u00f6vertygande en betraktande ung m\u00e4nniskas mognad genom den b\u00e5de pl\u00f6tsliga och gradvisa insikten att \u00e5ldrande och d\u00f6d \u00e4r ofr\u00e5nkomligt i livet.<\/p>\n<p><em>P\u00e5 motorcykeln, alldeles f\u00f6r n\u00e4ra helvetet, Elilia Piotrowska, Bandhagen<\/em><br \/>\nSt\u00e4mningsfullt och dramatiskt beskrivs en \u00f6desm\u00e4ttad afton som inleds i f\u00f6rtvivlan, innan en ov\u00e4ntad hj\u00e4lpare styr ber\u00e4ttelsen mot en strimma av hopp. F\u00f6rt\u00e4tade \u00f6gonblick greppar tag om l\u00e4saren i en text d\u00e4r allt st\u00e5r p\u00e5 spel.<\/p>\n","protected":false},"excerpt":{"rendered":"<p>Nomineringarna till 2022 \u00e5rs Augustpris har tillk\u00e4nnagivits. Nedan f\u00f6ljer nomineringarna och jurygruppernas motiveringar. \u00c5rets svenska sk\u00f6nlitter\u00e4ra bok Ixelles, Johannes Anyuru, Norstedts Fiktiva livs\u00f6den \u00e4r ett kapital som kan styra v\u00e4rlden, medan verkliga m\u00e4nniskor som inget har riskerar att f\u00f6rlora allt \u2013 och g\u00e5 under i bortgl\u00f6mda stadsdelar utan namn. Johannes Anyurus Ixelles \u00e4r en existentiell [&hellip;]<\/p>\n","protected":false},"author":13,"featured_media":0,"comment_status":"closed","ping_status":"closed","sticky":false,"template":"","format":"standard","meta":{"_genesis_hide_title":false,"_genesis_hide_breadcrumbs":false,"_genesis_hide_singular_image":false,"_genesis_hide_footer_widgets":false,"_genesis_custom_body_class":"","_genesis_custom_post_class":"","_genesis_layout":"","footnotes":""},"categories":[3,13624],"tags":[],"class_list":{"0":"post-158959","1":"post","2":"type-post","3":"status-publish","4":"format-standard","6":"category-litteratur","7":"category-toppnytt","8":"entry"},"_links":{"self":[{"href":"https:\/\/kulturbloggen.com\/index.php?rest_route=\/wp\/v2\/posts\/158959","targetHints":{"allow":["GET"]}}],"collection":[{"href":"https:\/\/kulturbloggen.com\/index.php?rest_route=\/wp\/v2\/posts"}],"about":[{"href":"https:\/\/kulturbloggen.com\/index.php?rest_route=\/wp\/v2\/types\/post"}],"author":[{"embeddable":true,"href":"https:\/\/kulturbloggen.com\/index.php?rest_route=\/wp\/v2\/users\/13"}],"replies":[{"embeddable":true,"href":"https:\/\/kulturbloggen.com\/index.php?rest_route=%2Fwp%2Fv2%2Fcomments&post=158959"}],"version-history":[{"count":9,"href":"https:\/\/kulturbloggen.com\/index.php?rest_route=\/wp\/v2\/posts\/158959\/revisions"}],"predecessor-version":[{"id":158971,"href":"https:\/\/kulturbloggen.com\/index.php?rest_route=\/wp\/v2\/posts\/158959\/revisions\/158971"}],"wp:attachment":[{"href":"https:\/\/kulturbloggen.com\/index.php?rest_route=%2Fwp%2Fv2%2Fmedia&parent=158959"}],"wp:term":[{"taxonomy":"category","embeddable":true,"href":"https:\/\/kulturbloggen.com\/index.php?rest_route=%2Fwp%2Fv2%2Fcategories&post=158959"},{"taxonomy":"post_tag","embeddable":true,"href":"https:\/\/kulturbloggen.com\/index.php?rest_route=%2Fwp%2Fv2%2Ftags&post=158959"}],"curies":[{"name":"wp","href":"https:\/\/api.w.org\/{rel}","templated":true}]}}