{"id":158843,"date":"2022-10-22T07:28:49","date_gmt":"2022-10-22T05:28:49","guid":{"rendered":"https:\/\/kulturbloggen.com\/?p=158843"},"modified":"2022-10-22T07:28:50","modified_gmt":"2022-10-22T05:28:50","slug":"lyssna-david-urwitz-som-om-inget-hade-hant","status":"publish","type":"post","link":"https:\/\/kulturbloggen.com\/?p=158843","title":{"rendered":"Lyssna: David Urwitz &#8211; Som om inget hade h\u00e4nt"},"content":{"rendered":"<figure id=\"attachment_158848\" aria-describedby=\"caption-attachment-158848\" style=\"width: 650px\" class=\"wp-caption aligncenter\"><img loading=\"lazy\" decoding=\"async\" class=\"size-full wp-image-158848\" src=\"https:\/\/kulturbloggen.com\/wp-content\/uploads\/2022\/10\/unnamed-3-3.jpg\" alt=\"\" width=\"650\" height=\"366\" srcset=\"https:\/\/kulturbloggen.com\/wp-content\/uploads\/2022\/10\/unnamed-3-3.jpg 650w, https:\/\/kulturbloggen.com\/wp-content\/uploads\/2022\/10\/unnamed-3-3-300x169.jpg 300w\" sizes=\"auto, (max-width: 650px) 100vw, 650px\" \/><figcaption id=\"caption-attachment-158848\" class=\"wp-caption-text\">David Urwitz &#8211; foto: Johannes Berner<\/figcaption><\/figure>\n<p>David Urwitz har sl\u00e4ppt albumet Som om inget hade h\u00e4nt. Det \u00e4r drygt fyra \u00e5r sedan hans senaste album. Som om inget hade h\u00e4nt \u00e4r David Urwitz \u00e5ttonde skiva.<\/p>\n<p>Han skriver om albumet:<br \/>\n<em>Fyra underliga \u00e5r.<br \/>\nSkivan \u00e4r p\u00e5 m\u00e5nga s\u00e4tt pr\u00e4glad av den dystopiska st\u00e4mning som varit n\u00e4rvarande den h\u00e4r tiden.<br \/>\nSj\u00e4lvklart visste jag inte att det skulle bli krig i Europa och vissa l\u00e5tar \u00e4r ocks\u00e5 skrivna l\u00e5ngt innan pandemin men k\u00e4nslan n\u00e4r jag sj\u00e4lv lyssnade igenom albumet nu i veckan var att jag n\u00e4stan undrade om jag k\u00e4nde p\u00e5 mig vart allt var p\u00e5 v\u00e4g. Men det gjorde jag ju inte.<br \/>\nAtt tro n\u00e5got s\u00e5dan vore ju snudd p\u00e5 helkn\u00e4ppt.<br \/>\nDet blev en sk\u00f6r och vemodig skiva. Den \u00e4r allvarlig. Men f\u00f6rhoppningsvis ocks\u00e5 full av f\u00f6rtr\u00f6stan och hopp.<\/em><\/p>\n<p><iframe loading=\"lazy\" style=\"border-radius:12px\" src=\"https:\/\/open.spotify.com\/embed\/album\/2uh8AhgpB1JPSErO5UGJ5S?utm_source=generator\" width=\"100%\" height=\"380\" frameborder=\"0\" allowfullscreen=\"\" allow=\"autoplay; clipboard-write; encrypted-media; fullscreen; picture-in-picture\"><\/iframe><\/p>\n","protected":false},"excerpt":{"rendered":"<p>David Urwitz har sl\u00e4ppt albumet Som om inget hade h\u00e4nt. Det \u00e4r drygt fyra \u00e5r sedan hans senaste album. Som om inget hade h\u00e4nt \u00e4r David Urwitz \u00e5ttonde skiva. Han skriver om albumet: Fyra underliga \u00e5r. Skivan \u00e4r p\u00e5 m\u00e5nga s\u00e4tt pr\u00e4glad av den dystopiska st\u00e4mning som varit n\u00e4rvarande den h\u00e4r tiden. Sj\u00e4lvklart visste jag [&hellip;]<\/p>\n","protected":false},"author":13,"featured_media":0,"comment_status":"closed","ping_status":"closed","sticky":false,"template":"","format":"standard","meta":{"_genesis_hide_title":false,"_genesis_hide_breadcrumbs":false,"_genesis_hide_singular_image":false,"_genesis_hide_footer_widgets":false,"_genesis_custom_body_class":"","_genesis_custom_post_class":"","_genesis_layout":"","footnotes":""},"categories":[7,13624],"tags":[],"class_list":{"0":"post-158843","1":"post","2":"type-post","3":"status-publish","4":"format-standard","6":"category-musik","7":"category-toppnytt","8":"entry"},"_links":{"self":[{"href":"https:\/\/kulturbloggen.com\/index.php?rest_route=\/wp\/v2\/posts\/158843","targetHints":{"allow":["GET"]}}],"collection":[{"href":"https:\/\/kulturbloggen.com\/index.php?rest_route=\/wp\/v2\/posts"}],"about":[{"href":"https:\/\/kulturbloggen.com\/index.php?rest_route=\/wp\/v2\/types\/post"}],"author":[{"embeddable":true,"href":"https:\/\/kulturbloggen.com\/index.php?rest_route=\/wp\/v2\/users\/13"}],"replies":[{"embeddable":true,"href":"https:\/\/kulturbloggen.com\/index.php?rest_route=%2Fwp%2Fv2%2Fcomments&post=158843"}],"version-history":[{"count":8,"href":"https:\/\/kulturbloggen.com\/index.php?rest_route=\/wp\/v2\/posts\/158843\/revisions"}],"predecessor-version":[{"id":158864,"href":"https:\/\/kulturbloggen.com\/index.php?rest_route=\/wp\/v2\/posts\/158843\/revisions\/158864"}],"wp:attachment":[{"href":"https:\/\/kulturbloggen.com\/index.php?rest_route=%2Fwp%2Fv2%2Fmedia&parent=158843"}],"wp:term":[{"taxonomy":"category","embeddable":true,"href":"https:\/\/kulturbloggen.com\/index.php?rest_route=%2Fwp%2Fv2%2Fcategories&post=158843"},{"taxonomy":"post_tag","embeddable":true,"href":"https:\/\/kulturbloggen.com\/index.php?rest_route=%2Fwp%2Fv2%2Ftags&post=158843"}],"curies":[{"name":"wp","href":"https:\/\/api.w.org\/{rel}","templated":true}]}}