{"id":15874,"date":"2009-12-14T19:41:12","date_gmt":"2009-12-14T18:41:12","guid":{"rendered":"http:\/\/kulturbloggen.com\/?p=15874"},"modified":"2009-12-14T19:41:12","modified_gmt":"2009-12-14T18:41:12","slug":"%e2%80%9dhit-the-production%e2%80%9d-cop15-klimatfangelset","status":"publish","type":"post","link":"https:\/\/kulturbloggen.com\/?p=15874","title":{"rendered":"\u201dHit the production\u201d COP15 &#8211; Klimatf\u00e4ngelset"},"content":{"rendered":"<p><img loading=\"lazy\" decoding=\"async\" src=\"http:\/\/kulturbloggen.com\/wp-content\/uploads\/2009\/12\/klimatbild-300x230.jpg\" alt=\"klimatbild\" title=\"klimatbild\" width=\"300\" height=\"230\" class=\"aligncenter size-medium wp-image-15876\" \/> <\/p>\n<p>Just nu \u00e4r det mycket nollnolltal och klimatuppg\u00f6relser. Och vrede i solsken, med frostblandat regn. Varje g\u00e5ng jag rundar h\u00f6rnet vid Istedgade\/Olle Krabbes Pladts i centrala K\u00f6penhamn k\u00e4nner jag sp\u00e5r av den k\u00e4nslan. Jag har sv\u00e5rt f\u00f6r porrdistriktet l\u00e4ngs med Istedgade. Det borde st\u00e4ndigt vila en isande kyla \u00f6ver K\u00f6penhamn, det g\u00e5r inte att acceptera faktumet att vissa m\u00e4nniskor m\u00e5ste s\u00e4lja sig sj\u00e4lva f\u00f6r att \u00f6verleva. N\u00e4r jag i s\u00f6ndags passerade Istedgade var jag inte r\u00e4dd. Hela K\u00f6penhamn tindrade, inte i juleljus, solen sken. <\/p>\n<p>M\u00e5nga m\u00e4nniskor hade samlats f\u00f6r att visa sin vrede mot v\u00e4rldens klimat-connoisseurer och solen backade upp folkmassan. Utanf\u00f6r \u00d6sterports t\u00e5gstation stoppades demonstrationen. V\u00e4lk\u00e4nda flaggor med symbolen f\u00f6r \u203a\u203aAtomkraft: Nej tack\u2039\u2039 lyste i solskenet. Jag tror att det m\u00e4nniskorna f\u00f6rs\u00f6kte g\u00f6ra var att genomf\u00f6ra aktionen \u201dHit the production\u201d och ett led i f\u00f6rs\u00f6ken att s\u00e4ga sin mening om de p\u00e5g\u00e5ende klimatf\u00f6rhandlingarna. Den danska polisen v\u00e4ckte den sedvanliga vreden med nya massgripanden. I s\u00f6ndags bevittnade jag hur polisen avbr\u00f6t en demonstration utan att n\u00e5got hade h\u00e4nt. Enligt DN var det en grupp m\u00e4nniskor som bara gick och yttrade sin mening. Totalt f\u00f6rdes \u00f6ver 1000 personer under helgen till \u201dklimatf\u00e4ngelset\u201d, de provisoriska arrestlokalerna som byggts upp f\u00f6r att t\u00e4cka det s\u00e5 kallade behovet. <\/p>\n<p>Poliserna var allts\u00e5 ganska beredda. Den d\u00e4r kanoniserade tanken om var civilisationernas kamp utspelar sig har nog aldrig tidigare ber\u00f6rt mig. H\u00e4r, och ingen annanstans. Det m\u00e4nniskorna f\u00f6rs\u00f6kte g\u00f6ra var att delta. K\u00e4nns som om den deltagande demokratin mattas av, oavsett vilken sida vi st\u00e5r p\u00e5. Allt handlar om stormakternas n\u00e4rvaro. V\u00e4rldens st\u00f6rsta toppm\u00f6te kanske bara \u00e4r tillg\u00e4ngligt f\u00f6r klimat-connoisseurer med USA och Kinas m\u00e5tt. Vem ska strategiskt leda upptrappningen om att stormakterna inte kan f\u00f6rbise nationer med mindre makt? Vad kr\u00e4vs f\u00f6r att det delade inflytandet ska runda av detta decennium och ordna lite mer global win-win? Det \u00e4r fortfarande oklart om n\u00e4r USA:s president Barak Obama landar i K\u00f6penhamn. <\/p>\n<p>Hoppas att fredspristagaren intar scenen som ett lejon, som \u00e4r sugen p\u00e5 vegetarisk mat. Det \u00e4r n\u00e4mligen b\u00e4ttre att delta och avst\u00e5 sina klimatkalorier \u00e4n att ta t\u00e4ten i klimatspelet. Det vore ett lyckligt slut att f\u00e5 se ett dugligt och r\u00e4ttvist avtal. Hoppas ocks\u00e5 att Obama kommer k\u00e4nna vreden. En l\u00e5ng tid efter skymning.<\/p>\n<p><strong>Text:<br \/>\nMaria Georgieva <\/p>\n<p>Maria Georgieva \u00e4r skribent och filmare. Just nu &#8211; masterstudent i strategisk kommunikation och finns p\u00e5 produktionsbolaget Atmo. I begynnelsen skrev hon f\u00f6r papperstidningen Cinema och har arbetat med filmdistribution p\u00e5 Stockholms filmfestival. En g\u00e5ng blev hon fil. mag i filmvetenskap och medie-och kommunikationsvetenskap med magisteruppsatsen \u203a\u203aKulturpolitiska visioner p\u00e5 nollnolltalet: Film-Sverige i f\u00f6r\u00e4ndring\u2039\u2039.<\/strong><\/p>\n<p>Relaterat:<br \/>\n<a href=\"http:\/\/www.dn.se\/nyheter\/klimatmotet\/forhandlingarna-aterupptagna-men-parterna-annu-oeniga-1.1013802\">Dagens Nyheter 1<\/a>, <a href=\"http:\/\/www.dn.se\/nyheter\/klimatmotet\/fortsatta-demonstrationer-i-kopenhamn-1.1013467\">Dagens Nyheter 2<\/a>, <a href=\"http:\/\/www.dn.se\/nyheter\/klimatmotet\/cop15-kan-bli-varldens-storsta-toppmote-1.1013555\">Dagens Nyheter 3<\/a>, <a href=\"http:\/\/www.svd.se\/nyheter\/inrikes\/miljominister-andreas-carlgren-om-splittringen-pa-klimatmotet-i-kopenhamn_3939225.svd\">Svenska Dagbladet<\/a>.<\/p>\n<p>Fler bloggar om klimatm\u00f6tet: <a href=\"http:\/\/rodamalmo.blogspot.com\/2009\/12\/utvecklingslander-marscherade-ut.html\">R\u00f6da Malm\u00f6<\/a>, <a href=\"http:\/\/mengstrom.blogspot.com\/2009\/12\/skrota-inte-kyotoprotokollet.html\">Mats Engstr\u00f6m<\/a>, <a href=\"http:\/\/thecautionaryrevelation.blogspot.com\/2009\/12\/icky-and-sticky.html\">The Cautinary Revelation<\/a> och <a href=\"http:\/\/oscarfredriksson.centerpartiet.net\/2009\/12\/14\/klimatforhandlingarna-ar-en-skam\/\">Oscar Fredriksson<\/a>.<\/p>\n<p>L\u00e4s \u00e4ven andra bloggares \u00e5sikter om <a href=\"http:\/\/bloggar.se\/om\/klimathotet\" rel=\"tag\">klimathotet<\/a>, <a href=\"http:\/\/bloggar.se\/om\/K%F6penhamn\" rel=\"tag\">K\u00f6penhamn<\/a>, <a href=\"http:\/\/bloggar.se\/om\/politik\" rel=\"tag\">politik<\/a>, <a href=\"http:\/\/bloggar.se\/om\/globalt\" rel=\"tag\">globalt<\/a>, <a href=\"http:\/\/bloggar.se\/om\/klimat\" rel=\"tag\">klimat<\/a>, <a href=\"http:\/\/bloggar.se\/om\/milj%F6\" rel=\"tag\">milj\u00f6<\/a>, <a href=\"http:\/\/bloggar.se\/om\/klimatf%F6r%E4ndringar\" rel=\"tag\">klimatf\u00f6r\u00e4ndringar<\/a>, <a href=\"http:\/\/bloggar.se\/om\/Obama\" rel=\"tag\">Obama<\/a><\/p>\n","protected":false},"excerpt":{"rendered":"<p>Just nu \u00e4r det mycket nollnolltal och klimatuppg\u00f6relser. Och vrede i solsken, med frostblandat regn. Varje g\u00e5ng jag rundar h\u00f6rnet vid Istedgade\/Olle Krabbes Pladts i centrala K\u00f6penhamn k\u00e4nner jag sp\u00e5r av den k\u00e4nslan. Jag har sv\u00e5rt f\u00f6r porrdistriktet l\u00e4ngs med Istedgade. Det borde st\u00e4ndigt vila en isande kyla \u00f6ver K\u00f6penhamn, det g\u00e5r inte att acceptera [&hellip;]<\/p>\n","protected":false},"author":13,"featured_media":0,"comment_status":"open","ping_status":"open","sticky":false,"template":"","format":"standard","meta":{"_genesis_hide_title":false,"_genesis_hide_breadcrumbs":false,"_genesis_hide_singular_image":false,"_genesis_hide_footer_widgets":false,"_genesis_custom_body_class":"","_genesis_custom_post_class":"","_genesis_layout":"","footnotes":""},"categories":[20],"tags":[2021,2956,3187,12284],"class_list":{"0":"post-15874","1":"post","2":"type-post","3":"status-publish","4":"format-standard","6":"category-film","7":"tag-globalt","8":"tag-klimathotet","9":"tag-kopenhamn","10":"tag-politik","11":"entry"},"_links":{"self":[{"href":"https:\/\/kulturbloggen.com\/index.php?rest_route=\/wp\/v2\/posts\/15874","targetHints":{"allow":["GET"]}}],"collection":[{"href":"https:\/\/kulturbloggen.com\/index.php?rest_route=\/wp\/v2\/posts"}],"about":[{"href":"https:\/\/kulturbloggen.com\/index.php?rest_route=\/wp\/v2\/types\/post"}],"author":[{"embeddable":true,"href":"https:\/\/kulturbloggen.com\/index.php?rest_route=\/wp\/v2\/users\/13"}],"replies":[{"embeddable":true,"href":"https:\/\/kulturbloggen.com\/index.php?rest_route=%2Fwp%2Fv2%2Fcomments&post=15874"}],"version-history":[{"count":0,"href":"https:\/\/kulturbloggen.com\/index.php?rest_route=\/wp\/v2\/posts\/15874\/revisions"}],"wp:attachment":[{"href":"https:\/\/kulturbloggen.com\/index.php?rest_route=%2Fwp%2Fv2%2Fmedia&parent=15874"}],"wp:term":[{"taxonomy":"category","embeddable":true,"href":"https:\/\/kulturbloggen.com\/index.php?rest_route=%2Fwp%2Fv2%2Fcategories&post=15874"},{"taxonomy":"post_tag","embeddable":true,"href":"https:\/\/kulturbloggen.com\/index.php?rest_route=%2Fwp%2Fv2%2Ftags&post=15874"}],"curies":[{"name":"wp","href":"https:\/\/api.w.org\/{rel}","templated":true}]}}