{"id":158673,"date":"2022-10-18T17:51:36","date_gmt":"2022-10-18T15:51:36","guid":{"rendered":"https:\/\/kulturbloggen.com\/?p=158673"},"modified":"2022-10-18T17:51:37","modified_gmt":"2022-10-18T15:51:37","slug":"lyssna-emil-jensen-tiger","status":"publish","type":"post","link":"https:\/\/kulturbloggen.com\/?p=158673","title":{"rendered":"Lyssna: Emil Jensen &#8211; Tiger"},"content":{"rendered":"<p><img loading=\"lazy\" decoding=\"async\" class=\"aligncenter size-full wp-image-158678\" src=\"https:\/\/kulturbloggen.com\/wp-content\/uploads\/2022\/10\/unnamed-3-2.jpg\" alt=\"\" width=\"650\" height=\"366\" srcset=\"https:\/\/kulturbloggen.com\/wp-content\/uploads\/2022\/10\/unnamed-3-2.jpg 650w, https:\/\/kulturbloggen.com\/wp-content\/uploads\/2022\/10\/unnamed-3-2-300x169.jpg 300w\" sizes=\"auto, (max-width: 650px) 100vw, 650px\" \/><\/p>\n<p>Emil Jensen som \u00e4r aktuell med turn\u00e9n &#8221;\u00c4n susar skogen&#8221; har sl\u00e4ppt singeln &#8221;Tiger&#8221;.<\/p>\n<p>Ett pressmail ber\u00e4ttar om turn\u00e9n och singeln:<br \/>\nfter sommarens succ\u00e9 med Cykelturn\u00e9n \u00e4r det dags f\u00f6r t\u00e5gturn\u00e9 med den nya f\u00f6rest\u00e4llningen &#8221;\u00c4n susar skogen&#8221;. Nu med orkester och med Vera Vinter &amp; Hanna Ekstr\u00f6m som f\u00f6rband.<\/p>\n<p>Emil Jensen gjorde en av sommarens mest uppm\u00e4rksammade och hyllade turn\u00e9er n\u00e4r han gick fr\u00e5n ord till handling och genomf\u00f6rde hela sin sommarturn\u00e9 per cykel \u2013 400 mil och 37 spelningar runt om i Sverige. Varje meter per cykel, som en personlig och konkret manifestation f\u00f6r klimatet. Nu i h\u00f6st blir det t\u00e5get fr\u00e5n Malm\u00f6 i s\u00f6der till Ume\u00e5 i norr med nya f\u00f6rest\u00e4llningen \u201d\u00c4n susar skogen\u201d om biologisk m\u00e5ngfald och det snillrika livet p\u00e5 jorden.<\/p>\n<p><em>\u2013 Bland alla larmrapporter beh\u00f6ver vi en p\u00e5minnelserapport om det fantastiska liv vi har, om den planet som vi s\u00e5 g\u00e4rna vill ha kvar, s\u00e5 vi inte gl\u00f6mmer vad det \u00e4r vi k\u00e4mpar f\u00f6r. Detta \u00e4r min hyllning till alla livsformer som inte har n\u00e5gon r\u00f6st, till alla som \u00e4nnu inte f\u00f6tts,<\/em> s\u00e4ger Emil sj\u00e4lv om f\u00f6rest\u00e4llningen.<\/p>\n<p>Emil har rosats f\u00f6r sina Sommarprat och Vinterprat i radio och hans liveframtr\u00e4danden har beskrivits som just sommarprat p\u00e5 scen, d\u00e4r hans l\u00e5tskatt varvas med personliga ber\u00e4ttelser, lyrik och komik.<\/p>\n<p>Det blir helaftonsf\u00f6rest\u00e4llning i tv\u00e5 akter om tr\u00e4den, haven, floderna, svamparna och m\u00e4nniskodjuret. \u2013 Min f\u00f6rhoppning \u00e4r att gjuta lite mod, tr\u00f6st och handlingskraft i en m\u00f6rk tid. N\u00e4r pandemier, krig och klimatkriser avl\u00f6ser varandra \u00e4r det viktigare \u00e4n n\u00e5gonsin att v\u00e5ga t\u00e4nka l\u00e5ngsiktigt och agera nu. Milj\u00f6engagemanget har g\u00e5tt som en gr\u00f6n tr\u00e5d genom Emils liv som b\u00e5de artist och aktivist.<\/p>\n<p>Emil Jensen om singeln \u201dTiger\u201d:<br \/>\n<em>\u2013 Senaste \u00e5ret har det blivit tydligare \u00e4n <em>n\u00e5gonsin<\/em> f\u00f6r mig hur fred p\u00e5 jorden f\u00f6ruts\u00e4tter fred med jorden. Hur v\u00e5rt fossilberoende st\u00e5r i v\u00e4gen f\u00f6r just freden. Hur konflikterna p\u00e5 v\u00e5r planet handlar om resurser \u2013 inte bara mellan nationer, utan ocks\u00e5 i hur vi ska leva v\u00e5ra civiliserade liv utan att utrota andra arter. I somras, innan jag cyklade iv\u00e4g p\u00e5 turn\u00e9n med min f\u00f6rest\u00e4llning \u201d\u00c4n susar skogen\u201d om just biologisk m\u00e5ngfald, spelade jag in den h\u00e4r melodin i Studio Rymden. En liten ber\u00e4ttelse som ocks\u00e5 sammanfattar det kritiska l\u00e4get, riskerna och chanserna.<\/em><\/p>\n<p><em>P\u00e5 cello, fiol och altfiol h\u00f6rs Anna Dager och Hanna Ekstr\u00f6m fr\u00e5n Stockholm Strings, p\u00e5 trombon Staffan Findin, trummar g\u00f6r Magnus Olsson och bas spelar Daniel Bengtson.<\/em><\/p>\n<p><em>Sj\u00e4lv spelar jag piano och sjunger, tillsammans med Vera Vinter och Hanna Ekstr\u00f6m.<\/em><\/p>\n<p><strong>Turn\u00e9plan:<\/strong><br \/>\n26-okt Stockholm, Cirkus<br \/>\n29-okt Malm\u00f6 Live<br \/>\n11-nov G\u00f6teborg, Stora teatern<br \/>\n12-nov G\u00f6teborg, Stora teatern<br \/>\n13-nov G\u00f6teborg, Stora teatern<br \/>\n19-nov Kristianstad, Kulturkvarteret<br \/>\n25-nov Lund, Stadsteatern<br \/>\n01-dec \u00d6stersund, Storsj\u00f6teatern<br \/>\n02-dec Ume\u00e5, Idunteatern<br \/>\n03-dec Sundsvalls teater<\/p>\n<p><iframe loading=\"lazy\" style=\"border-radius: 12px;\" src=\"https:\/\/open.spotify.com\/embed\/album\/59ZlDCibXTMeACy0RPdjVe?utm_source=generator\" width=\"100%\" height=\"380\" frameborder=\"0\" allowfullscreen=\"allowfullscreen\"><\/iframe><\/p>\n","protected":false},"excerpt":{"rendered":"<p>Emil Jensen som \u00e4r aktuell med turn\u00e9n &#8221;\u00c4n susar skogen&#8221; har sl\u00e4ppt singeln &#8221;Tiger&#8221;. Ett pressmail ber\u00e4ttar om turn\u00e9n och singeln: fter sommarens succ\u00e9 med Cykelturn\u00e9n \u00e4r det dags f\u00f6r t\u00e5gturn\u00e9 med den nya f\u00f6rest\u00e4llningen &#8221;\u00c4n susar skogen&#8221;. Nu med orkester och med Vera Vinter &amp; Hanna Ekstr\u00f6m som f\u00f6rband. Emil Jensen gjorde en av [&hellip;]<\/p>\n","protected":false},"author":13,"featured_media":0,"comment_status":"closed","ping_status":"closed","sticky":false,"template":"","format":"standard","meta":{"_genesis_hide_title":false,"_genesis_hide_breadcrumbs":false,"_genesis_hide_singular_image":false,"_genesis_hide_footer_widgets":false,"_genesis_custom_body_class":"","_genesis_custom_post_class":"","_genesis_layout":"","footnotes":""},"categories":[7,13624],"tags":[],"class_list":{"0":"post-158673","1":"post","2":"type-post","3":"status-publish","4":"format-standard","6":"category-musik","7":"category-toppnytt","8":"entry"},"_links":{"self":[{"href":"https:\/\/kulturbloggen.com\/index.php?rest_route=\/wp\/v2\/posts\/158673","targetHints":{"allow":["GET"]}}],"collection":[{"href":"https:\/\/kulturbloggen.com\/index.php?rest_route=\/wp\/v2\/posts"}],"about":[{"href":"https:\/\/kulturbloggen.com\/index.php?rest_route=\/wp\/v2\/types\/post"}],"author":[{"embeddable":true,"href":"https:\/\/kulturbloggen.com\/index.php?rest_route=\/wp\/v2\/users\/13"}],"replies":[{"embeddable":true,"href":"https:\/\/kulturbloggen.com\/index.php?rest_route=%2Fwp%2Fv2%2Fcomments&post=158673"}],"version-history":[{"count":8,"href":"https:\/\/kulturbloggen.com\/index.php?rest_route=\/wp\/v2\/posts\/158673\/revisions"}],"predecessor-version":[{"id":158684,"href":"https:\/\/kulturbloggen.com\/index.php?rest_route=\/wp\/v2\/posts\/158673\/revisions\/158684"}],"wp:attachment":[{"href":"https:\/\/kulturbloggen.com\/index.php?rest_route=%2Fwp%2Fv2%2Fmedia&parent=158673"}],"wp:term":[{"taxonomy":"category","embeddable":true,"href":"https:\/\/kulturbloggen.com\/index.php?rest_route=%2Fwp%2Fv2%2Fcategories&post=158673"},{"taxonomy":"post_tag","embeddable":true,"href":"https:\/\/kulturbloggen.com\/index.php?rest_route=%2Fwp%2Fv2%2Ftags&post=158673"}],"curies":[{"name":"wp","href":"https:\/\/api.w.org\/{rel}","templated":true}]}}