{"id":158668,"date":"2022-10-18T17:40:49","date_gmt":"2022-10-18T15:40:49","guid":{"rendered":"https:\/\/kulturbloggen.com\/?p=158668"},"modified":"2022-10-18T17:40:50","modified_gmt":"2022-10-18T15:40:50","slug":"film-och-tv-branschen-efterlyser-samordning-mellan-kultur-och-naring","status":"publish","type":"post","link":"https:\/\/kulturbloggen.com\/?p=158668","title":{"rendered":"Film- och tv-branschen efterlyser samordning mellan kultur och n\u00e4ring"},"content":{"rendered":"<p>Film- och tv-branschen om nya regeringen: \u201dEfterlyser samordning mellan kultur och n\u00e4ring\u201d.<\/p>\n<p>I ett pressmeddelande skriver Film och tv-producenterna:<br \/>\nIdag presenterades statsminister Ulf Kristerssons nya regering. \u201dDet \u00e4r viktigt att det sker en samordning mellan de nya statsr\u00e5den inom kultur och n\u00e4ring\u201d, s\u00e4ger Film&amp;TV-Producenternas ordf\u00f6rande Eva Hamilton.<\/p>\n<p>Idag presenterades statsr\u00e5den i Ulf Kristerssons nya regering. Ny kulturminister blir Parisa Liljestrand.<\/p>\n<p>\u201dDen nya kulturministern beh\u00f6ver snabbt s\u00e4tta sig in i digitaliseringens effekter f\u00f6r film och tv-marknaden. Utvecklingen inneb\u00e4r stora m\u00f6jligheter men det finns \u00e4ven utmaningar. Hur ska framtidens filmpolitik utformas och finansieras? Hur s\u00e4kras arml\u00e4ngds avst\u00e5nd? Det \u00e4r ocks\u00e5 helt centralt f\u00f6r branschen att ett starkt och brett public service v\u00e4rnas, s\u00e4ger branschorganisationen Film&amp;TV-Producenternas ordf\u00f6rande Eva Hamilton.<\/p>\n<p>Eva Hamilton efterlyser \u00e4ven samordning mellan kulturministern och nya energi- och n\u00e4ringsministern Ebba Busch.<\/p>\n<p>\u201dFilm och tv \u00e4r en viktig n\u00e4ring som skapar jobb och som v\u00e4xer med digitaliseringen. Vi hoppas p\u00e5 en h\u00f6jning av produktionsincitamentet till 300 miljoner kronor enligt utredningsf\u00f6rslaget fr\u00e5n Tillv\u00e4xtverket, s\u00e5 att fler produktioner kan spelas in i Sverige. Vi ser \u00e4ven fram emot en dialog med nya n\u00e4ringsministern om m\u00f6jligheterna med den nya nationella strategin f\u00f6r kreativa branscher som just nu \u00e4r ute p\u00e5 remiss, s\u00e4ger Eva Hamilton.<\/p>\n","protected":false},"excerpt":{"rendered":"<p>Film- och tv-branschen om nya regeringen: \u201dEfterlyser samordning mellan kultur och n\u00e4ring\u201d. I ett pressmeddelande skriver Film och tv-producenterna: Idag presenterades statsminister Ulf Kristerssons nya regering. \u201dDet \u00e4r viktigt att det sker en samordning mellan de nya statsr\u00e5den inom kultur och n\u00e4ring\u201d, s\u00e4ger Film&amp;TV-Producenternas ordf\u00f6rande Eva Hamilton. Idag presenterades statsr\u00e5den i Ulf Kristerssons nya regering. [&hellip;]<\/p>\n","protected":false},"author":13,"featured_media":0,"comment_status":"closed","ping_status":"closed","sticky":false,"template":"","format":"standard","meta":{"_genesis_hide_title":false,"_genesis_hide_breadcrumbs":false,"_genesis_hide_singular_image":false,"_genesis_hide_footer_widgets":false,"_genesis_custom_body_class":"","_genesis_custom_post_class":"","_genesis_layout":"","footnotes":""},"categories":[62,20],"tags":[],"class_list":{"0":"post-158668","1":"post","2":"type-post","3":"status-publish","4":"format-standard","6":"category-medie-och-kulturpolitik","7":"category-film","8":"entry"},"_links":{"self":[{"href":"https:\/\/kulturbloggen.com\/index.php?rest_route=\/wp\/v2\/posts\/158668","targetHints":{"allow":["GET"]}}],"collection":[{"href":"https:\/\/kulturbloggen.com\/index.php?rest_route=\/wp\/v2\/posts"}],"about":[{"href":"https:\/\/kulturbloggen.com\/index.php?rest_route=\/wp\/v2\/types\/post"}],"author":[{"embeddable":true,"href":"https:\/\/kulturbloggen.com\/index.php?rest_route=\/wp\/v2\/users\/13"}],"replies":[{"embeddable":true,"href":"https:\/\/kulturbloggen.com\/index.php?rest_route=%2Fwp%2Fv2%2Fcomments&post=158668"}],"version-history":[{"count":4,"href":"https:\/\/kulturbloggen.com\/index.php?rest_route=\/wp\/v2\/posts\/158668\/revisions"}],"predecessor-version":[{"id":158672,"href":"https:\/\/kulturbloggen.com\/index.php?rest_route=\/wp\/v2\/posts\/158668\/revisions\/158672"}],"wp:attachment":[{"href":"https:\/\/kulturbloggen.com\/index.php?rest_route=%2Fwp%2Fv2%2Fmedia&parent=158668"}],"wp:term":[{"taxonomy":"category","embeddable":true,"href":"https:\/\/kulturbloggen.com\/index.php?rest_route=%2Fwp%2Fv2%2Fcategories&post=158668"},{"taxonomy":"post_tag","embeddable":true,"href":"https:\/\/kulturbloggen.com\/index.php?rest_route=%2Fwp%2Fv2%2Ftags&post=158668"}],"curies":[{"name":"wp","href":"https:\/\/api.w.org\/{rel}","templated":true}]}}