{"id":157621,"date":"2022-09-25T17:30:04","date_gmt":"2022-09-25T15:30:04","guid":{"rendered":"https:\/\/kulturbloggen.com\/?p=157621"},"modified":"2022-09-25T17:38:59","modified_gmt":"2022-09-25T15:38:59","slug":"bilder-the-halo-effect-pa","status":"publish","type":"post","link":"https:\/\/kulturbloggen.com\/?p=157621","title":{"rendered":"Bilder: The Halo Effect p\u00e5 Hovet"},"content":{"rendered":"<p><img loading=\"lazy\" decoding=\"async\" class=\"aligncenter size-full wp-image-157629\" src=\"https:\/\/kulturbloggen.com\/wp-content\/uploads\/2022\/09\/IMG_2558-Edit650px-dewol.jpg\" alt=\"\" width=\"520\" height=\"650\" srcset=\"https:\/\/kulturbloggen.com\/wp-content\/uploads\/2022\/09\/IMG_2558-Edit650px-dewol.jpg 520w, https:\/\/kulturbloggen.com\/wp-content\/uploads\/2022\/09\/IMG_2558-Edit650px-dewol-240x300.jpg 240w\" sizes=\"auto, (max-width: 520px) 100vw, 520px\" \/><\/p>\n<p>The Halo Effect p\u00e5 Hovet<br \/>\nVikings and lionhearts tour 24 September 2022<br \/>\nFoto: Desiree Woltze<\/p>\n<p>The Halo Effect bildades 2020 av gamla In Flames-medlemmarna Niclas Engelin, Peter Iwers, Jesper Str\u00f6mblad, Daniel Svensson och Mikael Stanne (mer k\u00e4nd fr\u00e5n Dark Tranquillity, men var s\u00e5ngare i In Flames innan Anders Frid\u00e9n tog \u00f6ver den rollen).<br \/>\n&#8211; Det h\u00e4r \u00e4r musiken vi ville spela som femton-\u00e5ringar, s\u00e4ger Mikael Stanne fr\u00e5n scenen.<\/p>\n<p><img loading=\"lazy\" decoding=\"async\" class=\"aligncenter size-full wp-image-157631\" src=\"https:\/\/kulturbloggen.com\/wp-content\/uploads\/2022\/09\/IMG_2597-Edit650px-dewol.jpg\" alt=\"\" width=\"520\" height=\"650\" srcset=\"https:\/\/kulturbloggen.com\/wp-content\/uploads\/2022\/09\/IMG_2597-Edit650px-dewol.jpg 520w, https:\/\/kulturbloggen.com\/wp-content\/uploads\/2022\/09\/IMG_2597-Edit650px-dewol-240x300.jpg 240w\" sizes=\"auto, (max-width: 520px) 100vw, 520px\" \/><\/p>\n<p><img loading=\"lazy\" decoding=\"async\" class=\"aligncenter size-full wp-image-157632\" src=\"https:\/\/kulturbloggen.com\/wp-content\/uploads\/2022\/09\/IMG_2622-Edit650px-dewol.jpg\" alt=\"\" width=\"520\" height=\"650\" srcset=\"https:\/\/kulturbloggen.com\/wp-content\/uploads\/2022\/09\/IMG_2622-Edit650px-dewol.jpg 520w, https:\/\/kulturbloggen.com\/wp-content\/uploads\/2022\/09\/IMG_2622-Edit650px-dewol-240x300.jpg 240w\" sizes=\"auto, (max-width: 520px) 100vw, 520px\" \/><\/p>\n<p><img loading=\"lazy\" decoding=\"async\" class=\"aligncenter size-full wp-image-157633\" src=\"https:\/\/kulturbloggen.com\/wp-content\/uploads\/2022\/09\/IMG_2672-Edit650px-dewol.jpg\" alt=\"\" width=\"520\" height=\"650\" srcset=\"https:\/\/kulturbloggen.com\/wp-content\/uploads\/2022\/09\/IMG_2672-Edit650px-dewol.jpg 520w, https:\/\/kulturbloggen.com\/wp-content\/uploads\/2022\/09\/IMG_2672-Edit650px-dewol-240x300.jpg 240w\" sizes=\"auto, (max-width: 520px) 100vw, 520px\" \/><\/p>\n<p><img loading=\"lazy\" decoding=\"async\" class=\"aligncenter size-full wp-image-157634\" src=\"https:\/\/kulturbloggen.com\/wp-content\/uploads\/2022\/09\/IMG_2694-Edit650px-dewol.jpg\" alt=\"\" width=\"520\" height=\"650\" srcset=\"https:\/\/kulturbloggen.com\/wp-content\/uploads\/2022\/09\/IMG_2694-Edit650px-dewol.jpg 520w, https:\/\/kulturbloggen.com\/wp-content\/uploads\/2022\/09\/IMG_2694-Edit650px-dewol-240x300.jpg 240w\" sizes=\"auto, (max-width: 520px) 100vw, 520px\" \/><\/p>\n","protected":false},"excerpt":{"rendered":"<p>The Halo Effect p\u00e5 Hovet Vikings and lionhearts tour 24 September 2022 Foto: Desiree Woltze The Halo Effect bildades 2020 av gamla In Flames-medlemmarna Niclas Engelin, Peter Iwers, Jesper Str\u00f6mblad, Daniel Svensson och Mikael Stanne (mer k\u00e4nd fr\u00e5n Dark Tranquillity, men var s\u00e5ngare i In Flames innan Anders Frid\u00e9n tog \u00f6ver den rollen). &#8211; Det [&hellip;]<\/p>\n","protected":false},"author":13,"featured_media":0,"comment_status":"closed","ping_status":"closed","sticky":false,"template":"","format":"standard","meta":{"_genesis_hide_title":false,"_genesis_hide_breadcrumbs":false,"_genesis_hide_singular_image":false,"_genesis_hide_footer_widgets":false,"_genesis_custom_body_class":"","_genesis_custom_post_class":"","_genesis_layout":"","footnotes":""},"categories":[7,13624],"tags":[],"class_list":{"0":"post-157621","1":"post","2":"type-post","3":"status-publish","4":"format-standard","6":"category-musik","7":"category-toppnytt","8":"entry"},"_links":{"self":[{"href":"https:\/\/kulturbloggen.com\/index.php?rest_route=\/wp\/v2\/posts\/157621","targetHints":{"allow":["GET"]}}],"collection":[{"href":"https:\/\/kulturbloggen.com\/index.php?rest_route=\/wp\/v2\/posts"}],"about":[{"href":"https:\/\/kulturbloggen.com\/index.php?rest_route=\/wp\/v2\/types\/post"}],"author":[{"embeddable":true,"href":"https:\/\/kulturbloggen.com\/index.php?rest_route=\/wp\/v2\/users\/13"}],"replies":[{"embeddable":true,"href":"https:\/\/kulturbloggen.com\/index.php?rest_route=%2Fwp%2Fv2%2Fcomments&post=157621"}],"version-history":[{"count":8,"href":"https:\/\/kulturbloggen.com\/index.php?rest_route=\/wp\/v2\/posts\/157621\/revisions"}],"predecessor-version":[{"id":157653,"href":"https:\/\/kulturbloggen.com\/index.php?rest_route=\/wp\/v2\/posts\/157621\/revisions\/157653"}],"wp:attachment":[{"href":"https:\/\/kulturbloggen.com\/index.php?rest_route=%2Fwp%2Fv2%2Fmedia&parent=157621"}],"wp:term":[{"taxonomy":"category","embeddable":true,"href":"https:\/\/kulturbloggen.com\/index.php?rest_route=%2Fwp%2Fv2%2Fcategories&post=157621"},{"taxonomy":"post_tag","embeddable":true,"href":"https:\/\/kulturbloggen.com\/index.php?rest_route=%2Fwp%2Fv2%2Ftags&post=157621"}],"curies":[{"name":"wp","href":"https:\/\/api.w.org\/{rel}","templated":true}]}}