{"id":157470,"date":"2022-09-23T13:17:11","date_gmt":"2022-09-23T11:17:11","guid":{"rendered":"https:\/\/kulturbloggen.com\/?p=157470"},"modified":"2022-09-23T13:17:13","modified_gmt":"2022-09-23T11:17:13","slug":"lyssna-banken-med-adrian-modiggard-cecilia-thorngren-och-staffan-hellstrand","status":"publish","type":"post","link":"https:\/\/kulturbloggen.com\/?p=157470","title":{"rendered":"Lyssna: B\u00e4nken med Adrian Modigg\u00e5rd, Cecilia Thorngren och Staffan Hellstrand"},"content":{"rendered":"<p>Adrian Modigg\u00e5rd, Cecilia Thorngren och Staffan Hellstrand har sl\u00e4ppt en singel tillsammans: B\u00e4nken.<\/p>\n<p><iframe style=\"border-radius:12px\" src=\"https:\/\/open.spotify.com\/embed\/album\/7iu992C0fCzj7csTcnctdM?utm_source=generator\" width=\"100%\" height=\"380\" frameborder=\"0\" allowfullscreen=\"\" allow=\"autoplay; clipboard-write; encrypted-media; fullscreen; picture-in-picture\" loading=\"lazy\"><\/iframe><\/p>\n","protected":false},"excerpt":{"rendered":"<p>Adrian Modigg\u00e5rd, Cecilia Thorngren och Staffan Hellstrand har sl\u00e4ppt en singel tillsammans: B\u00e4nken.<\/p>\n","protected":false},"author":13,"featured_media":0,"comment_status":"closed","ping_status":"closed","sticky":false,"template":"","format":"standard","meta":{"_genesis_hide_title":false,"_genesis_hide_breadcrumbs":false,"_genesis_hide_singular_image":false,"_genesis_hide_footer_widgets":false,"_genesis_custom_body_class":"","_genesis_custom_post_class":"","_genesis_layout":"","footnotes":""},"categories":[7],"tags":[],"class_list":{"0":"post-157470","1":"post","2":"type-post","3":"status-publish","4":"format-standard","6":"category-musik","7":"entry"},"_links":{"self":[{"href":"https:\/\/kulturbloggen.com\/index.php?rest_route=\/wp\/v2\/posts\/157470","targetHints":{"allow":["GET"]}}],"collection":[{"href":"https:\/\/kulturbloggen.com\/index.php?rest_route=\/wp\/v2\/posts"}],"about":[{"href":"https:\/\/kulturbloggen.com\/index.php?rest_route=\/wp\/v2\/types\/post"}],"author":[{"embeddable":true,"href":"https:\/\/kulturbloggen.com\/index.php?rest_route=\/wp\/v2\/users\/13"}],"replies":[{"embeddable":true,"href":"https:\/\/kulturbloggen.com\/index.php?rest_route=%2Fwp%2Fv2%2Fcomments&post=157470"}],"version-history":[{"count":4,"href":"https:\/\/kulturbloggen.com\/index.php?rest_route=\/wp\/v2\/posts\/157470\/revisions"}],"predecessor-version":[{"id":157476,"href":"https:\/\/kulturbloggen.com\/index.php?rest_route=\/wp\/v2\/posts\/157470\/revisions\/157476"}],"wp:attachment":[{"href":"https:\/\/kulturbloggen.com\/index.php?rest_route=%2Fwp%2Fv2%2Fmedia&parent=157470"}],"wp:term":[{"taxonomy":"category","embeddable":true,"href":"https:\/\/kulturbloggen.com\/index.php?rest_route=%2Fwp%2Fv2%2Fcategories&post=157470"},{"taxonomy":"post_tag","embeddable":true,"href":"https:\/\/kulturbloggen.com\/index.php?rest_route=%2Fwp%2Fv2%2Ftags&post=157470"}],"curies":[{"name":"wp","href":"https:\/\/api.w.org\/{rel}","templated":true}]}}