{"id":157348,"date":"2022-09-20T20:36:08","date_gmt":"2022-09-20T18:36:08","guid":{"rendered":"https:\/\/kulturbloggen.com\/?p=157348"},"modified":"2022-09-20T20:36:09","modified_gmt":"2022-09-20T18:36:09","slug":"teaterkritik-vi-ar-luftens-drottning","status":"publish","type":"post","link":"https:\/\/kulturbloggen.com\/?p=157348","title":{"rendered":"Teaterkritik: Vi \u00e4r luftens drottning"},"content":{"rendered":"<p><img loading=\"lazy\" decoding=\"async\" class=\"aligncenter size-full wp-image-157351\" src=\"https:\/\/kulturbloggen.com\/wp-content\/uploads\/2022\/09\/vi-ar-luftens-drottning.jpeg\" alt=\"\" width=\"613\" height=\"650\" srcset=\"https:\/\/kulturbloggen.com\/wp-content\/uploads\/2022\/09\/vi-ar-luftens-drottning.jpeg 613w, https:\/\/kulturbloggen.com\/wp-content\/uploads\/2022\/09\/vi-ar-luftens-drottning-283x300.jpeg 283w\" sizes=\"auto, (max-width: 613px) 100vw, 613px\" \/><\/p>\n<p>Vi \u00e4r luftens drottning<br \/>\nRegi: Viktoria Dalborg<br \/>\nI rollerna: Elisa Bitschnau: statisk trapets, dansakrobatik<br \/>\nFran\u00e7oise Fournier: dansare, sk\u00e5despelare<br \/>\nGiulia Scamarcia: svingtrapets, luftring, dansakrobatik<br \/>\nJustin Collas: dansakrobatik<br \/>\nManda Rydman; svingtrapets, luftring, dansakrobatik<br \/>\nRonja S\u00e4rkiniemi: Korean Cradle<br \/>\nSam Ramos Imbeau: Korean Cradle<br \/>\nErik Berkey: rigger<br \/>\nMatthew Horton: rigger<br \/>\nI samarbete med Kompani Giraff.<br \/>\nPremi\u00e4r 16 september 2022 p\u00e5 Helsingborgs stadsteater, Storan-scenen<\/p>\n<p>Att kombinera scenkonst, dans och luftakrobatik \u00e4r succ\u00e9 redan fr\u00e5n start. Hela salongen andas sp\u00e4nning och f\u00f6rv\u00e4ntan, d\u00e4r en fin djup ber\u00e4ttelse v\u00e4vs ihop med fantastisk scenografi och akrobatiska konster. Ihop med musik samt den starka ljuss\u00e4ttning s\u00e4tts den fria tolkningen av Pauline Wolffs m\u00f6rkt skimrande roman om en s\u00e4rskild \u00e4tt av luftakrobater ihop med en k\u00e4nsla av hopp, eftert\u00e4nksamhet och lugn som sprider sig l\u00e4ngst med stolsraderna i teatersalongen. En k\u00e4rleksf\u00f6rklaring till cirkuskonsten och livet, om att vara m\u00e4nniska och framtidens utmaningar i en f\u00f6r\u00e4nderlig omv\u00e4rld.<\/p>\n<p>Helsingborgs stadsteater och kompani Giraff har skapat en f\u00f6rest\u00e4llning som l\u00e4mnar en f\u00e5ordig och tagen ut i h\u00f6stm\u00f6rkret. Fylld med hopp, gl\u00e4dje, men ocks\u00e5 sorgen om att livet \u00e4r sk\u00f6rt och fint p\u00e5 samma g\u00e5ng.<\/p>\n<p>En produktion som jag hoppas alla oavsett \u00e5lder f\u00e5r m\u00f6jlighet att ta del av, som griper tag om en under tv\u00e5 timmar, framf\u00f6rd p\u00e5 magiska Helsingborgs stadsteater.<\/p>\n<p>Text: Johan Hatje<\/p>\n","protected":false},"excerpt":{"rendered":"<p>Vi \u00e4r luftens drottning Regi: Viktoria Dalborg I rollerna: Elisa Bitschnau: statisk trapets, dansakrobatik Fran\u00e7oise Fournier: dansare, sk\u00e5despelare Giulia Scamarcia: svingtrapets, luftring, dansakrobatik Justin Collas: dansakrobatik Manda Rydman; svingtrapets, luftring, dansakrobatik Ronja S\u00e4rkiniemi: Korean Cradle Sam Ramos Imbeau: Korean Cradle Erik Berkey: rigger Matthew Horton: rigger I samarbete med Kompani Giraff. Premi\u00e4r 16 september 2022 [&hellip;]<\/p>\n","protected":false},"author":14,"featured_media":0,"comment_status":"closed","ping_status":"closed","sticky":false,"template":"","format":"standard","meta":{"_genesis_hide_title":false,"_genesis_hide_breadcrumbs":false,"_genesis_hide_singular_image":false,"_genesis_hide_footer_widgets":false,"_genesis_custom_body_class":"","_genesis_custom_post_class":"","_genesis_layout":"","footnotes":""},"categories":[16,20,30,31,13624],"tags":[],"class_list":{"0":"post-157348","1":"post","2":"type-post","3":"status-publish","4":"format-standard","6":"category-recension","7":"category-film","8":"category-teater","9":"category-teaterrecension","10":"category-toppnytt","11":"entry"},"_links":{"self":[{"href":"https:\/\/kulturbloggen.com\/index.php?rest_route=\/wp\/v2\/posts\/157348","targetHints":{"allow":["GET"]}}],"collection":[{"href":"https:\/\/kulturbloggen.com\/index.php?rest_route=\/wp\/v2\/posts"}],"about":[{"href":"https:\/\/kulturbloggen.com\/index.php?rest_route=\/wp\/v2\/types\/post"}],"author":[{"embeddable":true,"href":"https:\/\/kulturbloggen.com\/index.php?rest_route=\/wp\/v2\/users\/14"}],"replies":[{"embeddable":true,"href":"https:\/\/kulturbloggen.com\/index.php?rest_route=%2Fwp%2Fv2%2Fcomments&post=157348"}],"version-history":[{"count":3,"href":"https:\/\/kulturbloggen.com\/index.php?rest_route=\/wp\/v2\/posts\/157348\/revisions"}],"predecessor-version":[{"id":157354,"href":"https:\/\/kulturbloggen.com\/index.php?rest_route=\/wp\/v2\/posts\/157348\/revisions\/157354"}],"wp:attachment":[{"href":"https:\/\/kulturbloggen.com\/index.php?rest_route=%2Fwp%2Fv2%2Fmedia&parent=157348"}],"wp:term":[{"taxonomy":"category","embeddable":true,"href":"https:\/\/kulturbloggen.com\/index.php?rest_route=%2Fwp%2Fv2%2Fcategories&post=157348"},{"taxonomy":"post_tag","embeddable":true,"href":"https:\/\/kulturbloggen.com\/index.php?rest_route=%2Fwp%2Fv2%2Ftags&post=157348"}],"curies":[{"name":"wp","href":"https:\/\/api.w.org\/{rel}","templated":true}]}}