{"id":157041,"date":"2022-09-12T15:12:34","date_gmt":"2022-09-12T13:12:34","guid":{"rendered":"https:\/\/kulturbloggen.com\/?p=157041"},"modified":"2022-09-12T15:12:35","modified_gmt":"2022-09-12T13:12:35","slug":"svts-valvaka-har-rekordpublik","status":"publish","type":"post","link":"https:\/\/kulturbloggen.com\/?p=157041","title":{"rendered":"SVT:s valvaka har rekordpublik"},"content":{"rendered":"<figure id=\"attachment_157044\" aria-describedby=\"caption-attachment-157044\" style=\"width: 650px\" class=\"wp-caption aligncenter\"><img loading=\"lazy\" decoding=\"async\" class=\"size-full wp-image-157044\" src=\"https:\/\/kulturbloggen.com\/wp-content\/uploads\/2022\/09\/valvakan.jpg\" alt=\"\" width=\"650\" height=\"366\" srcset=\"https:\/\/kulturbloggen.com\/wp-content\/uploads\/2022\/09\/valvakan.jpg 650w, https:\/\/kulturbloggen.com\/wp-content\/uploads\/2022\/09\/valvakan-300x169.jpg 300w\" sizes=\"auto, (max-width: 650px) 100vw, 650px\" \/><figcaption id=\"caption-attachment-157044\" class=\"wp-caption-text\">Programledare: Fouad Youcefi, Camilla Kvartoft och Anders Holmberg. Foto: Janne Danielsson\/SVT<\/figcaption><\/figure>\n<p>Rekordpublik f\u00f6r SVT:s valvaka, ber\u00e4ttar ett pressmeddelande:<br \/>\nI tv n\u00e5dde Valvakan hela 41,7% av befolkningen vilket \u00e4r 4,2 miljoner tittare. 2,7 miljoner startade programmet i SVT Play. SVT har aldrig n\u00e5tt s\u00e5 m\u00e5nga digitalt med Valvakan.<\/p>\n<p>En tuff valr\u00f6relse med en intensiv mediebevakning \u00e4r \u00f6ver. SVT har under flera veckor erbjudit ett omfattande valinneh\u00e5ll.<\/p>\n<p>&#8211; Vi har aldrig n\u00e5tt s\u00e5 m\u00e5nga digitalt under en valdag: Aldrig har s\u00e5 m\u00e5nga valt att titta p\u00e5 Valvakan och starta v\u00e5ra nyhetsklipp och aldrig har s\u00e5 m\u00e5nga gjort v\u00e5r riksdagsvalkompass. Vi \u00e4r uppriktigt glada f\u00f6r att publiken v\u00e4ljer oss b\u00e5de i tv och online. H\u00e5rt arbete ligger bakom p\u00e5 alla SVT:s nyhetsredaktioner runt om i landet och p\u00e5 v\u00e5r utvecklingsavdelning, s\u00e4ger Anne Lagercrantz, divisionschef f\u00f6r nyheter och sport p\u00e5 SVT.<\/p>\n<p>I tv n\u00e5dde Valvakan hela 41,7% av befolkningen vilket \u00e4r 4,2 miljoner tittare och 2,7 miljoner starter gjordes i SVT Play.<\/p>\n<p>SVT Nyheter online hade 5.9 miljoner bes\u00f6k och 2.4 miljoner videostarter under valdagen<\/p>\n<p>SVT:s Valkompass hade totalt 5,1 miljoner genomf\u00f6rda kompasser. D\u00e4rav 3 miljoner rikskompasser, vilket \u00e4r ett rekord<\/p>\n<p>Lilla Aktuellt valvakade med barnen och i deras chatt kom det in 17\u202f000 inl\u00e4gg<\/p>\n<p>Slutdebatten n\u00e5dde i fredags 2,1 miljoner tittare och hade 752\u202f000 starter i SVT Play<\/p>\n","protected":false},"excerpt":{"rendered":"<p>Rekordpublik f\u00f6r SVT:s valvaka, ber\u00e4ttar ett pressmeddelande: I tv n\u00e5dde Valvakan hela 41,7% av befolkningen vilket \u00e4r 4,2 miljoner tittare. 2,7 miljoner startade programmet i SVT Play. SVT har aldrig n\u00e5tt s\u00e5 m\u00e5nga digitalt med Valvakan. En tuff valr\u00f6relse med en intensiv mediebevakning \u00e4r \u00f6ver. SVT har under flera veckor erbjudit ett omfattande valinneh\u00e5ll. &#8211; [&hellip;]<\/p>\n","protected":false},"author":13,"featured_media":0,"comment_status":"closed","ping_status":"closed","sticky":false,"template":"","format":"standard","meta":{"_genesis_hide_title":false,"_genesis_hide_breadcrumbs":false,"_genesis_hide_singular_image":false,"_genesis_hide_footer_widgets":false,"_genesis_custom_body_class":"","_genesis_custom_post_class":"","_genesis_layout":"","footnotes":""},"categories":[62],"tags":[],"class_list":{"0":"post-157041","1":"post","2":"type-post","3":"status-publish","4":"format-standard","6":"category-medie-och-kulturpolitik","7":"entry"},"_links":{"self":[{"href":"https:\/\/kulturbloggen.com\/index.php?rest_route=\/wp\/v2\/posts\/157041","targetHints":{"allow":["GET"]}}],"collection":[{"href":"https:\/\/kulturbloggen.com\/index.php?rest_route=\/wp\/v2\/posts"}],"about":[{"href":"https:\/\/kulturbloggen.com\/index.php?rest_route=\/wp\/v2\/types\/post"}],"author":[{"embeddable":true,"href":"https:\/\/kulturbloggen.com\/index.php?rest_route=\/wp\/v2\/users\/13"}],"replies":[{"embeddable":true,"href":"https:\/\/kulturbloggen.com\/index.php?rest_route=%2Fwp%2Fv2%2Fcomments&post=157041"}],"version-history":[{"count":4,"href":"https:\/\/kulturbloggen.com\/index.php?rest_route=\/wp\/v2\/posts\/157041\/revisions"}],"predecessor-version":[{"id":157047,"href":"https:\/\/kulturbloggen.com\/index.php?rest_route=\/wp\/v2\/posts\/157041\/revisions\/157047"}],"wp:attachment":[{"href":"https:\/\/kulturbloggen.com\/index.php?rest_route=%2Fwp%2Fv2%2Fmedia&parent=157041"}],"wp:term":[{"taxonomy":"category","embeddable":true,"href":"https:\/\/kulturbloggen.com\/index.php?rest_route=%2Fwp%2Fv2%2Fcategories&post=157041"},{"taxonomy":"post_tag","embeddable":true,"href":"https:\/\/kulturbloggen.com\/index.php?rest_route=%2Fwp%2Fv2%2Ftags&post=157041"}],"curies":[{"name":"wp","href":"https:\/\/api.w.org\/{rel}","templated":true}]}}