{"id":157020,"date":"2022-09-12T16:06:49","date_gmt":"2022-09-12T14:06:49","guid":{"rendered":"https:\/\/kulturbloggen.com\/?p=157020"},"modified":"2022-09-13T11:35:48","modified_gmt":"2022-09-13T09:35:48","slug":"meditativ-ambientduo-framkallar-magi-bremer-mccoy-pa-nefertiti","status":"publish","type":"post","link":"https:\/\/kulturbloggen.com\/?p=157020","title":{"rendered":"Meditativ ambientduo framkallar magi &#8211; Bremer\/ McCoy p\u00e5 Nefertiti"},"content":{"rendered":"\n<figure class=\"wp-block-image size-full is-style-default\"><img loading=\"lazy\" decoding=\"async\" width=\"650\" height=\"343\" src=\"https:\/\/kulturbloggen.com\/wp-content\/uploads\/2022\/09\/277753408_4968470083238879_1430442913159670020_n-1.jpg\" alt=\"\" class=\"wp-image-157022\" srcset=\"https:\/\/kulturbloggen.com\/wp-content\/uploads\/2022\/09\/277753408_4968470083238879_1430442913159670020_n-1.jpg 650w, https:\/\/kulturbloggen.com\/wp-content\/uploads\/2022\/09\/277753408_4968470083238879_1430442913159670020_n-1-300x158.jpg 300w\" sizes=\"auto, (max-width: 650px) 100vw, 650px\" \/><\/figure>\n\n\n\n<p>10\/9 2022 p\u00e5 Nefertiti i G\u00f6teborg<\/p>\n\n\n\n<p>F\u00e5r erk\u00e4nna att jag inte hade h\u00f6rt talas om Bremer\/ McCoy tidigare.  Danska duon jag fick chansen att uppt\u00e4cka genom framsynta bokaren Mattias Lundin, har inte f\u00f6rekommit i mitt kretslopp av jazzfestivaler och klubbspelningar. \u00c4r v\u00e4ldans tacksam att jag tog vara p\u00e5 m\u00f6jligheten n\u00e4r tid och lust infann sig. Andra hade b\u00e4ttre koll \u00e4n undertecknad eller lockades av f\u00f6rhandssnack, eftersom lokalen var n\u00e4stintill fullsatt med f\u00f6rv\u00e4ntansfull publik. Att konserten p\u00e5 cirka 75 minuter startar en timme efter utsatt tid v\u00e4cker inga negativa reaktioner. <\/p>\n\n\n\n<p>Kontrabasisten Jonathan Bremer och klaviaturspelare Morten McCoy bildade sin dr\u00f6mska enhet f\u00f6r drygt tio \u00e5r sedan. Fem skivor finns redan i deras katalog, varav de tv\u00e5 senaste <em>Utopia <\/em>och <em>Natten <\/em>uppm\u00e4rksammats stort. Musikerna har var f\u00f6r sig nominerats till priser. I regi av konsertj\u00e4tten FKP Scorpio \u00e4r man i skrivande stund ute p\u00e5 turn\u00e9 i Norden. Eget piano, keyboard med \u00e5tskilliga faciliteter och moog(?) \u00e4r instrument man har med sig f\u00f6rutom tv\u00e5 gigantiska h\u00f6gtalarl\u00e5dor av soundsystem-storlek. H\u00f6gtalarna som lyckligtvis \u00e4r varsamt inkopplade av klubbens ljud-maestro Gert, p\u00e5visar duons r\u00f6tter i dub och reggae. I LIRA kallas Bremer\/ McCoy f\u00f6r fluffigt kvalitetsmys,  en fyndig formulering. Internationellt ges man ut p\u00e5 David Byrnes kreddiga skivbolag, n\u00e5got som ger en fingervisning om hur duon n\u00e5tt ut.<\/p>\n\n\n\n<p>\u00c5h\u00f6rarna blir invirade i atmosf\u00e4riska, exceptionellt rogivande klanger i en magisk mix av analogt och elektroniskt sound. Kontrabasisten har genomg\u00e5ende en st\u00f6djande funktion. M\u00e4rks att publiken lyssnar totalt koncentrerade, vilket f\u00f6rst\u00e5s uppskattas av de p\u00e5 scen. Morten McCoy presenterar kortfattat vad de spelar och hur tankarna g\u00e5tt i skrivprocessen. Merparten mollbetonade melodier h\u00e4mtas fr\u00e5n senaste albumet. St\u00e4mmor fl\u00e4tas ihop, flyter eller pulserar, mestadels f\u00f6rsynt och konstant elegant.  Det \u00e4r finstilt och filmiskt. F\u00f6rsta konturen av jazz poppar upp efter ungef\u00e4r en halvtimme. I fj\u00e4rran h\u00f6rs vagt ett par g\u00e5nger referenser till Jan Johansson &amp; Georg Riedels epokg\u00f6rande samarbete. Inbrytningen i det meditativa fl\u00f6det f\u00f6ljs av ett collage, en avdelning som p\u00e5  dub-light man\u00e9r exponerar duons tidiga influenser. <\/p>\n\n\n\n<p>Attraheras av enormt suggestiva teman, oftast stillsamma eller utbroderade p\u00e5 halvfart. Genom raffinerade instrumentering och ett myller av kablar f\u00f6rses f\u00e4ngslande kompositioner med sp\u00e4nnande sound och p\u00e5taglig nerv. Danskarna vars bakgrund jag inte kan k\u00e4nns unikt sj\u00e4lvst\u00e4ndiga.<\/p>\n\n\n\n<p> Konserten framst\u00e5r som ett rogivande avbrott fr\u00e5n livets alla m\u00e5sten,  ett inbjudande tillst\u00e5nd att \u00e4ntra. I extranummer kommer moment av uppluckrade, friare strukturer tillbaka. Passande nog heter en l\u00e5t, om jag h\u00f6r r\u00e4tt, <em>Harmoni. <\/em>Hade som sagt inget att relatera till bortsett fr\u00e5n smakprov jag lyssnade p\u00e5 t\u00e4tt inp\u00e5 konserten. Har nu f\u00e5tt nya dr\u00f6mska favoriter utanf\u00f6r den vida jazzgenren. Associerar ist\u00e4llet till Vangelis, Tangerine Dream, Wim Mertens och tons\u00e4ttare av st\u00e4mningsm\u00e4ttade soundtrack.  <\/p>\n\n\n\n<p><\/p>\n\n\n\n<p> <\/p>\n\n\n\n<p><\/p>\n\n\n\n<p> <\/p>\n","protected":false},"excerpt":{"rendered":"<p>10\/9 2022 p\u00e5 Nefertiti i G\u00f6teborg F\u00e5r erk\u00e4nna att jag inte hade h\u00f6rt talas om Bremer\/ McCoy tidigare. Danska duon jag fick chansen att uppt\u00e4cka genom framsynta bokaren Mattias Lundin, har inte f\u00f6rekommit i mitt kretslopp av jazzfestivaler och klubbspelningar. \u00c4r v\u00e4ldans tacksam att jag tog vara p\u00e5 m\u00f6jligheten n\u00e4r tid och lust infann sig. [&hellip;]<\/p>\n","protected":false},"author":34,"featured_media":0,"comment_status":"closed","ping_status":"closed","sticky":false,"template":"","format":"standard","meta":{"_genesis_hide_title":false,"_genesis_hide_breadcrumbs":false,"_genesis_hide_singular_image":false,"_genesis_hide_footer_widgets":false,"_genesis_custom_body_class":"","_genesis_custom_post_class":"","_genesis_layout":"","footnotes":""},"categories":[7,16,13624],"tags":[],"class_list":{"0":"post-157020","1":"post","2":"type-post","3":"status-publish","4":"format-standard","6":"category-musik","7":"category-recension","8":"category-toppnytt","9":"entry"},"_links":{"self":[{"href":"https:\/\/kulturbloggen.com\/index.php?rest_route=\/wp\/v2\/posts\/157020","targetHints":{"allow":["GET"]}}],"collection":[{"href":"https:\/\/kulturbloggen.com\/index.php?rest_route=\/wp\/v2\/posts"}],"about":[{"href":"https:\/\/kulturbloggen.com\/index.php?rest_route=\/wp\/v2\/types\/post"}],"author":[{"embeddable":true,"href":"https:\/\/kulturbloggen.com\/index.php?rest_route=\/wp\/v2\/users\/34"}],"replies":[{"embeddable":true,"href":"https:\/\/kulturbloggen.com\/index.php?rest_route=%2Fwp%2Fv2%2Fcomments&post=157020"}],"version-history":[{"count":7,"href":"https:\/\/kulturbloggen.com\/index.php?rest_route=\/wp\/v2\/posts\/157020\/revisions"}],"predecessor-version":[{"id":157078,"href":"https:\/\/kulturbloggen.com\/index.php?rest_route=\/wp\/v2\/posts\/157020\/revisions\/157078"}],"wp:attachment":[{"href":"https:\/\/kulturbloggen.com\/index.php?rest_route=%2Fwp%2Fv2%2Fmedia&parent=157020"}],"wp:term":[{"taxonomy":"category","embeddable":true,"href":"https:\/\/kulturbloggen.com\/index.php?rest_route=%2Fwp%2Fv2%2Fcategories&post=157020"},{"taxonomy":"post_tag","embeddable":true,"href":"https:\/\/kulturbloggen.com\/index.php?rest_route=%2Fwp%2Fv2%2Ftags&post=157020"}],"curies":[{"name":"wp","href":"https:\/\/api.w.org\/{rel}","templated":true}]}}