{"id":156901,"date":"2022-09-09T09:46:38","date_gmt":"2022-09-09T07:46:38","guid":{"rendered":"https:\/\/kulturbloggen.com\/?p=156901"},"modified":"2022-09-09T09:46:38","modified_gmt":"2022-09-09T07:46:38","slug":"filmrecension-leva-tills-jag-dor-gripande-film-om-ratten-att-aldras-och-leva","status":"publish","type":"post","link":"https:\/\/kulturbloggen.com\/?p=156901","title":{"rendered":"Filmrecension: Leva tills jag d\u00f6r &#8211; gripande film om r\u00e4tten att \u00e5ldras och leva"},"content":{"rendered":"<p><img loading=\"lazy\" decoding=\"async\" class=\"aligncenter size-full wp-image-156910\" src=\"https:\/\/kulturbloggen.com\/wp-content\/uploads\/2022\/09\/unnamed-6.jpg\" alt=\"\" width=\"650\" height=\"366\" srcset=\"https:\/\/kulturbloggen.com\/wp-content\/uploads\/2022\/09\/unnamed-6.jpg 650w, https:\/\/kulturbloggen.com\/wp-content\/uploads\/2022\/09\/unnamed-6-300x169.jpg 300w\" sizes=\"auto, (max-width: 650px) 100vw, 650px\" \/><\/p>\n<p>Leva tills jag d\u00f6r<br \/>\nBetyg 4<br \/>\nSvensk biopremi\u00e4r 30 september 2022<br \/>\nRegiss\u00f6rer: Gustav \u00c5gerstrand, \u00c5sa Ekman, Oscar Hedin Hetteberg &amp; Anders Teigen<br \/>\nProducenter: Marina-Evelina Cracana &amp; Oscar Hedin Hetteberg<\/p>\n<p>Om livet, om gl\u00e4dje och sorg och samh\u00f6righet och om att f\u00e5 \u00e5ldras med v\u00e4rdighet. En gripande film om det som borde vara sj\u00e4lvklart: Att \u00e5ldras inte ska g\u00f6ra att m\u00e4nniskor st\u00e4lls \u00e5t sidan. Att alla borde f\u00e5 k\u00e4nna att man lever och utvecklas ocks\u00e5 n\u00e4r kr\u00e4mpor g\u00f6r kroppen blir allt mer osmidig. Filmens distribut\u00f6r skriver om denna dokument\u00e4r:<br \/>\n<em>Leva tills jag d\u00f6r \u00e4r en ber\u00e4ttelse om att f\u00f6rs\u00f6ka f\u00f6rsonas med livets slut, och g\u00f6ra det med humor, v\u00e4rme och flaggan i topp. Filmen utmanar v\u00e5r bild av vad \u00e4ldreomsorgen kan vara \u2026 och vad den kan bli.<\/em><\/p>\n<p>Vi f\u00e5r f\u00f6lja m\u00e4nniskor som bor p\u00e5 Kyrkbyn, ett \u00e4ldreboende tio kilometer s\u00f6der om Stockholm. P\u00e5 detta \u00e4ldreboendet str\u00e4var personalen efter att l\u00e5ta de \u00e4ldre ha kul, f\u00e5 ta egna beslut och att de ska k\u00e4nna att boendet \u00e4r deras hem och familj. Vi f\u00e5r komma n\u00e4ra ett g\u00e4ng som tillsammans skrattar, skojar, gr\u00e5ter och tar vara p\u00e5 sin \u00e5lderdom.<\/p>\n<p>Ber\u00e4ttelsen fokuserar framf\u00f6r allt p\u00e5  Monicas och Ellas v\u00e4nskap. Monica som jobbar p\u00e5 boendet \u00e4r en aktivitetscoach som fortfarande s\u00f6rjer sin bortg\u00e5ngna mormor och Ella \u00e4r en 99-\u00e5rig boende utan egna barn. De f\u00e5r en t\u00e4t relation d\u00e4r de har har roligt tillsammans och kan tala \u00f6ppet och \u00e4rligt som n\u00e4ra v\u00e4nner om livets med- och motg\u00e5ngar i att \u00e5ldras och v\u00e5rdas i livets slutskede.<\/p>\n<p>Livet best\u00e5r av b\u00e5de gl\u00e4dje och sorg och det f\u00e5r vi f\u00f6lja p\u00e5 ett s\u00e4tt som k\u00e4nns \u00e4kta och verkligt. Det k\u00e4nns hoppfullt att det finns \u00e4ldreboende som kan fungera p\u00e5 detta s\u00e4tt. Jag hoppas denna dokument\u00e4r kommer att visas f\u00f6r alla som arbetar inom v\u00e5rd och alla politiker p\u00e5 alla niv\u00e5er. Ja egentligen borde alla se den. Min erfarenhet \u00e4r att det brister en hel del i Sverige n\u00e4r det g\u00e4ller r\u00e4ttigheter f\u00f6r de \u00e4ldre.<\/p>\n<p>Filmen k\u00e4nns v\u00e4ldigt \u00e4rlig och den tar upp den stora existentiella fr\u00e5gan om liv och d\u00f6d. Hur vi kan leva fast vi vet att d\u00f6den n\u00e4rmar sig.<\/p>\n<p>Min mamma ville absolut inte p\u00e5 n\u00e5gra villkor flytta till ett \u00e4ldreboende. Jag hade sv\u00e5rt att f\u00f6rst\u00e5 henne d\u00e5 men idag n\u00e4r jag sj\u00e4lv vet att vi alla \u00e5ldras har jag t\u00e4nkt p\u00e5 fr\u00e5gan och inser att jag inte heller vill bo tillsammans med s\u00e5 m\u00e5nga andra m\u00e4nniskor, sp\u00e5 nte ens ett \u00e4ldreboende d\u00e4r de \u00e4ldre blir bem\u00f6tta som vuxna, som p\u00e5 Kyrkbyn. Jag \u00e4r alldeles f\u00f6r mycket en m\u00e4nniska av stort behov av integritet och egentid. Men m\u00e5nga \u00e4r annorlunda \u00e4n jag och n\u00e4r de b\u00f6rjar tappa ork och kroppen inte orkar s\u00e5 mycket tror jag m\u00e5nga g\u00e4rna vill bo tillsammans med andra. Det viktiga \u00e4r att v\u00e5ga ta upp \u00e4mnet, att b\u00f6rja fundera p\u00e5 hur man vill ha det n\u00e4r man blir \u00e4ldre och att vi alla tillsammans, som bildar samh\u00e4llet, ser till att vi har de \u00e4ldreboenden som l\u00e5ter \u00e4ldre m\u00e4nniskor k\u00e4nna att det lever.<\/p>\n<p>Filmen k\u00e4nns viktig. Det r\u00e5der r\u00e4tt stor diskriminering av \u00e4ldre m\u00e4nniskor i Sverige. En m\u00e4nniska \u00e4r fortfarande vuxen n\u00e4r den blivit gammal och har kr\u00e4mpor och kanske m\u00e5ste ta sig fram med rullator eller i en rullstol.<\/p>\n<p><iframe loading=\"lazy\" src=\"https:\/\/player.vimeo.com\/video\/678151483?h=1a2ecfe236&amp;title=0&amp;byline=0\" width=\"640\" height=\"360\" frameborder=\"0\" allowfullscreen=\"allowfullscreen\"><\/iframe><\/p>\n<p><a href=\"https:\/\/vimeo.com\/678151483\">LEVA TILLS JAG D\u00d6R | Trailer (svenska)<\/a> from <a href=\"https:\/\/vimeo.com\/filmandtell\">Film and Tell<\/a> on <a href=\"https:\/\/vimeo.com\">Vimeo<\/a>.<\/p>\n","protected":false},"excerpt":{"rendered":"<p>Leva tills jag d\u00f6r Betyg 4 Svensk biopremi\u00e4r 30 september 2022 Regiss\u00f6rer: Gustav \u00c5gerstrand, \u00c5sa Ekman, Oscar Hedin Hetteberg &amp; Anders Teigen Producenter: Marina-Evelina Cracana &amp; Oscar Hedin Hetteberg Om livet, om gl\u00e4dje och sorg och samh\u00f6righet och om att f\u00e5 \u00e5ldras med v\u00e4rdighet. En gripande film om det som borde vara sj\u00e4lvklart: Att \u00e5ldras [&hellip;]<\/p>\n","protected":false},"author":2,"featured_media":0,"comment_status":"closed","ping_status":"closed","sticky":false,"template":"","format":"standard","meta":{"_genesis_hide_title":false,"_genesis_hide_breadcrumbs":false,"_genesis_hide_singular_image":false,"_genesis_hide_footer_widgets":false,"_genesis_custom_body_class":"","_genesis_custom_post_class":"","_genesis_layout":"","footnotes":""},"categories":[50,51,16,20,13624],"tags":[14388,1329,14354,1738],"class_list":{"0":"post-156901","1":"post","2":"type-post","3":"status-publish","4":"format-standard","6":"category-filmfilm","7":"category-filmer","8":"category-recension","9":"category-film","10":"category-toppnytt","11":"tag-aldreboenden","12":"tag-dokumentar","13":"tag-ffilmkritik","14":"tag-filmrecension","15":"entry"},"_links":{"self":[{"href":"https:\/\/kulturbloggen.com\/index.php?rest_route=\/wp\/v2\/posts\/156901","targetHints":{"allow":["GET"]}}],"collection":[{"href":"https:\/\/kulturbloggen.com\/index.php?rest_route=\/wp\/v2\/posts"}],"about":[{"href":"https:\/\/kulturbloggen.com\/index.php?rest_route=\/wp\/v2\/types\/post"}],"author":[{"embeddable":true,"href":"https:\/\/kulturbloggen.com\/index.php?rest_route=\/wp\/v2\/users\/2"}],"replies":[{"embeddable":true,"href":"https:\/\/kulturbloggen.com\/index.php?rest_route=%2Fwp%2Fv2%2Fcomments&post=156901"}],"version-history":[{"count":20,"href":"https:\/\/kulturbloggen.com\/index.php?rest_route=\/wp\/v2\/posts\/156901\/revisions"}],"predecessor-version":[{"id":156938,"href":"https:\/\/kulturbloggen.com\/index.php?rest_route=\/wp\/v2\/posts\/156901\/revisions\/156938"}],"wp:attachment":[{"href":"https:\/\/kulturbloggen.com\/index.php?rest_route=%2Fwp%2Fv2%2Fmedia&parent=156901"}],"wp:term":[{"taxonomy":"category","embeddable":true,"href":"https:\/\/kulturbloggen.com\/index.php?rest_route=%2Fwp%2Fv2%2Fcategories&post=156901"},{"taxonomy":"post_tag","embeddable":true,"href":"https:\/\/kulturbloggen.com\/index.php?rest_route=%2Fwp%2Fv2%2Ftags&post=156901"}],"curies":[{"name":"wp","href":"https:\/\/api.w.org\/{rel}","templated":true}]}}