{"id":156826,"date":"2022-09-07T03:19:16","date_gmt":"2022-09-07T01:19:16","guid":{"rendered":"https:\/\/kulturbloggen.com\/?p=156826"},"modified":"2022-09-09T09:49:22","modified_gmt":"2022-09-09T07:49:22","slug":"intryck-fran-goteborg-folk-festival-2022","status":"publish","type":"post","link":"https:\/\/kulturbloggen.com\/?p=156826","title":{"rendered":"Intryck fr\u00e5n G\u00f6teborg Folk Festival 2022"},"content":{"rendered":"\n<figure class=\"wp-block-image size-full is-style-default\"><img loading=\"lazy\" decoding=\"async\" width=\"650\" height=\"433\" src=\"https:\/\/kulturbloggen.com\/wp-content\/uploads\/2022\/09\/305182457_2945163832452360_3329206339430416741_n.jpg\" alt=\"\" class=\"wp-image-156828\" srcset=\"https:\/\/kulturbloggen.com\/wp-content\/uploads\/2022\/09\/305182457_2945163832452360_3329206339430416741_n.jpg 650w, https:\/\/kulturbloggen.com\/wp-content\/uploads\/2022\/09\/305182457_2945163832452360_3329206339430416741_n-300x200.jpg 300w\" sizes=\"auto, (max-width: 650px) 100vw, 650px\" \/><figcaption>L\u00e5ngbacka\/ B\u00e5dag\u00e5rd   foto Josefina (producent f\u00f6r festivalen)                                             <\/figcaption><\/figure>\n\n\n\n<p>2-4\/9 2022<\/p>\n\n\n\n<p>Olika scener i G\u00f6teborg<\/p>\n\n\n\n<p>Festivalen krockade i \u00e5r med senarelagda Kulturkalaset och f\u00f6r egen del med engagerande sport p\u00e5 tv, vilket innebar att jag endast var med om tv\u00e5 och halv konsert. Och fredagskv\u00e4llens vikte jag dessutom \u00e5t h\u00f6gklassig psykedelisk rock p\u00e5 Nef (utf\u00f6rlig recension i K-bloggen). Vad g\u00e4ller GFF blev jag i ena fallet inbjuden baserat p\u00e5 tidigare recension. Betr\u00e4ffande en begivenhet n\u00e5gra timmar tidigare p\u00e5 l\u00f6rdagen tog jag sj\u00e4lv ett initiativ, anm\u00e4lde mitt intresse f\u00f6r att komma.<\/p>\n\n\n\n<p>L\u00e5ngbacka\/ B\u00e5dag\u00e5rd har gjort soundtrack (<em>Glaci\u00e4r)<\/em> och sl\u00e4ppt tv\u00e5 full\u00e4ngdare, vilka mottogs mycket entusiastiskt av bland andra undertecknad. Det f\u00f6rsta som sl\u00e5r en p\u00e5 spati\u00f6sa Skeppet i Sj\u00f6manskyrkan, \u00e4r  att s\u00e5 f\u00e5 kommit n\u00e4r konserten skulle g\u00e5 av stapeln. En kvart senare har lyckligtvis skaplig tillstr\u00f6mning skett.  Duons crossover-approach g\u00f6r att de presenteras som hj\u00e4ltar, lanseras med devisen &#8221;pop med folksj\u00e4l eller folk med pop-sj\u00e4l&#8221;. Kvinnorna l\u00e5ter sina lika skira som auktoritativa r\u00f6ster, fioler och Matilda B\u00e5dag\u00e5rds pianospel gifta sig med tunga beats i samplad form. Ska till\u00e4ggas att B\u00e5dag\u00e5rd ocks\u00e5 anv\u00e4nder sig av ett keyboard. Ljudbilden var i b\u00f6rjan ov\u00e4ntat stark, n\u00e4stan p\u00e5tr\u00e4ngande maffig. Efterhand uppstod skaplig balans. Kan ha r\u00f6rt sig om otillr\u00e4cklig tid f\u00f6r soundcheck.<\/p>\n\n\n\n<p>Under konsertens resterande trekvart myser jag  sittandes i en bekv\u00e4m f\u00e5t\u00f6lj Njuter av ett sound jag \u00e4r f\u00f6rtrogen med. Vi serveras flertalet av deras hits. Ordl\u00f6s duett med f\u00f6runderlig efterklang inleder. Titell\u00e5ten fr\u00e5n senaste albumet avl\u00f6ser. Med n\u00e4mnda effekter, instrumentering och s\u00e4llsam r\u00f6stbehandling etableras magi stegvis. <em>Ocean <\/em> exemplifierar  str\u00e5lande. Majas r\u00f6st i f\u00f6rening med Matildas pianospel sveper in oss i ett f\u00f6rf\u00f6riskt tillst\u00e5nd. Rytmiken och de vokala arrangemangen utg\u00f6r en ljuvlig specialitet, f\u00e5r mig att t\u00e4nka tillbaka p\u00e5 sekelskiftets supergrupp Gloria. Maja sjunger otroligt vackert och tillsammans l\u00e5ter duon betagande, rent av himmelska utan att n\u00e5gonsin bli inst\u00e4llsamma. Som regel sj\u00f6ngs p\u00e5 engelska, \u00e4ven om svensk folkvisa ocks\u00e5 f\u00f6rekommer. <em>Missing Parts <\/em>heter en annan p\u00e4rla, enligt dem sj\u00e4lva tillh\u00f6r den kategorin brustna-hj\u00e4rtan-ballader vilka pockar p\u00e5 att finnas p\u00e5 repertoaren. <\/p>\n\n\n\n<figure class=\"wp-block-image size-full is-style-default\"><img loading=\"lazy\" decoding=\"async\" width=\"650\" height=\"433\" src=\"https:\/\/kulturbloggen.com\/wp-content\/uploads\/2022\/09\/305526779_2945163635785713_884911082218562524_n.jpg\" alt=\"\" class=\"wp-image-156844\" srcset=\"https:\/\/kulturbloggen.com\/wp-content\/uploads\/2022\/09\/305526779_2945163635785713_884911082218562524_n.jpg 650w, https:\/\/kulturbloggen.com\/wp-content\/uploads\/2022\/09\/305526779_2945163635785713_884911082218562524_n-300x200.jpg 300w\" sizes=\"auto, (max-width: 650px) 100vw, 650px\" \/><figcaption>R\u00c5 &#8211; foto  Josefina (producent p\u00e5 G\u00f6teborg Folk Festival)                    <\/figcaption><\/figure>\n\n\n\n<p>B\u00e5da trakterar fiol i egenskriven filmmusik, en vals som symboliserar \u00e5ngesten hos rollfigurer i ett kammarspel, Man triumferar i de fyra l\u00e5tar som lagts sist. I tur och ordning vad som blivit ett ofantligt suggestivt statement, ett slags signaturmelodi f\u00f6r Me Too-r\u00f6relsen f\u00f6ljt av den sugande atmosf\u00e4ren i deras popd\u00e4nga om drottning Elisabet, covern <em>Solsbury Hill<\/em> av husguden Peter Gabriel samt extranumret <em>Wish. <\/em>Det sv\u00e4nger rej\u00e4lt i detta sjok n\u00e4r melodiernas teman levereras med bravur. <\/p>\n\n\n\n<p>Stannade kvar p\u00e5 Skeppet f\u00f6r att jag var nyfiken p\u00e5 n\u00e4sta akt. R\u00c5 blev lite f\u00f6rsenade, varf\u00f6r jag bara hann h\u00f6ra drygt en halvtimme. Trion har hajpats f\u00f6r att maximalistiskt tolka skandinaviska folkmusikskatten, trots att debutalbumet kommer f\u00f6rst i h\u00f6st. Anm\u00e4rkningsv\u00e4rt att s\u00e5pass m\u00e5nga i publiken f\u00f6redrar att \u00e4gna sig \u00e5t pardans ist\u00e4llet f\u00f6r att bara lyssna. Dansades polskor, schottis och dylikt. Medlemmarna i trion heter Christine Tilby fr\u00e5n Danmark,  Anna Frykstam (klarinett och basklarinett) samt Cecilia Moore (fr\u00e4mst barytonsax). Uppskattade att  fiolens diskant v\u00e4vdes in i m\u00f6rkare toner fr\u00e5n barytonen och basklarinett. ocks\u00e5 att str\u00e4nginstrumentet utmanades av en yster klarinett. Helt klart en f\u00e4ngslande trio som gav mersmak, fast de inte k\u00f6rde den h\u00e5rdf\u00f6ra attityd som f\u00f6respeglats. Stunden jag n\u00e4rvarade bj\u00f6ds f\u00f6rvisso p\u00e5 dansanta melodier, men inget hejdl\u00f6st, vilt \u00f6s \u00e1 la h\u00e5rdrock. Moore passade p\u00e5 att kasta ut en testballong, genom att problematisera begreppet svensk folkmusik.  <\/p>\n\n\n\n<figure class=\"wp-block-image size-full is-style-default\"><img loading=\"lazy\" decoding=\"async\" width=\"650\" height=\"433\" src=\"https:\/\/kulturbloggen.com\/wp-content\/uploads\/2022\/09\/305202774_2945164109118999_857180995596018300_n.jpg\" alt=\"\" class=\"wp-image-156845\" srcset=\"https:\/\/kulturbloggen.com\/wp-content\/uploads\/2022\/09\/305202774_2945164109118999_857180995596018300_n.jpg 650w, https:\/\/kulturbloggen.com\/wp-content\/uploads\/2022\/09\/305202774_2945164109118999_857180995596018300_n-300x200.jpg 300w\" sizes=\"auto, (max-width: 650px) 100vw, 650px\" \/><figcaption>Sp\u00f6ket i k\u00f6ket &#8211; foto Josefina (producent p\u00e5 G\u00f6teborg Folk Festival)                          <\/figcaption><\/figure>\n\n\n\n<p>22:30 p\u00e5 Musikens Hus skulle kollektivet SP\u00d6KET I K\u00d6KET ha dragit ig\u00e5ng sin livade releasespelning. F\u00f6rv\u00e4ntansfulla \u00e5h\u00f6rare och danssugna fick ge sig till t\u00e5ls 30 min innan alla tekniska detaljer f\u00f6ll p\u00e5 plats. Till saken h\u00f6r att Nisse Blomster som st\u00e5r f\u00f6r samtliga arr basar f\u00f6r ett kollektiv, vars k\u00f6nsmixade och delvis internationella grunduppst\u00e4llning uppg\u00e5r till tio personer. Dessutom tillkommer g\u00e4ster. Tack vare  gl\u00e4djen till musiken och vid behov tillg\u00e5ng till vikarier, fungerar detta om\u00f6jliga projekt.  Har h\u00f6rt dem p\u00e5 releasekonsert p\u00e5 Nef, varp\u00e5 jag lyssnade p\u00e5 tv\u00e5 skivor och skrev ber\u00f6mmande om den d\u00e5 aktuella i K-bloggen. \u00c4mnar g\u00f6ra sammalunda med sprillans f\u00e4rska <em>Kurbits &amp; Flames<\/em>, det vill s\u00e4ga fokusera p\u00e5 att skivrecensera Sp\u00f6ket i k\u00f6ket.<\/p>\n\n\n\n<p>En skillnad gentemot konserten p\u00e5 Nef \u00e4r att platsen n\u00e4rmast scen var till f\u00f6r dansande par. Gam\u00e4ngen  Blomster manar p\u00e5 sina medmusiker, vilka lyckas f\u00e5 till en h\u00f6goktanig show. Och framf\u00f6r allt uppmanas  publiken att r\u00f6ra p\u00e5 sig.  Man hade ny backdrop, gjorde reklam f\u00f6r diverse merch och p\u00e5 v\u00e4ggarna visades ett actionfyllt f\u00e4rgfyrverkeri. En personlig miss under en h\u00e4ndelserik afton var att jag borde stoppat i mig ett skrovm\u00e5l. I motsats till musikerna p\u00e5 scen tog energin slut f\u00f6re Sp\u00f6ket i k\u00f6ket tagit sig till sista tonerna efter halvannan timme. <\/p>\n\n\n\n<p> Energin i ystra valser och reels kontra st\u00e4mningsfullt vemodiga alster, n\u00f6dv\u00e4ndiga f\u00f6r att h\u00e4mta andan, resulterar i total succ\u00e9. Bl\u00e5ssektionen p\u00e5 fyra, ibland fem personer f\u00e4rgar soundet liksom enda fiolen och vevliran. Blomster g\u00f6r ett beundransv\u00e4rt jobb genom att kombinera spel p\u00e5 mandolin eller gitarr med att frambringa stadig rytm med ena foten, s\u00e5 kallad podorytmik. Konserten sv\u00e4nger, antingen kopi\u00f6st eller mer finstilt. V\u00e4xlingen mellan det speedat snabba och dr\u00f6jande melankoli \u00e4r avgjort en kolossal styrka hos dessa gl\u00e4djespridare. Polskan i moll var enast\u00e5ende!<\/p>\n\n\n\n<p> En reflektion \u00e4r att Sp\u00f6ket i k\u00f6ket nog l\u00e5ter annorlunda live, anpassas efter dansande publiks \u00f6nskem\u00e5l om att h\u00e5lla fast vid den takt en l\u00e5t utg\u00e5r fr\u00e5n. Mitt i funktionella m\u00f6nster kan  motst\u00e4mmor och \u00f6verg\u00e5ngar inuti l\u00e5tar saknas. En tanke som v\u00e4cktes under en minst sagt medryckande tillst\u00e4llning med vissa f\u00f6rdjupningar. <\/p>\n\n\n\n<p><\/p>\n\n\n\n<p><\/p>\n\n\n\n<p><\/p>\n\n\n\n<p><\/p>\n\n\n\n<p> <\/p>\n\n\n\n<p><\/p>\n","protected":false},"excerpt":{"rendered":"<p>2-4\/9 2022 Olika scener i G\u00f6teborg Festivalen krockade i \u00e5r med senarelagda Kulturkalaset och f\u00f6r egen del med engagerande sport p\u00e5 tv, vilket innebar att jag endast var med om tv\u00e5 och halv konsert. Och fredagskv\u00e4llens vikte jag dessutom \u00e5t h\u00f6gklassig psykedelisk rock p\u00e5 Nef (utf\u00f6rlig recension i K-bloggen). Vad g\u00e4ller GFF blev jag i [&hellip;]<\/p>\n","protected":false},"author":34,"featured_media":0,"comment_status":"closed","ping_status":"closed","sticky":false,"template":"","format":"standard","meta":{"_genesis_hide_title":false,"_genesis_hide_breadcrumbs":false,"_genesis_hide_singular_image":false,"_genesis_hide_footer_widgets":false,"_genesis_custom_body_class":"","_genesis_custom_post_class":"","_genesis_layout":"","footnotes":""},"categories":[7,16,13624],"tags":[],"class_list":{"0":"post-156826","1":"post","2":"type-post","3":"status-publish","4":"format-standard","6":"category-musik","7":"category-recension","8":"category-toppnytt","9":"entry"},"_links":{"self":[{"href":"https:\/\/kulturbloggen.com\/index.php?rest_route=\/wp\/v2\/posts\/156826","targetHints":{"allow":["GET"]}}],"collection":[{"href":"https:\/\/kulturbloggen.com\/index.php?rest_route=\/wp\/v2\/posts"}],"about":[{"href":"https:\/\/kulturbloggen.com\/index.php?rest_route=\/wp\/v2\/types\/post"}],"author":[{"embeddable":true,"href":"https:\/\/kulturbloggen.com\/index.php?rest_route=\/wp\/v2\/users\/34"}],"replies":[{"embeddable":true,"href":"https:\/\/kulturbloggen.com\/index.php?rest_route=%2Fwp%2Fv2%2Fcomments&post=156826"}],"version-history":[{"count":17,"href":"https:\/\/kulturbloggen.com\/index.php?rest_route=\/wp\/v2\/posts\/156826\/revisions"}],"predecessor-version":[{"id":156940,"href":"https:\/\/kulturbloggen.com\/index.php?rest_route=\/wp\/v2\/posts\/156826\/revisions\/156940"}],"wp:attachment":[{"href":"https:\/\/kulturbloggen.com\/index.php?rest_route=%2Fwp%2Fv2%2Fmedia&parent=156826"}],"wp:term":[{"taxonomy":"category","embeddable":true,"href":"https:\/\/kulturbloggen.com\/index.php?rest_route=%2Fwp%2Fv2%2Fcategories&post=156826"},{"taxonomy":"post_tag","embeddable":true,"href":"https:\/\/kulturbloggen.com\/index.php?rest_route=%2Fwp%2Fv2%2Ftags&post=156826"}],"curies":[{"name":"wp","href":"https:\/\/api.w.org\/{rel}","templated":true}]}}