{"id":156603,"date":"2022-08-31T13:29:57","date_gmt":"2022-08-31T11:29:57","guid":{"rendered":"https:\/\/kulturbloggen.com\/?p=156603"},"modified":"2022-08-31T13:29:57","modified_gmt":"2022-08-31T11:29:57","slug":"react-eu-digitala-musiklyftet-sveriges-just-nu-storsta-utbildningsprojekt-i-musikbransche","status":"publish","type":"post","link":"https:\/\/kulturbloggen.com\/?p=156603","title":{"rendered":"React-EU: Digitala Musiklyftet &#8211; Sveriges just nu st\u00f6rsta utbildningsprojekt i musikbransche"},"content":{"rendered":"<p>Musikerf\u00f6rbundet anordnar fr\u00e5n och med i h\u00f6st ett antal kostnadsfria kurser i ett kompetensutvecklingsprogram. Projektet React-EU: Digitala Musiklyftet vill st\u00e4rka och inspirera fler musiker till att kunna r\u00f6ra sig i dagens digitala v\u00e4rld med sj\u00e4lvf\u00f6rtroende och med utg\u00e5ngspunkt i det egna skapandet. Genom webbkurser och hands on-utbildningar \u00f6ver hela landet st\u00e4rker projektet musikerk\u00e5ren, ber\u00e4ttar ett pressmeddelande fr\u00e5n Musikerf\u00f6rbundet:<\/p>\n<p>Musikerf\u00f6rbundet har sett ett stort behov av kompetensh\u00f6jning efter pandemin. ESF-r\u00e5det har genom initiativet React-EU beviljat organisationen 8,5 miljoner kronor i st\u00f6d till kompetensh\u00f6jande insatser f\u00f6r musiker.<\/p>\n<p>N\u00e4r EU, via ESF (Europeiska Socialfonden), utlyste projektpengar f\u00f6r att kompetensutveckla yrkesgrupper som drabbats av pandemin var musiker en sj\u00e4lvklar m\u00e5lgrupp. Musikerf\u00f6rbundets projektgrupp formulerade ett f\u00f6rslag p\u00e5 utbildningsprogram som EU godk\u00e4nde och nu \u00e4r arbetet med ett digert utbildnings\u00e5r i full g\u00e5ng. De olika utbildningarna g\u00f6rs av n\u00e5gra av Sveriges vassaste f\u00f6rel\u00e4sare  och handlar om att webbs\u00e4nda live, digitala plattformar\/f\u00f6rs\u00f6rjningsm\u00f6jligheter, aggregatorer f\u00f6r musikutgivning, digital musikproduktion och digital videoproduktion.<\/p>\n<p>&#8211; Musiker kan v\u00e4lja om de vill delta i en eller flera av v\u00e5ra kurser, men platserna \u00e4r begr\u00e4nsade s\u00e5 det \u00e4r f\u00f6rst till kvarn som g\u00e4ller! s\u00e4ger Anneli Axelsson, en av projektledarna f\u00f6r React-EU: Digitala Musiklyftet.<\/p>\n<p>Utbildningarna som kommer att lanseras i h\u00f6st v\u00e4nder sig till yrkesverksamma musiker och artister i hela landet och har fyra fokusomr\u00e5den.<\/p>\n<p>Teknisk kunskap &#8211; hur g\u00f6r jag en digital s\u00e4ndning med bra ljud, bra bild och snyggt ljus?<br \/>\nS\u00e4ndningsr\u00e4ttigheter, upphovsr\u00e4tt och avtal  &#8211; vad g\u00e4ller?<br \/>\nDigitala portaler och plattformar &#8211; hur och var hittar jag min publik?<br \/>\nBetalningsmodeller  &#8211; hur tar jag betalt?<\/p>\n","protected":false},"excerpt":{"rendered":"<p>Musikerf\u00f6rbundet anordnar fr\u00e5n och med i h\u00f6st ett antal kostnadsfria kurser i ett kompetensutvecklingsprogram. Projektet React-EU: Digitala Musiklyftet vill st\u00e4rka och inspirera fler musiker till att kunna r\u00f6ra sig i dagens digitala v\u00e4rld med sj\u00e4lvf\u00f6rtroende och med utg\u00e5ngspunkt i det egna skapandet. Genom webbkurser och hands on-utbildningar \u00f6ver hela landet st\u00e4rker projektet musikerk\u00e5ren, ber\u00e4ttar ett [&hellip;]<\/p>\n","protected":false},"author":13,"featured_media":0,"comment_status":"closed","ping_status":"closed","sticky":false,"template":"","format":"standard","meta":{"_genesis_hide_title":false,"_genesis_hide_breadcrumbs":false,"_genesis_hide_singular_image":false,"_genesis_hide_footer_widgets":false,"_genesis_custom_body_class":"","_genesis_custom_post_class":"","_genesis_layout":"","footnotes":""},"categories":[7],"tags":[],"class_list":{"0":"post-156603","1":"post","2":"type-post","3":"status-publish","4":"format-standard","6":"category-musik","7":"entry"},"_links":{"self":[{"href":"https:\/\/kulturbloggen.com\/index.php?rest_route=\/wp\/v2\/posts\/156603","targetHints":{"allow":["GET"]}}],"collection":[{"href":"https:\/\/kulturbloggen.com\/index.php?rest_route=\/wp\/v2\/posts"}],"about":[{"href":"https:\/\/kulturbloggen.com\/index.php?rest_route=\/wp\/v2\/types\/post"}],"author":[{"embeddable":true,"href":"https:\/\/kulturbloggen.com\/index.php?rest_route=\/wp\/v2\/users\/13"}],"replies":[{"embeddable":true,"href":"https:\/\/kulturbloggen.com\/index.php?rest_route=%2Fwp%2Fv2%2Fcomments&post=156603"}],"version-history":[{"count":4,"href":"https:\/\/kulturbloggen.com\/index.php?rest_route=\/wp\/v2\/posts\/156603\/revisions"}],"predecessor-version":[{"id":156646,"href":"https:\/\/kulturbloggen.com\/index.php?rest_route=\/wp\/v2\/posts\/156603\/revisions\/156646"}],"wp:attachment":[{"href":"https:\/\/kulturbloggen.com\/index.php?rest_route=%2Fwp%2Fv2%2Fmedia&parent=156603"}],"wp:term":[{"taxonomy":"category","embeddable":true,"href":"https:\/\/kulturbloggen.com\/index.php?rest_route=%2Fwp%2Fv2%2Fcategories&post=156603"},{"taxonomy":"post_tag","embeddable":true,"href":"https:\/\/kulturbloggen.com\/index.php?rest_route=%2Fwp%2Fv2%2Ftags&post=156603"}],"curies":[{"name":"wp","href":"https:\/\/api.w.org\/{rel}","templated":true}]}}