{"id":156215,"date":"2022-08-19T09:39:54","date_gmt":"2022-08-19T07:39:54","guid":{"rendered":"https:\/\/kulturbloggen.com\/?p=156215"},"modified":"2022-08-19T09:39:55","modified_gmt":"2022-08-19T07:39:55","slug":"hundratals-forfattare-laser-till-stod-for-rushdie-men-i-sverige-ar-det-tyst","status":"publish","type":"post","link":"https:\/\/kulturbloggen.com\/?p=156215","title":{"rendered":"Hundratals f\u00f6rfattare l\u00e4ser till st\u00f6d f\u00f6r Rushdie &#8211; men i Sverige \u00e4r det tyst"},"content":{"rendered":"<p><img loading=\"lazy\" decoding=\"async\" class=\"aligncenter size-full wp-image-156221\" src=\"https:\/\/kulturbloggen.com\/wp-content\/uploads\/2022\/08\/Skarmavbild-2022-08-19-kl.-09.34.20-e1660894550608.jpg\" alt=\"\" width=\"617\" height=\"336\" srcset=\"https:\/\/kulturbloggen.com\/wp-content\/uploads\/2022\/08\/Skarmavbild-2022-08-19-kl.-09.34.20-e1660894550608.jpg 617w, https:\/\/kulturbloggen.com\/wp-content\/uploads\/2022\/08\/Skarmavbild-2022-08-19-kl.-09.34.20-e1660894550608-300x163.jpg 300w\" sizes=\"auto, (max-width: 617px) 100vw, 617px\" \/><\/p>\n<p>Hundratals f\u00f6rfattare l\u00e4ser till st\u00f6d f\u00f6r Rushdie, ber\u00e4ttar Dagens Nyheter:<\/p>\n<p><em>Efter attacken mot Salman Rushdie samlas hundratals f\u00f6rfattare, bland dem Paul Auster och Siri Hustvedt, f\u00f6r att l\u00e4sa texter av Rushie under ett st\u00f6devenemang i New York.<\/em><\/p>\n<p>Jag fr\u00e5gar mig: Vad g\u00f6r de svenska f\u00f6rfattarna? Det \u00e4r v\u00e4lbekant att den svenska akademin inte stod upp f\u00f6r Salman Rushdie n\u00e4r han fick d\u00f6dshotet \u00f6ver sig. Det \u00e4r n\u00e5got v\u00e4ldigt konstigt med svenska kulturarbetare. Det \u00e4r som att det \u00e4r tabu att p\u00e5 n\u00e5got s\u00e4tt kritisera fundamentalistiska islamister. Om en f\u00f6rfattare var hotad av h\u00f6gerextrema \u00e4r jag hundra procent s\u00e4ker p\u00e5 att den svenska kulturv\u00e4rlden hade st\u00e5tt upp till f\u00f6rsvar f\u00f6r det fria ordet och ge st\u00f6d \u00e5t den hotade f\u00f6rfattaren. Men nu n\u00e4r det \u00e4r islamistiska fundamentalister, som uppenbarligen ocks\u00e5 f\u00e5r st\u00f6d av Iran, d\u00e5 h\u00f6rs ingenting.<\/p>\n<p>Det \u00e4r rent skr\u00e4mmande att svenska politiker och kulturrepresentanter inte p\u00e5 n\u00e5got s\u00e4tt \u00e4r emot det f\u00f6rtryck mot kvinnor som g\u00f6rs i extrema l\u00e4nder som Iran och Saudiarabien. H\u00e4lften av befolkningen, det vill s\u00e4ga kvinnor, f\u00e5r inte ta ett jobb utan att deras make skriver under att de godk\u00e4nner det i dessa tv\u00e5 l\u00e4nder. En kvinna f\u00e5r inte heller resa utomlands utan mannens godk\u00e4nnande.<\/p>\n<p>Hur kan Sverige samarbeta och ha handelsavtal och ge st\u00f6d \u00e5t l\u00e4nder som f\u00f6rtrycker halva sin befolkning?<\/p>\n<p>Jag tror att detta p\u00e5verkar varf\u00f6r den svenska kulturv\u00e4rlden tiger om hur yttrandefriheten trycks ned genom hot mot f\u00f6rfattare som p\u00e5 n\u00e5got vis yttrat n\u00e5got kritiskt mot islamistisk fundamentalism. Dessutom \u00e4r den bok som Salman Rushdie skrivit (Satansverserna) inte s\u00e4rskilt kritisk mot islam \u00e4nd\u00e5.<\/p>\n<p>Dagens Nyheter ber\u00e4ttar om evenemanget i New York:<br \/>\n<em>Evenemanget \u00e4r t\u00e4nkt att fungera som rekonstruktion av ett liknande evenemang som anordnades 1989, i samband med att en fatwa utf\u00e4rdats mot Rushdie p\u00e5 grund av hans roman \u201dSatansverserna\u201d.<\/em><\/p>\n<p>Och som vi vet, redan d\u00e5 var svenska f\u00f6rfattare och representanter f\u00f6r svensk kultur oerh\u00f6rt fega.<\/p>\n<p>Ett exempel p\u00e5 hur svenska politiker inte vill till\u00e5ta kritik mot islamististiska fundamentalister <a href=\"https:\/\/www.gp.se\/ledare\/vi-ska-inte-ha-s\u00e4rr\u00e4ttigheter-f\u00f6r-muslimer-annie-l\u00f6\u00f6f-1.71458097\">ber\u00e4ttar G\u00f6teborgsposten<\/a> om n\u00e4r Centerns partiledare Annie L\u00f6\u00f6f i en podcastutfr\u00e5gning i Svenska Dagbladet uttalat att det borde vara f\u00f6rbjudet att kritisera islam under ramadan:<\/p>\n<p><em>Centerledaren ger d\u00e5 beskedet att polisen borde begr\u00e4nsa demonstrationer av Paludans slag med st\u00f6d av de ordningsbest\u00e4mmelser som till\u00e5ter att polisen ger avslag p\u00e5 demonstrationer eller flyttar runt dem.<br \/>\nMen Annie L\u00f6\u00f6f vill g\u00e5 l\u00e4ngre \u00e4n s\u00e5. Under intervjun ger Centerledaren uttryck f\u00f6r att vilja f\u00f6rbjuda demonstrationer i utsatta omr\u00e5den och under den muslimska h\u00f6gtiden Ramadan.<\/em><\/p>\n","protected":false},"excerpt":{"rendered":"<p>Hundratals f\u00f6rfattare l\u00e4ser till st\u00f6d f\u00f6r Rushdie, ber\u00e4ttar Dagens Nyheter: Efter attacken mot Salman Rushdie samlas hundratals f\u00f6rfattare, bland dem Paul Auster och Siri Hustvedt, f\u00f6r att l\u00e4sa texter av Rushie under ett st\u00f6devenemang i New York. Jag fr\u00e5gar mig: Vad g\u00f6r de svenska f\u00f6rfattarna? Det \u00e4r v\u00e4lbekant att den svenska akademin inte stod upp [&hellip;]<\/p>\n","protected":false},"author":2,"featured_media":0,"comment_status":"closed","ping_status":"closed","sticky":false,"template":"","format":"standard","meta":{"_genesis_hide_title":false,"_genesis_hide_breadcrumbs":false,"_genesis_hide_singular_image":false,"_genesis_hide_footer_widgets":false,"_genesis_custom_body_class":"","_genesis_custom_post_class":"","_genesis_layout":"","footnotes":""},"categories":[62,3,13624],"tags":[8500,14379,14377,14378],"class_list":{"0":"post-156215","1":"post","2":"type-post","3":"status-publish","4":"format-standard","6":"category-medie-och-kulturpolitik","7":"category-litteratur","8":"category-toppnytt","9":"tag-annie-loof","10":"tag-fega-svenska-politiker","11":"tag-salman-rushdie","12":"tag-yttrandefriheten","13":"entry"},"_links":{"self":[{"href":"https:\/\/kulturbloggen.com\/index.php?rest_route=\/wp\/v2\/posts\/156215","targetHints":{"allow":["GET"]}}],"collection":[{"href":"https:\/\/kulturbloggen.com\/index.php?rest_route=\/wp\/v2\/posts"}],"about":[{"href":"https:\/\/kulturbloggen.com\/index.php?rest_route=\/wp\/v2\/types\/post"}],"author":[{"embeddable":true,"href":"https:\/\/kulturbloggen.com\/index.php?rest_route=\/wp\/v2\/users\/2"}],"replies":[{"embeddable":true,"href":"https:\/\/kulturbloggen.com\/index.php?rest_route=%2Fwp%2Fv2%2Fcomments&post=156215"}],"version-history":[{"count":7,"href":"https:\/\/kulturbloggen.com\/index.php?rest_route=\/wp\/v2\/posts\/156215\/revisions"}],"predecessor-version":[{"id":156223,"href":"https:\/\/kulturbloggen.com\/index.php?rest_route=\/wp\/v2\/posts\/156215\/revisions\/156223"}],"wp:attachment":[{"href":"https:\/\/kulturbloggen.com\/index.php?rest_route=%2Fwp%2Fv2%2Fmedia&parent=156215"}],"wp:term":[{"taxonomy":"category","embeddable":true,"href":"https:\/\/kulturbloggen.com\/index.php?rest_route=%2Fwp%2Fv2%2Fcategories&post=156215"},{"taxonomy":"post_tag","embeddable":true,"href":"https:\/\/kulturbloggen.com\/index.php?rest_route=%2Fwp%2Fv2%2Ftags&post=156215"}],"curies":[{"name":"wp","href":"https:\/\/api.w.org\/{rel}","templated":true}]}}