{"id":15621,"date":"2009-12-09T08:07:22","date_gmt":"2009-12-09T07:07:22","guid":{"rendered":"http:\/\/kulturbloggen.com\/?p=15621"},"modified":"2009-12-09T08:07:22","modified_gmt":"2009-12-09T07:07:22","slug":"varens-premiarer-pa-teater-giljotin","status":"publish","type":"post","link":"https:\/\/kulturbloggen.com\/?p=15621","title":{"rendered":"V\u00e5rens premi\u00e4rer p\u00e5 Teater Giljotin"},"content":{"rendered":"<p><a href=\"http:\/\/kulturbloggen.com\/wp-content\/uploads\/2009\/12\/teatergiljotin.jpg\"><img loading=\"lazy\" decoding=\"async\" src=\"http:\/\/kulturbloggen.com\/wp-content\/uploads\/2009\/12\/teatergiljotin-300x211.jpg\" alt=\"teatergiljotin\" title=\"teatergiljotin\" width=\"300\" height=\"211\" class=\"aligncenter size-medium wp-image-15622\" \/><\/a><\/p>\n<p>Den fria teatern Teater Giljotin p\u00e5 Torsgatan i Stockholm har sl\u00e4ppt sitt program f\u00f6r v\u00e5ren. Programmet uppvisar en sp\u00e4nnande blandning av performancef\u00f6rest\u00e4llningar med inspiration fr\u00e5n olika kulturer.<\/p>\n<p>V\u00e5r tids r\u00e4dsla f\u00f6r AK von Malmborg s\u00e4gs vara en utl\u00e4mnande musikf\u00f6rest\u00e4llning, som \u00e4r baserad p\u00e5 skivan med samma titel som sl\u00e4pptes i dagarna. Medverkar g\u00f6r f\u00f6rutom pop- och performanceartisten AK von Malmborg ocks\u00e5 Stockholms Akademiska Orkester. Regi av Johan Wahlstr\u00f6m. Pj\u00e4sen spelas den 17, 18 och 24 januari 2010.<\/p>\n<p>Silverfisken \u00e4r Sofia Rapp-Johanssons f\u00f6rfattardebut, som hon fick katapultpriset f\u00f6r 2007. F\u00f6rest\u00e4llningen \u00e4r ett vittnesb\u00f6rd fr\u00e5n ett barn som genomlevt sexuella \u00f6vergrepp.<\/p>\n<p>Teatern\/ performanceakten framf\u00f6rs av \u00c5sa Wid\u00e9en i regi av Andreas Nilsson och spelas den 5 \u2013 22 februari 2010.<\/p>\n<p>Negerns och hundarnas kamp \u00e4r en helaftonspj\u00e4s skriven av den franska dramatikern Bernhard-Marie Kolt\u00e9s. Handlingen utspelar sig i ett hett Afrika, d\u00e4r en afrikansk man inte kan hitta kroppen av sin d\u00f6de bror. Sunil Munshi g\u00f6r regidebut med denna suggestiva pj\u00e4s, som spelas den 11 \u2013 28 mars 2010. Medverkar g\u00f6r bland andra Niclas Engdahl och Malin Morgan.<\/p>\n<p>Emergency Exit \u00e4r en performance om identitet och skruvade livsrytmer, av och med Tana Maneva, Sahajo Project, och med originalmusik av Rikard Borgg\u00e5rd. Den spelas den 24 april \u2013 21 maj 2010.<\/p>\n<p>Den nystartade teaterensemblen Unga Giljotin presenterar dessutom tre projekt i maj och juni och under samma period framf\u00f6r performancegruppen Quarto Physical teaterprojektet Theater Waste In Process \u2013 en brasiliansk reflektion \u00f6ver v\u00e5r tids masskonsumtion.<\/p>\n<p>L\u00e4s mer p\u00e5 <a href=\"http:\/\/www.teatergiljotin.se\">http:\/\/www.teatergiljotin.se<\/a><\/p>\n<p>L\u00e4s \u00e4ven andra bloggares \u00e5sikter om <a href=\"http:\/\/bloggar.se\/om\/teater\" rel=\"tag\">teater<\/a>, <a href=\"http:\/\/bloggar.se\/om\/Stockholm\" rel=\"tag\">Stockholm<\/a>, <a href=\"http:\/\/bloggar.se\/om\/premi%E4rer\" rel=\"tag\">premi\u00e4rer<\/a>, <a href=\"http:\/\/bloggar.se\/om\/v%E5ren\" rel=\"tag\">v\u00e5ren<\/a>, <a href=\"http:\/\/bloggar.se\/om\/Teater+Giljotin\" rel=\"tag\">Teater Giljotin<\/a><\/p>\n","protected":false},"excerpt":{"rendered":"<p>Den fria teatern Teater Giljotin p\u00e5 Torsgatan i Stockholm har sl\u00e4ppt sitt program f\u00f6r v\u00e5ren. Programmet uppvisar en sp\u00e4nnande blandning av performancef\u00f6rest\u00e4llningar med inspiration fr\u00e5n olika kulturer. V\u00e5r tids r\u00e4dsla f\u00f6r AK von Malmborg s\u00e4gs vara en utl\u00e4mnande musikf\u00f6rest\u00e4llning, som \u00e4r baserad p\u00e5 skivan med samma titel som sl\u00e4pptes i dagarna. Medverkar g\u00f6r f\u00f6rutom pop- [&hellip;]<\/p>\n","protected":false},"author":13,"featured_media":0,"comment_status":"open","ping_status":"open","sticky":false,"template":"","format":"standard","meta":{"_genesis_hide_title":false,"_genesis_hide_breadcrumbs":false,"_genesis_hide_singular_image":false,"_genesis_hide_footer_widgets":false,"_genesis_custom_body_class":"","_genesis_custom_post_class":"","_genesis_layout":"","footnotes":""},"categories":[30],"tags":[4477,5400,12288,6300],"class_list":{"0":"post-15621","1":"post","2":"type-post","3":"status-publish","4":"format-standard","6":"category-teater","7":"tag-premiarer","8":"tag-stockholm","9":"tag-teater","10":"tag-varen","11":"entry"},"_links":{"self":[{"href":"https:\/\/kulturbloggen.com\/index.php?rest_route=\/wp\/v2\/posts\/15621","targetHints":{"allow":["GET"]}}],"collection":[{"href":"https:\/\/kulturbloggen.com\/index.php?rest_route=\/wp\/v2\/posts"}],"about":[{"href":"https:\/\/kulturbloggen.com\/index.php?rest_route=\/wp\/v2\/types\/post"}],"author":[{"embeddable":true,"href":"https:\/\/kulturbloggen.com\/index.php?rest_route=\/wp\/v2\/users\/13"}],"replies":[{"embeddable":true,"href":"https:\/\/kulturbloggen.com\/index.php?rest_route=%2Fwp%2Fv2%2Fcomments&post=15621"}],"version-history":[{"count":0,"href":"https:\/\/kulturbloggen.com\/index.php?rest_route=\/wp\/v2\/posts\/15621\/revisions"}],"wp:attachment":[{"href":"https:\/\/kulturbloggen.com\/index.php?rest_route=%2Fwp%2Fv2%2Fmedia&parent=15621"}],"wp:term":[{"taxonomy":"category","embeddable":true,"href":"https:\/\/kulturbloggen.com\/index.php?rest_route=%2Fwp%2Fv2%2Fcategories&post=15621"},{"taxonomy":"post_tag","embeddable":true,"href":"https:\/\/kulturbloggen.com\/index.php?rest_route=%2Fwp%2Fv2%2Ftags&post=15621"}],"curies":[{"name":"wp","href":"https:\/\/api.w.org\/{rel}","templated":true}]}}