{"id":156026,"date":"2022-08-15T16:59:01","date_gmt":"2022-08-15T14:59:01","guid":{"rendered":"https:\/\/kulturbloggen.com\/?p=156026"},"modified":"2022-08-17T11:06:44","modified_gmt":"2022-08-17T09:06:44","slug":"wow-2022-thastrom-overskoljd-av-sedvanlig-intensitet","status":"publish","type":"post","link":"https:\/\/kulturbloggen.com\/?p=156026","title":{"rendered":"WOW 2022\/ Th\u00e5str\u00f6m &#8211; \u00d6versk\u00f6ljd av sedvanlig intensitet"},"content":{"rendered":"\n<figure class=\"wp-block-image size-full is-style-default\"><img loading=\"lazy\" decoding=\"async\" width=\"650\" height=\"434\" src=\"https:\/\/kulturbloggen.com\/wp-content\/uploads\/2022\/08\/MG_0023XS.jpg\" alt=\"\" class=\"wp-image-155962\" srcset=\"https:\/\/kulturbloggen.com\/wp-content\/uploads\/2022\/08\/MG_0023XS.jpg 650w, https:\/\/kulturbloggen.com\/wp-content\/uploads\/2022\/08\/MG_0023XS-300x200.jpg 300w\" sizes=\"auto, (max-width: 650px) 100vw, 650px\" \/><figcaption>foton Peter Birgerstam                                          <\/figcaption><\/figure>\n\n\n\n<p>4<\/p>\n\n\n\n<p>13\/8 2022 &#8211; Flamingo<\/p>\n\n\n\n<p>Har sedan 2015 tre g\u00e5nger recenserat Th\u00e5str\u00f6m live i genomg\u00e5ende lyriska ordalag, dessutom utdelat maxpo\u00e4ng till livealbumet Klockan tv\u00e5 p\u00e5 natten, \u00f6ppet f\u00f6nster (med inspelningar fr\u00e5n en de konserter som \u00e5syftas). K\u00e4nde d\u00e4rf\u00f6r ingen uttalad upphetsning n\u00e4r jag \u00e5nyo fick chansen att avge mina omd\u00f6men, n\u00e4r Th\u00e5str\u00f6m avrundar WOW, som i det osannolikt f\u00f6rdelaktiga v\u00e4dret noterade rekordpublik.<\/p>\n\n\n\n<p> Nyheterna bestod denna g\u00e5ng av sl\u00e4pp h\u00e4rom \u00e5ret av nytt studioalbum samt att nytt band formerats. R\u00e5kade f\u00e5 en pratstund med opinionsbildare\/ &#8221;makthavare&#8221; Jan Gradvall tidigare p\u00e5 kv\u00e4llen, som ju \u00e4r en av ytterst f\u00e5 som p\u00e5 senare \u00e5r intervjuat skygge Th\u00e5str\u00f6m. Sa d\u00e5 d\u00e5 n\u00e5got i stil med att jag svepts med, k\u00e4nt mig indragen p\u00e5 senare \u00e5rs konserter, vilket han ans\u00e5g vara en tr\u00e4ffande beskrivning.  <\/p>\n\n\n\n<figure class=\"wp-block-image size-full is-style-default\"><img loading=\"lazy\" decoding=\"async\" width=\"650\" height=\"434\" src=\"https:\/\/kulturbloggen.com\/wp-content\/uploads\/2022\/08\/MG_9966XSj.jpg\" alt=\"\" class=\"wp-image-155968\" srcset=\"https:\/\/kulturbloggen.com\/wp-content\/uploads\/2022\/08\/MG_9966XSj.jpg 650w, https:\/\/kulturbloggen.com\/wp-content\/uploads\/2022\/08\/MG_9966XSj-300x200.jpg 300w\" sizes=\"auto, (max-width: 650px) 100vw, 650px\" \/><\/figure>\n\n\n\n<p>Eftersom det \u00e4r lika respektl\u00f6st av den hyllade artisten som av recensenter, att inte n\u00e4mna hans musiker vill jag omg\u00e5ende lista vem som g\u00f6r vad. Th\u00e5str\u00f6ms n\u00e4rmsta medarbetare numera \u00e4r klaviaturspelande medproducenten Niklas Hellberg. \u00d6vriga heter p\u00e5 keyboards Stefan Brisland, Eddie Nystr\u00f6m p\u00e5 gitarr, Henrik Nilsson p\u00e5 bas samt trumslagare Per Eklund. Hittar inga uppgifter om vem som i vissa l\u00e5tar trakterade fiol. Dessa handplockade musiker tillh\u00f6r inte kadern jag har hyfsad koll p\u00e5.<\/p>\n\n\n\n<p>Ljusdesignen genomf\u00f6rs med kreativ omsorg.  En i stora stycken obevekligt intensiv tillst\u00e4llning p\u00e5g\u00e5r inklusive inplanerade extranummer i n\u00e4rmare hundra minuter. Kan undra hur noviser i publiken tar emot det infernaliska trycket fr\u00e5n scen, en inst\u00e4llning punkr\u00f6relsens forna centralgestalt vidmakth\u00e5llit live. Till\u00e5ter mig att sticka ut hakan h\u00e4r. Varf\u00f6r inte vara cool och h\u00e5lla tillbaka uttrycket mer, ist\u00e4llet f\u00f6r att gasa p\u00e5? N\u00e4r det dras ut p\u00e5 stavelser och bandet manglar sl\u00e5r man n\u00e4stan knut p\u00e5 sig.  <\/p>\n\n\n\n<figure class=\"wp-block-image size-full is-style-default\"><img loading=\"lazy\" decoding=\"async\" width=\"650\" height=\"434\" src=\"https:\/\/kulturbloggen.com\/wp-content\/uploads\/2022\/08\/MG_0258XS.jpg\" alt=\"\" class=\"wp-image-155965\" srcset=\"https:\/\/kulturbloggen.com\/wp-content\/uploads\/2022\/08\/MG_0258XS.jpg 650w, https:\/\/kulturbloggen.com\/wp-content\/uploads\/2022\/08\/MG_0258XS-300x200.jpg 300w\" sizes=\"auto, (max-width: 650px) 100vw, 650px\" \/><\/figure>\n\n\n\n<p> <em>Ingen sjunger blues som Jeffrey Lee Pierce<\/em> fungerar f\u00f6rtr\u00e4ffligt som \u00f6ppningsl\u00e5t. Det \u00e4r gnissligt, kompakt och frejdigt med fullt st\u00e4ll. Kan kategoriserar som frosseri i gnissel genom  distad gitarr och vinande syntar. Vi kommer inte undan den furi\u00f6sa attityden.  Det visuella f\u00f6rst\u00e4rker denna och andra alsters emotionella utformning. Ljudet h\u00e5ller oftast h\u00f6g standard om \u00e4n lite gr\u00f6tigt vissa moment, vilket kan bero p\u00e5 att det bitvis gjorts avsiktligt smutsigt. Pulsen \u00e4r inledningsvis som man f\u00f6rutsett stadigt h\u00e5rd, v\u00e4ldigt h\u00e5rt markerad.<\/p>\n\n\n\n<p>Kan fastst\u00e4llas att de fem nya l\u00e5tarna passar utm\u00e4rkt in i \u00f6vrig repertoar. F\u00e4ster mig vid snabbt och smittsamt beat i <em>Ungef\u00e4r s\u00e5 h\u00e4r.<\/em> Av &#8221;gamla godingar&#8221; levereras \u00f6vertygande versioner  fr\u00e5n Imperiet-periodens <em>Bl\u00e5 himlen blues <\/em>och <em>Kriget med mig sj\u00e4lv<\/em>. Dessutom en n\u00f6jaktig <em>M\u00e4rk hur v\u00e5r skugga <\/em>(vars kontrabasist p\u00e5 visans inspelning jag faktiskt tr\u00e4ffade p\u00e5 jazzklubb f\u00f6r inte s\u00e5 m\u00e5nga \u00e5r sedan). I tv\u00e5 av extranumren g\u00e4star Titiyo, vars svalt sensuella st\u00e4mma tillf\u00f6r ytterligare dimension p\u00e5 fr\u00e4mst <em>Papperstunna v\u00e4ggar.<\/em>  <\/p>\n\n\n\n<figure class=\"wp-block-image size-full is-style-default\"><img loading=\"lazy\" decoding=\"async\" width=\"650\" height=\"434\" src=\"https:\/\/kulturbloggen.com\/wp-content\/uploads\/2022\/08\/MG_0015XS.jpg\" alt=\"\" class=\"wp-image-155961\" srcset=\"https:\/\/kulturbloggen.com\/wp-content\/uploads\/2022\/08\/MG_0015XS.jpg 650w, https:\/\/kulturbloggen.com\/wp-content\/uploads\/2022\/08\/MG_0015XS-300x200.jpg 300w\" sizes=\"auto, (max-width: 650px) 100vw, 650px\" \/><\/figure>\n\n\n\n<p>H\u00f6g tid att uttala sig om s\u00e5ngen. Har inte ansett att den utgjort n\u00e5gon belastning i mina tidigare recensioner, absolut inte. Men nu blir jag stundtals bet\u00e4nksam. Th\u00e5str\u00f6m gillar att f\u00f6rse sin ofta knarrigt raspiga s\u00e5ng med skrikiga utfall.  Emellan det sjungna p\u00e5minner  l\u00e4tena om on\u00f6diga primalskrik, som om han beh\u00f6ver f\u00e5  trycket att l\u00e4tta. K\u00e4nns anstr\u00e4ngt och blir i l\u00e4ngden tr\u00f6ttsamt.  Karismatiska st\u00e4mband drar g\u00e4rna ut p\u00e5 stavelser, varvat med reciterande prats\u00e5ng utifr\u00e5n episkt tillbakablickande i mer eller mindre nostalgisk anda.  Det senare fungerar dock v\u00e4l i motsats till f\u00e4blessen f\u00f6r att f\u00e5 ur sig skrik.  Har blivit ett signum senaste decenniet.<\/p>\n\n\n\n<p>Med smattrande trumm\u00f6nster inleds <em>Bev\u00e4pna dig med vingar<\/em>, ett odiskutabelt kr\u00f6n. Basist Henrik Nilsson tar t\u00e4ten med \u00f6desm\u00e4ttat, suggestivt anslag. Den f\u00f6rsta av flera vindlande, ber\u00e4ttande texter stegras sofistikerat, fr\u00e5n avv\u00e4gda pianoackord till fr\u00e4sande figurer p\u00e5 Eddie Nystr\u00f6ms gitarr. Stor framg\u00e5ng n\u00e5s med  <em>Kriget med mig sj\u00e4lv <\/em>som lanseras som glad-pop. <\/p>\n\n\n\n<p>  <\/p>\n\n\n\n<figure class=\"wp-block-image size-full is-style-default\"><img loading=\"lazy\" decoding=\"async\" width=\"650\" height=\"434\" src=\"https:\/\/kulturbloggen.com\/wp-content\/uploads\/2022\/08\/MG_0058XS.jpg\" alt=\"\" class=\"wp-image-155963\" srcset=\"https:\/\/kulturbloggen.com\/wp-content\/uploads\/2022\/08\/MG_0058XS.jpg 650w, https:\/\/kulturbloggen.com\/wp-content\/uploads\/2022\/08\/MG_0058XS-300x200.jpg 300w\" sizes=\"auto, (max-width: 650px) 100vw, 650px\" \/><\/figure>\n\n\n\n<p>Tror Th\u00e5str\u00f6m hade tj\u00e4nat p\u00e5 att inte vara s\u00e5 sluten, \u00e4ven om fansen \u00e4r vana vid dennes sceniska natur utan sj\u00e4lvironiska tendenser. Efter ungef\u00e4r en timma inst\u00e4ller sig ov\u00e4ntade tvivel. \u00c4r det f\u00f6r bombastiskt? Tar man i f\u00f6r mycket med en  ursinnig besatthet?  En anledning till tankarnas upphov \u00e4r sannolikt  nya bandet. De beh\u00e4rskar hantverket, men saknar stundtals f\u00f6rm\u00e5gan att kreera den samverkan och de soloinsatser som Ossler, Ivarsson, Hernestam med flera var kapabla till. Har tidvis vissa problem att tillgodog\u00f6ra mig detta brett anlagda gig, inte minst p\u00e5 grund av s\u00e5ng i f\u00f6r h\u00f6gt tonl\u00e4ge. <\/p>\n\n\n\n<p>\u00c5 ena sidan, \u00e5 andra sidan-mentalitet infinner sig. Innan Tiiyo kallas in p\u00e5 scen blir deten maximalt energisk <em>Alltid va p\u00e5 v\u00e4g<\/em>. Den g\u00e5r hem hos mig och \u00f6vrig publik. Vettigt nog avrundas med mer naket sound i ett knippe l\u00e5tar.  Vi l\u00e4mnas med titell\u00e5ten fr\u00e5n senaste skivan,  en st\u00e4mningsfull vacker ballad. <\/p>\n\n\n\n<p>Obs fotograf Peter Birgerstam! <\/p>\n\n\n\n<p><\/p>\n\n\n\n<p><\/p>\n\n\n\n<p> <\/p>\n\n\n\n<p>  <\/p>\n\n\n\n<p><\/p>\n\n\n\n<p><\/p>\n\n\n\n<p> <\/p>\n","protected":false},"excerpt":{"rendered":"<p>4 13\/8 2022 &#8211; Flamingo Har sedan 2015 tre g\u00e5nger recenserat Th\u00e5str\u00f6m live i genomg\u00e5ende lyriska ordalag, dessutom utdelat maxpo\u00e4ng till livealbumet Klockan tv\u00e5 p\u00e5 natten, \u00f6ppet f\u00f6nster (med inspelningar fr\u00e5n en de konserter som \u00e5syftas). K\u00e4nde d\u00e4rf\u00f6r ingen uttalad upphetsning n\u00e4r jag \u00e5nyo fick chansen att avge mina omd\u00f6men, n\u00e4r Th\u00e5str\u00f6m avrundar WOW, som [&hellip;]<\/p>\n","protected":false},"author":34,"featured_media":0,"comment_status":"closed","ping_status":"closed","sticky":false,"template":"","format":"standard","meta":{"_genesis_hide_title":false,"_genesis_hide_breadcrumbs":false,"_genesis_hide_singular_image":false,"_genesis_hide_footer_widgets":false,"_genesis_custom_body_class":"","_genesis_custom_post_class":"","_genesis_layout":"","footnotes":""},"categories":[7,16,13624],"tags":[],"class_list":{"0":"post-156026","1":"post","2":"type-post","3":"status-publish","4":"format-standard","6":"category-musik","7":"category-recension","8":"category-toppnytt","9":"entry"},"_links":{"self":[{"href":"https:\/\/kulturbloggen.com\/index.php?rest_route=\/wp\/v2\/posts\/156026","targetHints":{"allow":["GET"]}}],"collection":[{"href":"https:\/\/kulturbloggen.com\/index.php?rest_route=\/wp\/v2\/posts"}],"about":[{"href":"https:\/\/kulturbloggen.com\/index.php?rest_route=\/wp\/v2\/types\/post"}],"author":[{"embeddable":true,"href":"https:\/\/kulturbloggen.com\/index.php?rest_route=\/wp\/v2\/users\/34"}],"replies":[{"embeddable":true,"href":"https:\/\/kulturbloggen.com\/index.php?rest_route=%2Fwp%2Fv2%2Fcomments&post=156026"}],"version-history":[{"count":10,"href":"https:\/\/kulturbloggen.com\/index.php?rest_route=\/wp\/v2\/posts\/156026\/revisions"}],"predecessor-version":[{"id":156102,"href":"https:\/\/kulturbloggen.com\/index.php?rest_route=\/wp\/v2\/posts\/156026\/revisions\/156102"}],"wp:attachment":[{"href":"https:\/\/kulturbloggen.com\/index.php?rest_route=%2Fwp%2Fv2%2Fmedia&parent=156026"}],"wp:term":[{"taxonomy":"category","embeddable":true,"href":"https:\/\/kulturbloggen.com\/index.php?rest_route=%2Fwp%2Fv2%2Fcategories&post=156026"},{"taxonomy":"post_tag","embeddable":true,"href":"https:\/\/kulturbloggen.com\/index.php?rest_route=%2Fwp%2Fv2%2Ftags&post=156026"}],"curies":[{"name":"wp","href":"https:\/\/api.w.org\/{rel}","templated":true}]}}