{"id":155851,"date":"2022-08-13T10:11:03","date_gmt":"2022-08-13T08:11:03","guid":{"rendered":"https:\/\/kulturbloggen.com\/?p=155851"},"modified":"2022-08-13T10:11:04","modified_gmt":"2022-08-13T08:11:04","slug":"lyssna-sabina-ddumba-best-friend-feat-joel-malka","status":"publish","type":"post","link":"https:\/\/kulturbloggen.com\/?p=155851","title":{"rendered":"Lyssna: Sabina Ddumba &#8211; Best Friend\u201d feat. Joel Malka"},"content":{"rendered":"<p>Sabina Ddumba sl\u00e4pper sin andra av tv\u00e5 EP i \u00e5r, \u201dDear 27 pt 2\u201d, i h\u00f6st.<br \/>\nF\u00f6rst ut fr\u00e5n sl\u00e4ppet \u00e4r singeln \u201dBest Friend\u201d feat. Joel Malka.<\/p>\n<p><iframe loading=\"lazy\" style=\"border-radius:12px\" src=\"https:\/\/open.spotify.com\/embed\/album\/4sWM4jkHR4TnpIaPVOAaK6?utm_source=generator\" width=\"100%\" height=\"380\" frameborder=\"0\" allowfullscreen=\"\" allow=\"autoplay; clipboard-write; encrypted-media; fullscreen; picture-in-picture\"><\/iframe><\/p>\n","protected":false},"excerpt":{"rendered":"<p>Sabina Ddumba sl\u00e4pper sin andra av tv\u00e5 EP i \u00e5r, \u201dDear 27 pt 2\u201d, i h\u00f6st. F\u00f6rst ut fr\u00e5n sl\u00e4ppet \u00e4r singeln \u201dBest Friend\u201d feat. Joel Malka.<\/p>\n","protected":false},"author":13,"featured_media":0,"comment_status":"closed","ping_status":"closed","sticky":false,"template":"","format":"standard","meta":{"_genesis_hide_title":false,"_genesis_hide_breadcrumbs":false,"_genesis_hide_singular_image":false,"_genesis_hide_footer_widgets":false,"_genesis_custom_body_class":"","_genesis_custom_post_class":"","_genesis_layout":"","footnotes":""},"categories":[7,20],"tags":[],"class_list":{"0":"post-155851","1":"post","2":"type-post","3":"status-publish","4":"format-standard","6":"category-musik","7":"category-film","8":"entry"},"_links":{"self":[{"href":"https:\/\/kulturbloggen.com\/index.php?rest_route=\/wp\/v2\/posts\/155851","targetHints":{"allow":["GET"]}}],"collection":[{"href":"https:\/\/kulturbloggen.com\/index.php?rest_route=\/wp\/v2\/posts"}],"about":[{"href":"https:\/\/kulturbloggen.com\/index.php?rest_route=\/wp\/v2\/types\/post"}],"author":[{"embeddable":true,"href":"https:\/\/kulturbloggen.com\/index.php?rest_route=\/wp\/v2\/users\/13"}],"replies":[{"embeddable":true,"href":"https:\/\/kulturbloggen.com\/index.php?rest_route=%2Fwp%2Fv2%2Fcomments&post=155851"}],"version-history":[{"count":2,"href":"https:\/\/kulturbloggen.com\/index.php?rest_route=\/wp\/v2\/posts\/155851\/revisions"}],"predecessor-version":[{"id":155854,"href":"https:\/\/kulturbloggen.com\/index.php?rest_route=\/wp\/v2\/posts\/155851\/revisions\/155854"}],"wp:attachment":[{"href":"https:\/\/kulturbloggen.com\/index.php?rest_route=%2Fwp%2Fv2%2Fmedia&parent=155851"}],"wp:term":[{"taxonomy":"category","embeddable":true,"href":"https:\/\/kulturbloggen.com\/index.php?rest_route=%2Fwp%2Fv2%2Fcategories&post=155851"},{"taxonomy":"post_tag","embeddable":true,"href":"https:\/\/kulturbloggen.com\/index.php?rest_route=%2Fwp%2Fv2%2Ftags&post=155851"}],"curies":[{"name":"wp","href":"https:\/\/api.w.org\/{rel}","templated":true}]}}