{"id":155519,"date":"2022-08-08T18:12:45","date_gmt":"2022-08-08T16:12:45","guid":{"rendered":"https:\/\/kulturbloggen.com\/?p=155519"},"modified":"2022-08-08T18:13:56","modified_gmt":"2022-08-08T16:13:56","slug":"bokrecension-ulf-lundell-vardagar-6-vardagar-7","status":"publish","type":"post","link":"https:\/\/kulturbloggen.com\/?p=155519","title":{"rendered":"Bokrecension: Ulf Lundell Vardagar 6 &#038; Vardagar 7"},"content":{"rendered":"<div class=\"wp-block-image\">\n<figure class=\"aligncenter size-full\"><img loading=\"lazy\" decoding=\"async\" width=\"488\" height=\"650\" src=\"https:\/\/kulturbloggen.com\/wp-content\/uploads\/2022\/08\/Lundell.jpg\" alt=\"\" class=\"wp-image-155521\" srcset=\"https:\/\/kulturbloggen.com\/wp-content\/uploads\/2022\/08\/Lundell.jpg 488w, https:\/\/kulturbloggen.com\/wp-content\/uploads\/2022\/08\/Lundell-225x300.jpg 225w\" sizes=\"auto, (max-width: 488px) 100vw, 488px\" \/><figcaption><strong>Copyright\/Fotograf: Kristina Prage<\/strong><\/figcaption><\/figure>\n<\/div>\n\n\n<p>Vardagar 6: <a rel=\"noreferrer noopener\" href=\"https:\/\/www.adlibris.com\/se\/bok\/vardagar-6-9789146238942\" target=\"_blank\">https:\/\/www.adlibris.com\/se\/bok\/vardagar-6-9789146238942<\/a><br>Vardagar 7: <a rel=\"noreferrer noopener\" href=\"https:\/\/www.adlibris.com\/se\/bok\/vardagar-7-9789146238966\" target=\"_blank\">https:\/\/www.adlibris.com\/se\/bok\/vardagar-7-9789146238966<\/a><br>B\u00f6cker: Vardagar 6 och Vardagar 7<br>F\u00f6rfattare: Ulf Lundell<br>Serie: Vardagar<br>Utgivningsdatum: 2022-05-24<br>F\u00f6rlag: Wahlstr\u00f6m Widstrand<br>Vardagar 6 &#8211; <strong>ISBN:&nbsp;<\/strong>9789146238942<br>Vardagar 7 &#8211; <strong>ISBN:&nbsp;<\/strong>9789146238966<\/p>\n\n\n\n<div class=\"wp-block-columns is-layout-flex wp-container-core-columns-is-layout-9d6595d7 wp-block-columns-is-layout-flex\">\n<div class=\"wp-block-column is-vertically-aligned-center is-layout-flow wp-block-column-is-layout-flow\" style=\"flex-basis:100%\"><div class=\"wp-block-image\">\n<figure class=\"alignleft size-full\"><img loading=\"lazy\" decoding=\"async\" width=\"439\" height=\"650\" src=\"https:\/\/kulturbloggen.com\/wp-content\/uploads\/2022\/08\/9789146238942-2.jpg\" alt=\"\" class=\"wp-image-155522\" srcset=\"https:\/\/kulturbloggen.com\/wp-content\/uploads\/2022\/08\/9789146238942-2.jpg 439w, https:\/\/kulturbloggen.com\/wp-content\/uploads\/2022\/08\/9789146238942-2-203x300.jpg 203w\" sizes=\"auto, (max-width: 439px) 100vw, 439px\" \/><\/figure>\n<\/div><\/div>\n\n\n\n<div class=\"wp-block-column is-vertically-aligned-center is-layout-flow wp-block-column-is-layout-flow\" style=\"flex-basis:100%\"><div class=\"wp-block-image\">\n<figure class=\"alignleft size-full\"><img loading=\"lazy\" decoding=\"async\" width=\"439\" height=\"650\" src=\"https:\/\/kulturbloggen.com\/wp-content\/uploads\/2022\/08\/9789146238966.jpg\" alt=\"\" class=\"wp-image-155523\" srcset=\"https:\/\/kulturbloggen.com\/wp-content\/uploads\/2022\/08\/9789146238966.jpg 439w, https:\/\/kulturbloggen.com\/wp-content\/uploads\/2022\/08\/9789146238966-203x300.jpg 203w\" sizes=\"auto, (max-width: 439px) 100vw, 439px\" \/><\/figure>\n<\/div><\/div>\n<\/div>\n\n\n\n<p>Ulf Lundells Vardagar forts\u00e4tter. I \u00e5r med utg\u00e5va 6 och 7, totalt 1164 sidor med betraktelser, poesi, f\u00e5gelfunderingar och tankar om framtid, d\u00e5tid och nutid. Som den skarpa samh\u00e4llsbetraktare som Lundell \u00e4r finns det p\u00e5 varje sida tankev\u00e4ckande funderingar kring saker som sker, har skett och kan komma att ske. Det \u00e4r dessutom v\u00e4ldigt roligt att l\u00e4sa. Humorn \u00e4r p\u00e5tagligt n\u00e4rvarande i texten. Jag kommer p\u00e5 mig sj\u00e4lv med att ofta sitta och sm\u00e5skratta \u00e5t formuleringar och funderingar. Jag avbryter ibland l\u00e4sningen f\u00f6r att ta mig en fundering p\u00e5 det jag l\u00e4st. Ibland avbryter jag mig f\u00f6r att l\u00e4sa upp n\u00e5gra rader f\u00f6r min hustru. Ibland f\u00f6r ett garv. Ibland f\u00f6r en tanke. <\/p>\n\n\n\n<p>N\u00e4r jag har l\u00e4st de elvahundrasextiofyra sidorna f\u00f6rundras jag \u00f6ver hur oerh\u00f6rt snabba och effektiva recensenterna p\u00e5 de stora drakarna \u00e4r. De \u00e4r redo att recensera mastodontverk sju timmar efter att de f\u00e5tt boken. Jag beundrar dem verkligen. Sj\u00e4lv beh\u00f6vde jag sommaren p\u00e5 mig f\u00f6r att ta mig igenom b\u00e5da b\u00f6ckerna. Inte f\u00f6r att de \u00e4r p\u00e5 minsta s\u00e4tt tr\u00f6gl\u00e4sta, utan f\u00f6r att de f\u00e5r mig att t\u00e4nka och n\u00e4r jag vill t\u00e4nka l\u00e4gger jag ifr\u00e5n mig boken en stund och l\u00e4ser vidare n\u00e5got senare. Kanske beh\u00f6ver inte draktidningsrecensenterna t\u00e4nka lika mycket som jag? Eller s\u00e5 t\u00e4nker de mycket snabbare bara?<\/p>\n\n\n\n<p>Jag har i alla fall haft mycket trevligt s\u00e4llskap med Lundells tankar denna sommaren. Det \u00e4r h\u00f6gt och l\u00e5gt, det \u00e4r personligt och det \u00e4r allm\u00e4nt. Turer med de gamla bilarna som h\u00e4ngt med alla \u00e5ren. M\u00e5ltider som tillagas i hemmet eller \u00e4ts p\u00e5 lokal. K\u00e4rleken som dykt upp i hans liv. \u00d6msint, naket och \u00f6ppet g\u00e5r funderingar kring framtiden. D\u00f6den \u00e4r, kanske av f\u00f6rklarliga sk\u00e4l, n\u00e5got som han t\u00e4nker p\u00e5 regelbundet. Ibland lyser l\u00e4ngtan efter slutet igenom. Oftast i form av flytten ut i anonymiteten i ett varmare land, slutet p\u00e5 turn\u00e9randet, efter konserterna \u00e4r \u00f6ver, kanske skriva n\u00e5gon bok, kanske m\u00e5la lite, kanske skriva n\u00e5gon l\u00e5t d\u00e5 och d\u00e5, men ifr\u00e5n varmare trakter d\u00e4r nordan inte bl\u00e5ser kallt. Ibland lyser l\u00e4ngtan efter ett mer permanent slut igenom. N\u00e4r klimatet kraschat, s\u00e5v\u00e4l det politiska som jordens. Saker i framtiden som han konstaterar att: D\u00e5 \u00e4r inte jag kvar i allafall. F\u00f6rfattaren funderar i b\u00f6ckerna, mycket kring konsten, kreativiteten, lusten och n\u00e4r dessa krockar. Vad som kan h\u00e4nda. Vad som h\u00e4nder.<\/p>\n\n\n\n<blockquote class=\"wp-block-quote is-layout-flow wp-block-quote-is-layout-flow\"><p><em>&#8221;\u00c4r N en inflyttar-imperialist?<br>Vad s\u00f6ker hon?<br>Ett hem, en far?<br>Ja, jag \u00e4r ju det perfekta m\u00e5let, men d\u00e5 gl\u00f6mmer hon att<br>jag offrar allt f\u00f6r min kreativitet<br>ALLT!<br>N\u00e4stan&#8221;<\/em><\/p><cite>Vardagar 7 sid 191<\/cite><\/blockquote>\n\n\n\n<p>I n\u00e5gon av de tidigare b\u00f6ckerna i serien skriver Ulf Lundell att hans plan har varit 7 delar. I s\u00e5 fall \u00e4r serien slut nu. Det har varit en fantastisk vecka. F\u00f6r min del f\u00e5r det g\u00e4rna forts\u00e4tta komma fler b\u00f6cker i serien, men jag tycker det vore minst lika fint med en bok helt fiction n\u00e4sta g\u00e5ng. <br>Alla b\u00f6cker Ulf Lundell skriver skapar diskussioner om hur mycket som \u00e4r sj\u00e4lvbiografiskt. Kanske var det det som gjorde att serien Vardagar uppstod. H\u00e4r skulle vi f\u00e5 sj\u00e4lvbiografiskt s\u00e5 det r\u00e4cker och blir \u00f6ver. <br>Personligen \u00e4r jag mycket n\u00f6jd med det beslutet. Jag vet inte om jag p\u00e5 n\u00e5got s\u00e4tt &#8221;k\u00e4nner&#8221; Ulf Lundell b\u00e4ttre efter de h\u00e4r sju b\u00f6ckerna. Hur ska jag kunna veta det? Jag k\u00e4nner ju inte honom. Men jag har blivit underh\u00e5llen och f\u00e5tt tankev\u00e4ckande inspel av en av landets b\u00e4sta f\u00f6rfattare. Det r\u00e4cker f\u00f6r mig.<\/p>\n","protected":false},"excerpt":{"rendered":"<p>Vardagar 6: https:\/\/www.adlibris.com\/se\/bok\/vardagar-6-9789146238942Vardagar 7: https:\/\/www.adlibris.com\/se\/bok\/vardagar-7-9789146238966B\u00f6cker: Vardagar 6 och Vardagar 7F\u00f6rfattare: Ulf LundellSerie: VardagarUtgivningsdatum: 2022-05-24F\u00f6rlag: Wahlstr\u00f6m WidstrandVardagar 6 &#8211; ISBN:&nbsp;9789146238942Vardagar 7 &#8211; ISBN:&nbsp;9789146238966 Ulf Lundells Vardagar forts\u00e4tter. I \u00e5r med utg\u00e5va 6 och 7, totalt 1164 sidor med betraktelser, poesi, f\u00e5gelfunderingar och tankar om framtid, d\u00e5tid och nutid. Som den skarpa samh\u00e4llsbetraktare som Lundell \u00e4r finns [&hellip;]<\/p>\n","protected":false},"author":13,"featured_media":155521,"comment_status":"closed","ping_status":"closed","sticky":false,"template":"","format":"standard","meta":{"_genesis_hide_title":false,"_genesis_hide_breadcrumbs":false,"_genesis_hide_singular_image":false,"_genesis_hide_footer_widgets":false,"_genesis_custom_body_class":"","_genesis_custom_post_class":"","_genesis_layout":"","footnotes":""},"categories":[43,3,16,13624],"tags":[12285],"class_list":{"0":"post-155519","1":"post","2":"type-post","3":"status-publish","4":"format-standard","5":"has-post-thumbnail","7":"category-bokrecension","8":"category-litteratur","9":"category-recension","10":"category-toppnytt","11":"tag-recension","12":"entry"},"_links":{"self":[{"href":"https:\/\/kulturbloggen.com\/index.php?rest_route=\/wp\/v2\/posts\/155519","targetHints":{"allow":["GET"]}}],"collection":[{"href":"https:\/\/kulturbloggen.com\/index.php?rest_route=\/wp\/v2\/posts"}],"about":[{"href":"https:\/\/kulturbloggen.com\/index.php?rest_route=\/wp\/v2\/types\/post"}],"author":[{"embeddable":true,"href":"https:\/\/kulturbloggen.com\/index.php?rest_route=\/wp\/v2\/users\/13"}],"replies":[{"embeddable":true,"href":"https:\/\/kulturbloggen.com\/index.php?rest_route=%2Fwp%2Fv2%2Fcomments&post=155519"}],"version-history":[{"count":2,"href":"https:\/\/kulturbloggen.com\/index.php?rest_route=\/wp\/v2\/posts\/155519\/revisions"}],"predecessor-version":[{"id":155528,"href":"https:\/\/kulturbloggen.com\/index.php?rest_route=\/wp\/v2\/posts\/155519\/revisions\/155528"}],"wp:featuredmedia":[{"embeddable":true,"href":"https:\/\/kulturbloggen.com\/index.php?rest_route=\/wp\/v2\/media\/155521"}],"wp:attachment":[{"href":"https:\/\/kulturbloggen.com\/index.php?rest_route=%2Fwp%2Fv2%2Fmedia&parent=155519"}],"wp:term":[{"taxonomy":"category","embeddable":true,"href":"https:\/\/kulturbloggen.com\/index.php?rest_route=%2Fwp%2Fv2%2Fcategories&post=155519"},{"taxonomy":"post_tag","embeddable":true,"href":"https:\/\/kulturbloggen.com\/index.php?rest_route=%2Fwp%2Fv2%2Ftags&post=155519"}],"curies":[{"name":"wp","href":"https:\/\/api.w.org\/{rel}","templated":true}]}}