{"id":15533,"date":"2009-12-07T09:43:54","date_gmt":"2009-12-07T08:43:54","guid":{"rendered":"http:\/\/kulturbloggen.com\/?p=15533"},"modified":"2009-12-07T09:43:54","modified_gmt":"2009-12-07T08:43:54","slug":"bilder-och-tal-fran-utdelningen-av-stora-kulturbloggpriset","status":"publish","type":"post","link":"https:\/\/kulturbloggen.com\/?p=15533","title":{"rendered":"Bilder och tal fr\u00e5n utdelningen av Stora Kulturbloggpriset"},"content":{"rendered":"<p><a href=\"http:\/\/kulturbloggen.com\/wp-content\/uploads\/2009\/12\/Kulturbloggpriset_2975.jpg\"><img loading=\"lazy\" decoding=\"async\" src=\"http:\/\/kulturbloggen.com\/wp-content\/uploads\/2009\/12\/Kulturbloggpriset_2975-300x201.jpg\" alt=\"Kulturbloggpriset_2975\" title=\"Kulturbloggpriset_2975\" width=\"300\" height=\"201\" class=\"aligncenter size-medium wp-image-15534\" \/><\/a><br \/>\n<a href=\"http:\/\/kulturbloggen.com\/?p=15482\"><br \/>\nFyra kulturbloggar delade p\u00e5 sex priser<\/a> n\u00e4r vi i l\u00f6rdags, 5 december, hade prisutdelning aV Stora Kulturbloggpriset.<br \/>\nDet blev en oerh\u00f6rt lyckad tillst\u00e4llning, alla som kom fyllde mer \u00e4n v\u00e4l lokalen: Lejonkulans foaj\u00e9 p\u00e5 Dramaten och prisutdelaren Leif Pargrotsky delade ut priser s\u00e5 det k\u00e4ndes h\u00f6gtidligt.<br \/>\nArtisterna som upptr\u00e4dde gjorde en enorm insats trots att vi som arrangerade inte var vana vid att fixa musikevenemang och hade inte ens ordnat med backstageutrymme eller med ljudtekniker.<br \/>\n<strong><br \/>\nH\u00e4r \u00e4r det inledningstal jag h\u00f6ll:<\/strong><\/p>\n<p>Enligt wikipedia kommer ordet kultur fr\u00e5n latin cultura, av cultus, som betyd odling:<br \/>\nJag l\u00e4ser ur Wikipedia:<\/p>\n<p>Kultur har fr\u00e4mst tv\u00e5 betydelser; andlig (konstn\u00e4rlig) odling eller socialt \u00f6verf\u00f6rda levnadsm\u00f6nster; i vardagligt tal \u00e4r den f\u00f6rsta betydelsen den vanligare. Ordet kultur kommer fr\u00e5n latinets, cultura av cultus, som betyder odling, och som etymologiskt h\u00f6r samman med ordet kult. I sin ursprungliga betydelse f\u00f6rekommer det i till exempel bakteriekultur.<\/p>\n<p>Kultur kan definieras som alla livsm\u00f6nster, inklusive spr\u00e5k, konst, v\u00e4rderingar och institutioner hos en population som \u00f6verf\u00f6rs socialt fr\u00e5n generation till generation. Kultur har kallats &#8221;levnadss\u00e4ttet hos ett helt samh\u00e4lle&#8221;. Som s\u00e5dant inkluderar det beteendem\u00f6nster, seder, kl\u00e4dsel, religion, ritualer, lekar, normer f\u00f6r lagar och moraliska system, liksom trossystem och konstarterna. Kultur refererar ofta till en universell m\u00e4nsklig kapacitet f\u00f6r att klassificera och kommunicera erfarenheter materiellt och symboliskt. Den h\u00f6ga kulturella f\u00f6rm\u00e5gan har l\u00e4nge betraktats som en definierande egenskap hos m\u00e4nniskan.<\/p>\n<p>F\u00f6r mig \u00e4r kultur det som ger livet mening: musik, film, litteratur, bilder, spel ..<br \/>\nDe olika arterna av kultur har gemensamt att de p\u00e5 olika s\u00e4tt bearbetar de existensiella fr\u00e5gorna, fr\u00e5gor om livets mening, om hur vi lever tillsammans och hurdana vi \u00e4r mot oss sj\u00e4lva och mot varandra.<\/p>\n<p>Jag startade Kulturbloggen f\u00f6r att p\u00e5 olika s\u00e4tt blogga om kultur. F\u00f6r mig \u00e4r kultur b\u00e5de n\u00f6je och politik, det \u00e4r finkultur, det \u00e4r ofinkultur, det \u00e4r \u2026<br \/>\nJa det kan vara kulturekonomi, det kan vara science fiction, det kan vara serier, det kan vara tv, det kan vara stationsvakters funderingar.<\/p>\n<p>Det finns en m\u00e4ngd bra kulturbloggar d\u00e4r ute i cyberv\u00e4rlden.<br \/>\nF\u00f6r att f\u00e4sta uppm\u00e4rksamheten p\u00e5 dem instiftade jag Stora Kulturbloggpriset f\u00f6rra \u00e5ret tillsammans med Jonas p\u00e5 Bloggtidningen och Thord Daniel p\u00e5 Pakten, ett n\u00e4tverk f\u00f6r kultur- och n\u00f6jesbloggar.<\/p>\n<p>Vi fick redan f\u00f6rsta \u00e5ret en sponsor, IT-f\u00f6retaget Stix.to, som gjorde att vi redan f\u00f6rsta \u00e5ret har en liten prissumma till de vinnande bloggarna.<\/p>\n<p>I \u00e5r har det vuxit, vi har f\u00e5tt fler sponsorer:<br \/>\nDramaten<br \/>\nDIK \u2013 facket f\u00f6r akademiker inom kultur och kommunikation<br \/>\nBrombergs bokf\u00f6rlag<br \/>\nSocialdemokraterna<br \/>\nBilda f\u00f6rlag<br \/>\nTwingly<\/p>\n<p><a href=\"http:\/\/kulturbloggen.com\/wp-content\/uploads\/2009\/12\/fuchsia.JPG\"><img loading=\"lazy\" decoding=\"async\" src=\"http:\/\/kulturbloggen.com\/wp-content\/uploads\/2009\/12\/fuchsia-200x300.jpg\" alt=\"fuchsia\" title=\"fuchsia\" width=\"200\" height=\"300\" class=\"alignright size-medium wp-image-15550\" \/><\/a><\/p>\n<p>Och vi har artister som st\u00e4ller upp helt utan ers\u00e4ttning f\u00f6r att utdelningen verkligen ska bli en kulturtr\u00e4ff.<br \/>\nAnna Hamilton<br \/>\nFuchsia<br \/>\nStaffan Hellstrand<br \/>\nSulo<\/p>\n<p>Vi har en prisutdelare av rang, tidigare kulturministern Leif Pagrotsky.<\/p>\n<p>Innan vi b\u00f6rjar prisutdelningarna vill jag f\u00f6rst gratulera alla nominerade kulturbloggarna.<br \/>\nAtt bli nominerad \u00e4r en utm\u00e4rkelse.<br \/>\nAtt bli nominerad \u00e4r den stora vinsten.<br \/>\nBland hundratals kulturbloggar blev dessa tjugo nominerade.<\/p>\n<p>S\u00e5 h\u00e4r har v\u00e4gen fram till utdelningen och korandet av vinnarna g\u00e5tt till:<br \/>\nF\u00f6rst fick bloggintresserade personer komma med f\u00f6rslag p\u00e5 nomineringar.<br \/>\nJuryn, som best\u00e5r av oss tre som startade Stora Kulturbloggpriset, plus personer fr\u00e5n bloggar som vann f\u00f6rra \u00e5ret, fick sedan r\u00f6sta fram finalisterna.<br \/>\nFem bloggar i fyra kateorier: musik, film- och tv-bloggar, bokbloggar och \u00f6vriga kulturbloggar. Tv\u00e5 fr\u00e5n varje kategori \u00e4r dessutom nominerad i \u00f6ppna klassen: Kulturbloggarnas Kulturblogg.<\/p>\n<p>Sedan var det dags f\u00f6r omr\u00f6stningen.<br \/>\nFolket fick r\u00f6sta.<br \/>\nSamtidigt fick jurymedlemmarna  r\u00f6sta.<\/p>\n<p>Ingen av dessa tv\u00e5 makter har hela makten. <\/p>\n<p>Och nu \u00e4r det allts\u00e5 snart dags att \u00f6ppna de gyllene kuverten och se vilka bloggar som vunnit Stora Kulturbloggpriset.<\/p>\n<p>Jo, det finns ett pris till.<br \/>\nEtt specialpris som Kulturbloggen.com instiftat i \u00e5r.<br \/>\nJag vill fr\u00e5n Kulturbloggens sida ge en s\u00e4rskild blogg bland de nominerade ett specialpris, f\u00f6r att den bloggen g\u00f6r en extra bra insats i kultursf\u00e4ren.<\/p>\n<p>Men f\u00f6rst:<br \/>\nAnna Hamilton ska spela och sjunga.<br \/>\nBer\u00e4tta lite om dig sj\u00e4lv.<\/p>\n<p><strong>H\u00e4r \u00e4r n\u00e5gra av de m\u00e5nga bilderna som Anders L\u00f6wdin tog<\/strong>.<br \/>\n<a href=\"http:\/\/kulturbloggen.com\/wp-content\/uploads\/2009\/12\/Kulturbloggpriset_2973.jpg\"><img loading=\"lazy\" decoding=\"async\" src=\"http:\/\/kulturbloggen.com\/wp-content\/uploads\/2009\/12\/Kulturbloggpriset_2973-201x300.jpg\" alt=\"Kulturbloggpriset_2973\" title=\"Kulturbloggpriset_2973\" width=\"201\" height=\"300\" class=\"aligncenter size-medium wp-image-15535\" \/><\/a><br \/>\n<a href=\"http:\/\/kulturbloggen.com\/wp-content\/uploads\/2009\/12\/Kulturbloggpriset_29751.jpg\"><img loading=\"lazy\" decoding=\"async\" src=\"http:\/\/kulturbloggen.com\/wp-content\/uploads\/2009\/12\/Kulturbloggpriset_29751-300x201.jpg\" alt=\"Kulturbloggpriset_2975\" title=\"Kulturbloggpriset_2975\" width=\"300\" height=\"201\" class=\"aligncenter size-medium wp-image-15536\" \/><\/a><br \/>\n<a href=\"http:\/\/kulturbloggen.com\/wp-content\/uploads\/2009\/12\/Kulturbloggpriset_2977.jpg\"><img loading=\"lazy\" decoding=\"async\" src=\"http:\/\/kulturbloggen.com\/wp-content\/uploads\/2009\/12\/Kulturbloggpriset_2977-300x201.jpg\" alt=\"Kulturbloggpriset_2977\" title=\"Kulturbloggpriset_2977\" width=\"300\" height=\"201\" class=\"aligncenter size-medium wp-image-15537\" \/><\/a><br \/>\n<a href=\"http:\/\/kulturbloggen.com\/wp-content\/uploads\/2009\/12\/Kulturbloggpriset_2982.jpg\"><img loading=\"lazy\" decoding=\"async\" src=\"http:\/\/kulturbloggen.com\/wp-content\/uploads\/2009\/12\/Kulturbloggpriset_2982-201x300.jpg\" alt=\"Kulturbloggpriset_2982\" title=\"Kulturbloggpriset_2982\" width=\"201\" height=\"300\" class=\"aligncenter size-medium wp-image-15538\" \/><\/a><br \/>\n<a href=\"http:\/\/kulturbloggen.com\/wp-content\/uploads\/2009\/12\/Kulturbloggpriset_3002.jpg\"><img loading=\"lazy\" decoding=\"async\" src=\"http:\/\/kulturbloggen.com\/wp-content\/uploads\/2009\/12\/Kulturbloggpriset_3002-201x300.jpg\" alt=\"Kulturbloggpriset_3002\" title=\"Kulturbloggpriset_3002\" width=\"201\" height=\"300\" class=\"aligncenter size-medium wp-image-15539\" \/><\/a><br \/>\n<a href=\"http:\/\/kulturbloggen.com\/wp-content\/uploads\/2009\/12\/Kulturbloggpriset_3016.jpg\"><img loading=\"lazy\" decoding=\"async\" src=\"http:\/\/kulturbloggen.com\/wp-content\/uploads\/2009\/12\/Kulturbloggpriset_3016-300x201.jpg\" alt=\"Kulturbloggpriset_3016\" title=\"Kulturbloggpriset_3016\" width=\"300\" height=\"201\" class=\"aligncenter size-medium wp-image-15540\" \/><\/a><br \/>\n<a href=\"http:\/\/kulturbloggen.com\/wp-content\/uploads\/2009\/12\/Kulturbloggpriset_3027.jpg\"><img loading=\"lazy\" decoding=\"async\" src=\"http:\/\/kulturbloggen.com\/wp-content\/uploads\/2009\/12\/Kulturbloggpriset_3027-300x201.jpg\" alt=\"Kulturbloggpriset_3027\" title=\"Kulturbloggpriset_3027\" width=\"300\" height=\"201\" class=\"aligncenter size-medium wp-image-15541\" \/><\/a><\/p>\n<p><a href=\"http:\/\/kulturbloggen.com\/?p=15482\">H\u00e4r kan du l\u00e4sa om vilka som vann.<\/a><br \/>\n<a href=\"http:\/\/kulturbloggen.com\/?p=14943\">H\u00e4r finns alla nominerade.<\/a><\/p>\n<p>L\u00e4s \u00e4ven andra bloggares \u00e5sikter om <a href=\"http:\/\/bloggar.se\/om\/Stora+Kulturbloggpriset\" rel=\"tag\">Stora Kulturbloggpriset<\/a><\/p>\n<p>L\u00e4s \u00e4ven andra bloggares \u00e5sikter om <a href=\"http:\/\/bloggar.se\/om\/Dramaten\" rel=\"tag\">Dramaten<\/a>, <a href=\"http:\/\/bloggar.se\/om\/Lejonkulan\" rel=\"tag\">Lejonkulan<\/a>, <a href=\"http:\/\/bloggar.se\/om\/Staffan+Hellstrand\" rel=\"tag\">Staffan Hellstrand<\/a>, <a href=\"http:\/\/bloggar.se\/om\/Leif+Pagrotsky\" rel=\"tag\">Leif Pagrotsky<\/a><\/p>\n","protected":false},"excerpt":{"rendered":"<p>Fyra kulturbloggar delade p\u00e5 sex priser n\u00e4r vi i l\u00f6rdags, 5 december, hade prisutdelning aV Stora Kulturbloggpriset. Det blev en oerh\u00f6rt lyckad tillst\u00e4llning, alla som kom fyllde mer \u00e4n v\u00e4l lokalen: Lejonkulans foaj\u00e9 p\u00e5 Dramaten och prisutdelaren Leif Pargrotsky delade ut priser s\u00e5 det k\u00e4ndes h\u00f6gtidligt. Artisterna som upptr\u00e4dde gjorde en enorm insats trots att [&hellip;]<\/p>\n","protected":false},"author":2,"featured_media":0,"comment_status":"open","ping_status":"open","sticky":false,"template":"","format":"standard","meta":{"_genesis_hide_title":false,"_genesis_hide_breadcrumbs":false,"_genesis_hide_singular_image":false,"_genesis_hide_footer_widgets":false,"_genesis_custom_body_class":"","_genesis_custom_post_class":"","_genesis_layout":"","footnotes":""},"categories":[20],"tags":[],"class_list":{"0":"post-15533","1":"post","2":"type-post","3":"status-publish","4":"format-standard","6":"category-film","7":"entry"},"_links":{"self":[{"href":"https:\/\/kulturbloggen.com\/index.php?rest_route=\/wp\/v2\/posts\/15533","targetHints":{"allow":["GET"]}}],"collection":[{"href":"https:\/\/kulturbloggen.com\/index.php?rest_route=\/wp\/v2\/posts"}],"about":[{"href":"https:\/\/kulturbloggen.com\/index.php?rest_route=\/wp\/v2\/types\/post"}],"author":[{"embeddable":true,"href":"https:\/\/kulturbloggen.com\/index.php?rest_route=\/wp\/v2\/users\/2"}],"replies":[{"embeddable":true,"href":"https:\/\/kulturbloggen.com\/index.php?rest_route=%2Fwp%2Fv2%2Fcomments&post=15533"}],"version-history":[{"count":0,"href":"https:\/\/kulturbloggen.com\/index.php?rest_route=\/wp\/v2\/posts\/15533\/revisions"}],"wp:attachment":[{"href":"https:\/\/kulturbloggen.com\/index.php?rest_route=%2Fwp%2Fv2%2Fmedia&parent=15533"}],"wp:term":[{"taxonomy":"category","embeddable":true,"href":"https:\/\/kulturbloggen.com\/index.php?rest_route=%2Fwp%2Fv2%2Fcategories&post=15533"},{"taxonomy":"post_tag","embeddable":true,"href":"https:\/\/kulturbloggen.com\/index.php?rest_route=%2Fwp%2Fv2%2Ftags&post=15533"}],"curies":[{"name":"wp","href":"https:\/\/api.w.org\/{rel}","templated":true}]}}