{"id":155176,"date":"2022-07-25T11:56:22","date_gmt":"2022-07-25T09:56:22","guid":{"rendered":"https:\/\/kulturbloggen.com\/?p=155176"},"modified":"2022-07-25T11:58:46","modified_gmt":"2022-07-25T09:58:46","slug":"dagens-nyheter-klaga-inte-flytta","status":"publish","type":"post","link":"https:\/\/kulturbloggen.com\/?p=155176","title":{"rendered":"Dagens Nyheter: Klaga inte &#8211; flytta"},"content":{"rendered":"<p><img loading=\"lazy\" decoding=\"async\" class=\"aligncenter size-full wp-image-155180\" src=\"https:\/\/kulturbloggen.com\/wp-content\/uploads\/2022\/07\/IMG_3560.jpg\" alt=\"\" width=\"260\" height=\"650\" srcset=\"https:\/\/kulturbloggen.com\/wp-content\/uploads\/2022\/07\/IMG_3560.jpg 260w, https:\/\/kulturbloggen.com\/wp-content\/uploads\/2022\/07\/IMG_3560-120x300.jpg 120w\" sizes=\"auto, (max-width: 260px) 100vw, 260px\" \/><\/p>\n<p>Om ett barn blir mobbat &#8211; d\u00e5 ska barnet flytta. Det \u00e4r konsekvensen av ett resonemang p\u00e5 ledarsidan p\u00e5 Dagens Nyheter.<br \/>\n\u00c4ven om ledarskribenten inte tar upp ett s\u00e5dant fall d\u00e5 \u00e4r det konsekvensen av vad hem skriver.<br \/>\nP\u00e5 ledarsidan i Dagens Nyheter skrev Emma H\u00f8en Bustos s\u00f6ndagen 24 juli att om man uppr\u00f6rs av problem i staden: d\u00e5 ska man flytta.<br \/>\nD\u00e4r jag bor finns m\u00e5nga stigar \u00e5t de som g\u00e5r. D\u00e4r springer barn, d\u00e4r far barn p\u00e5 sparkcyklar. Och d\u00e4r k\u00f6r bilar, en hel del i full fart, fast det \u00e4r tydligt skyltat att det inte \u00e4r till\u00e5tet att k\u00f6ra med bil d\u00e4r. Om nu n\u00e5gon f\u00f6r\u00e4lder vill kontakta kommun eller polis f\u00f6r att \u00e5tg\u00e4rda det, f\u00f6r att f\u00f6rs\u00f6ka hindra bilarna d\u00e4r d\u00e5 \u00e4r DN:s svar: Flytta.<\/p>\n<p>Att kunna klaga \u00e4r en demokratisk r\u00e4ttighet. Om arbetare inte klagat, demonstrerat och kr\u00e4vs r\u00e4ttigheter skulle de inte f\u00e5 n\u00e5gra r\u00e4ttigheter. Om kvinnor\u00f6relsen under 1800-talet och 1900-talets b\u00f6rjan inte klagat och f\u00f6rt fram sin sak hade kvinnor fortfarande inte haft r\u00f6str\u00e4tt.<\/p>\n<p>Vad vore Metoo-r\u00f6relsen om ingen hade klagat p\u00e5 f\u00f6rtrycket?<br \/>\nHur menar Emma H\u00f8en Bustos att kvinnor som misshandlas av m\u00e4n ska g\u00f6ra? Flytta och inte klaga?<\/p>\n<p>Hur reagerar DN:s Kulturchef Bj\u00f6rn Wiman p\u00e5 detta budskap? Hur ska vi kunna komma \u00e5t och hindra klimatf\u00f6r\u00e4ndringarna om vi inte f\u00e5r klaga \u00f6ver nedskr\u00e4pning, f\u00f6roreningar med mera, med mera?<\/p>\n<p>R\u00e4nderna g\u00e5r aldrig ur, brukar det s\u00e4gas. Dagens Nyheter \u00e4r trots allt en tidning som st\u00e5r f\u00f6r de borgerliga partierna. Och historiskt sett har de borgerliga partierna alltid st\u00e5tt p\u00e5 den v\u00e4lb\u00e4rgades sida, p\u00e5 maktens sida. Alltid. Vi f\u00e5r inte gl\u00f6mma det nu n\u00e4r valet b\u00f6rjar.<\/p>\n<p>Det \u00e4r dock v\u00e4ldigt skr\u00e4mmande att DN s\u00e5 \u00f6ppet l\u00e5ter rubriken p\u00e5 dess ledarsida skrika ut: Klaga inte &#8211; flytta.<\/p>\n","protected":false},"excerpt":{"rendered":"<p>Om ett barn blir mobbat &#8211; d\u00e5 ska barnet flytta. Det \u00e4r konsekvensen av ett resonemang p\u00e5 ledarsidan p\u00e5 Dagens Nyheter. \u00c4ven om ledarskribenten inte tar upp ett s\u00e5dant fall d\u00e5 \u00e4r det konsekvensen av vad hem skriver. P\u00e5 ledarsidan i Dagens Nyheter skrev Emma H\u00f8en Bustos s\u00f6ndagen 24 juli att om man uppr\u00f6rs av [&hellip;]<\/p>\n","protected":false},"author":2,"featured_media":0,"comment_status":"closed","ping_status":"closed","sticky":false,"template":"","format":"standard","meta":{"_genesis_hide_title":false,"_genesis_hide_breadcrumbs":false,"_genesis_hide_singular_image":false,"_genesis_hide_footer_widgets":false,"_genesis_custom_body_class":"","_genesis_custom_post_class":"","_genesis_layout":"","footnotes":""},"categories":[44,62,13624],"tags":[1096,14347],"class_list":{"0":"post-155176","1":"post","2":"type-post","3":"status-publish","4":"format-standard","6":"category-chadie","7":"category-medie-och-kulturpolitik","8":"category-toppnytt","9":"tag-dagens-nyheter","10":"tag-emma-hoen-bustos","11":"entry"},"_links":{"self":[{"href":"https:\/\/kulturbloggen.com\/index.php?rest_route=\/wp\/v2\/posts\/155176","targetHints":{"allow":["GET"]}}],"collection":[{"href":"https:\/\/kulturbloggen.com\/index.php?rest_route=\/wp\/v2\/posts"}],"about":[{"href":"https:\/\/kulturbloggen.com\/index.php?rest_route=\/wp\/v2\/types\/post"}],"author":[{"embeddable":true,"href":"https:\/\/kulturbloggen.com\/index.php?rest_route=\/wp\/v2\/users\/2"}],"replies":[{"embeddable":true,"href":"https:\/\/kulturbloggen.com\/index.php?rest_route=%2Fwp%2Fv2%2Fcomments&post=155176"}],"version-history":[{"count":5,"href":"https:\/\/kulturbloggen.com\/index.php?rest_route=\/wp\/v2\/posts\/155176\/revisions"}],"predecessor-version":[{"id":155183,"href":"https:\/\/kulturbloggen.com\/index.php?rest_route=\/wp\/v2\/posts\/155176\/revisions\/155183"}],"wp:attachment":[{"href":"https:\/\/kulturbloggen.com\/index.php?rest_route=%2Fwp%2Fv2%2Fmedia&parent=155176"}],"wp:term":[{"taxonomy":"category","embeddable":true,"href":"https:\/\/kulturbloggen.com\/index.php?rest_route=%2Fwp%2Fv2%2Fcategories&post=155176"},{"taxonomy":"post_tag","embeddable":true,"href":"https:\/\/kulturbloggen.com\/index.php?rest_route=%2Fwp%2Fv2%2Ftags&post=155176"}],"curies":[{"name":"wp","href":"https:\/\/api.w.org\/{rel}","templated":true}]}}