{"id":1548,"date":"2008-09-10T19:59:58","date_gmt":"2008-09-10T19:59:58","guid":{"rendered":"http:\/\/kulturbloggen.com\/?p=1548"},"modified":"2008-09-10T19:59:58","modified_gmt":"2008-09-10T19:59:58","slug":"anna-tjejen-som-inte-behover-idol-for-att-sla","status":"publish","type":"post","link":"https:\/\/kulturbloggen.com\/?p=1548","title":{"rendered":"Anna &#8211; tjejen som inte beh\u00f6ver Idol f\u00f6r att sl\u00e5"},"content":{"rendered":"<p><a href='http:\/\/sodergren.com\/kulturbloggen\/wp-content\/uploads\/2008\/09\/idolalla260.jpg'><img loading=\"lazy\" decoding=\"async\" src=\"http:\/\/sodergren.com\/kulturbloggen\/wp-content\/uploads\/2008\/09\/idolalla260.jpg\" alt=\"\" title=\"idolalla260\" width=\"260\" height=\"150\" class=\"alignright size-full wp-image-1547\" \/><\/a>\u201dHon kan er\u00f6vra hela v\u00e4rlden\u201d <a href=\"http:\/\/www.aftonbladet.se\/nojesliv\/idol2008\/article3291643.ab\">skriver Aftonbladet<\/a> om 16-\u00e5riga Anna Bergendahl som satt d\u00e4r i Idol, med en gitarr och sj\u00f6ng som en svensk Sinead O&#8217;Connor, med vemod och melankoli och sv\u00e4rta. Ibland med touch av Janis Joplin. Okey, p\u00e5 sina st\u00e4llen lite oslipat &#8211; men visst har AB r\u00e4tt.<\/p>\n<p>Anna Bergendahl beh\u00f6ver inte ens Idol.<\/p>\n<p>Idol har hittar en artist utan att ens finalomg\u00e5ngarna b\u00f6rjat.<\/p>\n<p>Att kv\u00e4llstidningen sedan m\u00e5ste g\u00f6ra som skandalreportrarna och extra p\u00e5peka att Anna inte kunde h\u00e5lla sig fr\u00e5n t\u00e5rar, tja det \u00e4r som tidningsv\u00e4rlden fungerar idag.<\/p>\n<p><a href=\"http:\/\/www.tv4.se\/1.283438?videoId=1.596113\">Om du missade Idol kan du h\u00f6ra henne h\u00e4r p\u00e5 TV4:s Idolsajt.<\/a><\/p>\n<p>Relaterat kring Idol:<br \/>\n<a href=\"http:\/\/www.aftonbladet.se\/nojesliv\/idol2008\/kronikorer\/article3290596.ab\">Aftonbladets tycka-till-kille Martin S\u00f6derstr\u00f6m <\/a>tycker att tv4 borde visa fler duktiga Idolaspiranter och inte visa upp s\u00e5 m\u00e5nga kl\u00e5pare. Han har en po\u00e4ng, fast det \u00e4r v\u00e4l antagligen s\u00e5 att kl\u00e5parna lockar fler tittare, vilket ger fler annons\u00f6rer och det \u00e4r v\u00e4l det allt handlar om f\u00f6r en n\u00f6jeskanal.<\/p>\n<p>Fast tv4 t\u00e4nker nog kortsiktigt. Jag h\u00e5ller med S\u00f6derstr\u00f6m &#8211; och jag tror att kvalitet \u00e4nd\u00e5 vinner i l\u00e4ngden. \u00c4nd\u00e5.<br \/>\n<a href=\"http:\/\/www.tv4.se\/1.613549\/2008\/09\/03\/sa_far_du_se_idol_live\"><br \/>\nOm du \u00e4r i Stockholm veckan som b\u00f6rjar 29 september kan du ans\u00f6ka om biljetter till Idoluttagningarna h\u00e4r.<\/a><\/p>\n<p>Andra bloggar om: <a href=\"http:\/\/bloggar.se\/om\/Idol\" rel=\"tag\">Idol<\/a>, <a href=\"http:\/\/bloggar.se\/om\/n%F6je\" rel=\"tag\">n\u00f6je<\/a>, <a href=\"http:\/\/bloggar.se\/om\/tv4\" rel=\"tag\">tv4<\/a>, <a href=\"http:\/\/bloggar.se\/om\/Anna+Bergendahl\" rel=\"tag\">Anna Bergendahl<\/a><\/p>\n","protected":false},"excerpt":{"rendered":"<p>\u201dHon kan er\u00f6vra hela v\u00e4rlden\u201d skriver Aftonbladet om 16-\u00e5riga Anna Bergendahl som satt d\u00e4r i Idol, med en gitarr och sj\u00f6ng som en svensk Sinead O&#8217;Connor, med vemod och melankoli och sv\u00e4rta. Ibland med touch av Janis Joplin. Okey, p\u00e5 sina st\u00e4llen lite oslipat &#8211; men visst har AB r\u00e4tt. Anna Bergendahl beh\u00f6ver inte ens [&hellip;]<\/p>\n","protected":false},"author":2,"featured_media":0,"comment_status":"open","ping_status":"open","sticky":false,"template":"","format":"standard","meta":{"_genesis_hide_title":false,"_genesis_hide_breadcrumbs":false,"_genesis_hide_singular_image":false,"_genesis_hide_footer_widgets":false,"_genesis_custom_body_class":"","_genesis_custom_post_class":"","_genesis_layout":"","footnotes":""},"categories":[7],"tags":[2427,4095,6029],"class_list":{"0":"post-1548","1":"post","2":"type-post","3":"status-publish","4":"format-standard","6":"category-musik","7":"tag-idol","8":"tag-noje","9":"tag-tv4","10":"entry"},"_links":{"self":[{"href":"https:\/\/kulturbloggen.com\/index.php?rest_route=\/wp\/v2\/posts\/1548","targetHints":{"allow":["GET"]}}],"collection":[{"href":"https:\/\/kulturbloggen.com\/index.php?rest_route=\/wp\/v2\/posts"}],"about":[{"href":"https:\/\/kulturbloggen.com\/index.php?rest_route=\/wp\/v2\/types\/post"}],"author":[{"embeddable":true,"href":"https:\/\/kulturbloggen.com\/index.php?rest_route=\/wp\/v2\/users\/2"}],"replies":[{"embeddable":true,"href":"https:\/\/kulturbloggen.com\/index.php?rest_route=%2Fwp%2Fv2%2Fcomments&post=1548"}],"version-history":[{"count":0,"href":"https:\/\/kulturbloggen.com\/index.php?rest_route=\/wp\/v2\/posts\/1548\/revisions"}],"wp:attachment":[{"href":"https:\/\/kulturbloggen.com\/index.php?rest_route=%2Fwp%2Fv2%2Fmedia&parent=1548"}],"wp:term":[{"taxonomy":"category","embeddable":true,"href":"https:\/\/kulturbloggen.com\/index.php?rest_route=%2Fwp%2Fv2%2Fcategories&post=1548"},{"taxonomy":"post_tag","embeddable":true,"href":"https:\/\/kulturbloggen.com\/index.php?rest_route=%2Fwp%2Fv2%2Ftags&post=1548"}],"curies":[{"name":"wp","href":"https:\/\/api.w.org\/{rel}","templated":true}]}}