{"id":15435,"date":"2009-12-01T15:01:10","date_gmt":"2009-12-01T14:01:10","guid":{"rendered":"http:\/\/kulturbloggen.com\/?p=15435"},"modified":"2009-12-01T15:01:10","modified_gmt":"2009-12-01T14:01:10","slug":"bortglomda-bocker-4-statsrad-och-gnalliga-adjunkter","status":"publish","type":"post","link":"https:\/\/kulturbloggen.com\/?p=15435","title":{"rendered":"Bortgl\u00f6mda b\u00f6cker 4: Statsr\u00e5d och gn\u00e4lliga adjunkter"},"content":{"rendered":"<p><img loading=\"lazy\" decoding=\"async\" class=\"aligncenter size-medium wp-image-15443\" title=\"balderson_bo_1990_statsradet_klarar_krisen\" src=\"http:\/\/kulturbloggen.com\/wp-content\/uploads\/2009\/12\/balderson_bo_1990_statsradet_klarar_krisen-189x300.jpg\" alt=\"balderson_bo_1990_statsradet_klarar_krisen\" width=\"189\" height=\"300\" \/><\/p>\n<p><em>Jag besl\u00f6t att h\u00e5lla mig till kyrkog\u00e5rden. D\u00e4r kunde jag vandra mellan grifterna, som en d\u00f6d bland de d\u00f6da. Visionsfri och asocial och utan traktamente.<\/em> (Ur Bo Baldersons <em>Harpsundsmordet<\/em>, s. 16)<\/p>\n<p>Jag erk\u00e4nner: <a href=\"http:\/\/sv.wikipedia.org\/wiki\/Bo_Balderson\">Bo Balderson<\/a> \u00e4r inte <a href=\"http:\/\/kulturbloggen.com\/?p=6731\">bortgl\u00f6md<\/a>, men fler borde ta del av dessa humoristiskt <a href=\"http:\/\/www.agathachristie.com\/\">Christie<\/a>-inspirerade historier d\u00e4r statsr\u00e5det (som jag f\u00f6r \u00f6vrigt tycker p\u00e5minner om en v\u00e4nlig variant av <a href=\"http:\/\/sv.wikipedia.org\/wiki\/Sj%C3%B6wall\/Wahl%C3%B6%C3%B6\">Gunvald Larsson<\/a>) g\u00e5ng efter annan hamnar i delikata deckarproblem.<\/p>\n<p>Att f\u00e5 tag i b\u00f6ckerna om statsr\u00e5det \u00e4r inte l\u00e4tt. Jag hittade de tre f\u00f6rsta i serien: <a href=\"http:\/\/www.bokus.com\/cgi-bin\/book_search.cgi?rewrite=no&amp;PRODUCT_GROUP=B&amp;FAST=Statsr%E5det%20och%20d%F6den%20Bo%20Balderson&amp;AUTHOR_OPTIONS=exact\"><em>Statsr\u00e5det och d\u00f6den<\/em><\/a>,<em> Harpsundsmordet<\/em> och <em>Statsr\u00e5dets fall<\/em> p\u00e5 antikvariat i somras. <a href=\"http:\/\/antikvariat.net\">Antikvariat<\/a> \u00e4r inte fel, men jag skulle \u00f6nska att det gick att hitta dessa, och resterande b\u00f6cker i serien, hos de stora bokhandlarna. N\u00e4r kommer det en nyutg\u00e5va av Balderson-b\u00f6ckerna?<\/p>\n<p><a href=\"http:\/\/www.dn.se\/dnbok\/bo-balderson-bjorn-sjoberg-olle-adophson-1.902463\">G\u00e5tan<\/a> om vem som ligger bakom <a href=\"http:\/\/www.svd.se\/kulturnoje\/nyheter\/artikel_1756189.svd\">pseudonymen<\/a> kittlar fortfarande nyfikna l\u00e4sare och litteraturintressenter. Teorierna \u00e4r m\u00e5nga och <a href=\"http:\/\/www.svd.se\/kulturnoje\/understrecket\/artikel_3141227.svd\">Ebbe Carlsson<\/a>, Bertil Ohlin och Olle Adolphson har varit n\u00e5gra av f\u00f6rslagen. \u00c4n \u00e4r inte personen bakom namnet Bo Balderson k\u00e4nt, och jag funderar \u00f6ver vad som \u00e4r mest intressant: att veta eller inte veta. D\u00e4r h\u00e5ller jag mig f\u00f6r n\u00e4rvarande till det sistn\u00e4mnda. Att i viss m\u00e5n leva i ovisshet har sin charm.<strong><br \/>\n<\/strong><\/p>\n<p>Eftersom jag vill f\u00e5 tag p\u00e5 resterande b\u00f6cker i serien, samt ge bort en eller annan i julklapp, ska jag i eftermiddag ut p\u00e5 statsr\u00e5dsjakt i G\u00f6teborgs bokl\u00e5dor. Om hur det g\u00e5r? Forts\u00e4ttning f\u00f6ljer&#8230;<\/p>\n<p>L\u00e4s mer: <a href=\"http:\/\/www.newsmill.se\/artikel\/2009\/08\/13\/sven-delblanc-var-bo-baldersson\">Newsmill<\/a>, <a href=\"http:\/\/www.bokhora.se\/blog\/bokaktuellt\/forfattare\/2009\/06\/bo-balderson-avslojas-imorgon\/\">Bokhora<\/a>, <a href=\"http:\/\/www.folkbladet.se\/kulturnoje\/artikel.aspx?articleid=4946861\">Folkbladet<\/a>, <a href=\"http:\/\/deckarbiten.wordpress.com\/2009\/07\/01\/bo-balderson-olle-adolphson\/\">Deckarbiten<\/a><\/p>\n","protected":false},"excerpt":{"rendered":"<p>Jag besl\u00f6t att h\u00e5lla mig till kyrkog\u00e5rden. D\u00e4r kunde jag vandra mellan grifterna, som en d\u00f6d bland de d\u00f6da. Visionsfri och asocial och utan traktamente. (Ur Bo Baldersons Harpsundsmordet, s. 16) Jag erk\u00e4nner: Bo Balderson \u00e4r inte bortgl\u00f6md, men fler borde ta del av dessa humoristiskt Christie-inspirerade historier d\u00e4r statsr\u00e5det (som jag f\u00f6r \u00f6vrigt tycker [&hellip;]<\/p>\n","protected":false},"author":13,"featured_media":0,"comment_status":"open","ping_status":"open","sticky":false,"template":"","format":"standard","meta":{"_genesis_hide_title":false,"_genesis_hide_breadcrumbs":false,"_genesis_hide_singular_image":false,"_genesis_hide_footer_widgets":false,"_genesis_custom_body_class":"","_genesis_custom_post_class":"","_genesis_layout":"","footnotes":""},"categories":[3],"tags":[907,1197,1919],"class_list":{"0":"post-15435","1":"post","2":"type-post","3":"status-publish","4":"format-standard","6":"category-litteratur","7":"tag-bocker","8":"tag-deckare","9":"tag-forfattare","10":"entry"},"_links":{"self":[{"href":"https:\/\/kulturbloggen.com\/index.php?rest_route=\/wp\/v2\/posts\/15435","targetHints":{"allow":["GET"]}}],"collection":[{"href":"https:\/\/kulturbloggen.com\/index.php?rest_route=\/wp\/v2\/posts"}],"about":[{"href":"https:\/\/kulturbloggen.com\/index.php?rest_route=\/wp\/v2\/types\/post"}],"author":[{"embeddable":true,"href":"https:\/\/kulturbloggen.com\/index.php?rest_route=\/wp\/v2\/users\/13"}],"replies":[{"embeddable":true,"href":"https:\/\/kulturbloggen.com\/index.php?rest_route=%2Fwp%2Fv2%2Fcomments&post=15435"}],"version-history":[{"count":0,"href":"https:\/\/kulturbloggen.com\/index.php?rest_route=\/wp\/v2\/posts\/15435\/revisions"}],"wp:attachment":[{"href":"https:\/\/kulturbloggen.com\/index.php?rest_route=%2Fwp%2Fv2%2Fmedia&parent=15435"}],"wp:term":[{"taxonomy":"category","embeddable":true,"href":"https:\/\/kulturbloggen.com\/index.php?rest_route=%2Fwp%2Fv2%2Fcategories&post=15435"},{"taxonomy":"post_tag","embeddable":true,"href":"https:\/\/kulturbloggen.com\/index.php?rest_route=%2Fwp%2Fv2%2Ftags&post=15435"}],"curies":[{"name":"wp","href":"https:\/\/api.w.org\/{rel}","templated":true}]}}