{"id":153864,"date":"2022-05-30T13:17:40","date_gmt":"2022-05-30T11:17:40","guid":{"rendered":"https:\/\/kulturbloggen.com\/?p=153864"},"modified":"2022-05-30T13:17:41","modified_gmt":"2022-05-30T11:17:41","slug":"klimatstrejkare-lanserar-upprop-infor-fns-miljokonferens-stockholm50","status":"publish","type":"post","link":"https:\/\/kulturbloggen.com\/?p=153864","title":{"rendered":"Klimatstrejkare lanserar upprop inf\u00f6r FN:s milj\u00f6konferens Stockholm+50"},"content":{"rendered":"<p><img loading=\"lazy\" decoding=\"async\" class=\"aligncenter size-full wp-image-153866\" src=\"https:\/\/kulturbloggen.com\/wp-content\/uploads\/2022\/05\/unnamed-2.png\" alt=\"\" width=\"200\" height=\"200\" srcset=\"https:\/\/kulturbloggen.com\/wp-content\/uploads\/2022\/05\/unnamed-2.png 200w, https:\/\/kulturbloggen.com\/wp-content\/uploads\/2022\/05\/unnamed-2-150x150.png 150w\" sizes=\"auto, (max-width: 200px) 100vw, 200px\" \/><\/p>\n<p>Det har snart g\u00e5tt fyra \u00e5r sedan Fridays For Future Sveriges klimatstrejk b\u00f6rjade. Inf\u00f6r FN:s milj\u00f6konferens Stockholm+50, lanserar r\u00f6relsen ett klimatupprop som kr\u00e4ver \u201cen grundl\u00e4ggande f\u00f6r\u00e4ndring av v\u00e5ra politiska och ekonomiska system.\u201d<\/p>\n<p>Uppropet, som best\u00e5r av tre avsnitt, \u00e4r skapat i samr\u00e5d med klimatforskare och personer som sj\u00e4lva drabbats h\u00e5rt av klimatkrisen.<\/p>\n<p>Fridays For Future skriver i ett pressmail:<br \/>\nDet understryker vikten av FN:s klimatpanel IPCC:s rapporter, som bland annat visat att det kr\u00e4vs djupa ekonomiska och strukturella samh\u00e4llsf\u00f6r\u00e4ndringar f\u00f6r att hantera klimatf\u00f6r\u00e4ndringarna.<\/p>\n<p>Lanseringen sker inf\u00f6r demonstrationer som anordnas i samband med FN-konferensen Stockholm+50 och h\u00f6stens val.<\/p>\n<p><a href=\"https:\/\/iles.us14.list-manage.com\/track\/click?u=5cc659c7eee6548580e922228&amp;id=9414a88a65&amp;e=a2dc8f9177\">H\u00e4r kan du l\u00e4sa uppropet.<\/a><\/p>\n","protected":false},"excerpt":{"rendered":"<p>Det har snart g\u00e5tt fyra \u00e5r sedan Fridays For Future Sveriges klimatstrejk b\u00f6rjade. Inf\u00f6r FN:s milj\u00f6konferens Stockholm+50, lanserar r\u00f6relsen ett klimatupprop som kr\u00e4ver \u201cen grundl\u00e4ggande f\u00f6r\u00e4ndring av v\u00e5ra politiska och ekonomiska system.\u201d Uppropet, som best\u00e5r av tre avsnitt, \u00e4r skapat i samr\u00e5d med klimatforskare och personer som sj\u00e4lva drabbats h\u00e5rt av klimatkrisen. Fridays For Future [&hellip;]<\/p>\n","protected":false},"author":13,"featured_media":0,"comment_status":"closed","ping_status":"closed","sticky":false,"template":"","format":"standard","meta":{"_genesis_hide_title":false,"_genesis_hide_breadcrumbs":false,"_genesis_hide_singular_image":false,"_genesis_hide_footer_widgets":false,"_genesis_custom_body_class":"","_genesis_custom_post_class":"","_genesis_layout":"","footnotes":""},"categories":[62],"tags":[14323,14321,14322],"class_list":{"0":"post-153864","1":"post","2":"type-post","3":"status-publish","4":"format-standard","6":"category-medie-och-kulturpolitik","7":"tag-fridays-for-future","8":"tag-klimatstrejkar","9":"tag-klimatstrejkare","10":"entry"},"_links":{"self":[{"href":"https:\/\/kulturbloggen.com\/index.php?rest_route=\/wp\/v2\/posts\/153864","targetHints":{"allow":["GET"]}}],"collection":[{"href":"https:\/\/kulturbloggen.com\/index.php?rest_route=\/wp\/v2\/posts"}],"about":[{"href":"https:\/\/kulturbloggen.com\/index.php?rest_route=\/wp\/v2\/types\/post"}],"author":[{"embeddable":true,"href":"https:\/\/kulturbloggen.com\/index.php?rest_route=\/wp\/v2\/users\/13"}],"replies":[{"embeddable":true,"href":"https:\/\/kulturbloggen.com\/index.php?rest_route=%2Fwp%2Fv2%2Fcomments&post=153864"}],"version-history":[{"count":5,"href":"https:\/\/kulturbloggen.com\/index.php?rest_route=\/wp\/v2\/posts\/153864\/revisions"}],"predecessor-version":[{"id":153872,"href":"https:\/\/kulturbloggen.com\/index.php?rest_route=\/wp\/v2\/posts\/153864\/revisions\/153872"}],"wp:attachment":[{"href":"https:\/\/kulturbloggen.com\/index.php?rest_route=%2Fwp%2Fv2%2Fmedia&parent=153864"}],"wp:term":[{"taxonomy":"category","embeddable":true,"href":"https:\/\/kulturbloggen.com\/index.php?rest_route=%2Fwp%2Fv2%2Fcategories&post=153864"},{"taxonomy":"post_tag","embeddable":true,"href":"https:\/\/kulturbloggen.com\/index.php?rest_route=%2Fwp%2Fv2%2Ftags&post=153864"}],"curies":[{"name":"wp","href":"https:\/\/api.w.org\/{rel}","templated":true}]}}