{"id":153502,"date":"2022-05-16T09:36:36","date_gmt":"2022-05-16T07:36:36","guid":{"rendered":"https:\/\/kulturbloggen.com\/?p=153502"},"modified":"2022-05-16T09:36:37","modified_gmt":"2022-05-16T07:36:37","slug":"musikerforbundet-regeringens-ersattningsutredning-ar-ett-svek-mot-svenska-musiker","status":"publish","type":"post","link":"https:\/\/kulturbloggen.com\/?p=153502","title":{"rendered":"Musikerf\u00f6rbundet: Regeringens ers\u00e4ttningsutredning \u00e4r ett svek mot svenska musiker"},"content":{"rendered":"<p><img loading=\"lazy\" decoding=\"async\" class=\"aligncenter size-full wp-image-153507\" src=\"https:\/\/kulturbloggen.com\/wp-content\/uploads\/2022\/05\/unnamed.gif\" alt=\"\" width=\"211\" height=\"40\" \/><\/p>\n<p>Musikerf\u00f6rbundet kritiserar regeringens ers\u00e4ttningsutredning och skriver i ett pressmeddelande:<br \/>\nRegeringens ers\u00e4ttningsutredning \u00e4r en total besvikelse och ett svek mot svenska musiker.<br \/>\nMedan konsumtionen av musik st\u00e4ndigt \u00f6kar, blir diskussionen om ut\u00f6varnas r\u00e4tt till rimlig ers\u00e4ttning alltmer angel\u00e4gen. D\u00e4rf\u00f6r var det med h\u00f6ga f\u00f6rv\u00e4ntningar som Musikerf\u00f6rbundet v\u00e4lkomnade regeringens ers\u00e4ttningsutredning (Ju 2021:04) som bland annat gav m\u00f6jlighet till en oavvislig ers\u00e4ttningsr\u00e4tt, en garanterat minimiers\u00e4ttning vid streaming som inte kan f\u00f6rhandlas bort. Men i st\u00e4llet f\u00f6r m\u00f6jligheter, visade sig utredningen vara en besvikelse.<\/p>\n<p>\u2013 Det var inte en dag f\u00f6r tidigt f\u00f6r ett seri\u00f6st f\u00f6rslag p\u00e5 hur lagstiftningen skulle kunna fungera b\u00e4ttre i en alltmer digitaliserad v\u00e4rld med nya aff\u00e4rsmodeller. Men utredningen saknar f\u00f6rslag p\u00e5 verkningsfulla \u00e5tg\u00e4rder s\u00e5v\u00e4l som en igenk\u00e4nnbar verklighetsbeskrivning och djupare analys. Den bygger snarare p\u00e5 resonemang som de stora tech-bolagen brukar f\u00f6ra fram, vilket \u00e4r mycket frustrerande, s\u00e4ger Musikerf\u00f6rbundets f\u00f6rbundsordf\u00f6rande Jan Granvik som \u00e4ven \u00e4r ordf\u00f6rande i SAMI:s styrelse.<\/p>\n<p>Att presentera en s\u00e5dan utredning n\u00e4r Sverige som land borde g\u00e5 i br\u00e4schen f\u00f6r en modern och v\u00e4lfungerade musikindustri \u00e4r skamligt. Inte bara f\u00f6r de musiker som f\u00f6rlorat sin m\u00f6jlighet till b\u00e4ttre villkor, utan \u00e4ven f\u00f6r oss som land, n\u00e4r vi i Europa \u00e4r det ledande landet f\u00f6r musikexport och n\u00e4r en av de st\u00f6rsta streamingtj\u00e4nsterna faktiskt \u00e4r ett svenskt bolag.<\/p>\n<p>\u2013 Den h\u00e4r utredningen \u00e4r ett fullkomligt haveri. Utredaren utg\u00e5r fr\u00e5n en missvisande beskrivning av musikmarknaden. Vi vill uppmana justitieminister Morgan Johansson och kulturminister Jeanette Gustafsdotter att sl\u00e4nga hela utredningen, och tills\u00e4tta en helt ny och seri\u00f6s streamingutredning liknande den i Storbritannien, s\u00e4ger Jan Granvik.<\/p>\n","protected":false},"excerpt":{"rendered":"<p>Musikerf\u00f6rbundet kritiserar regeringens ers\u00e4ttningsutredning och skriver i ett pressmeddelande: Regeringens ers\u00e4ttningsutredning \u00e4r en total besvikelse och ett svek mot svenska musiker. Medan konsumtionen av musik st\u00e4ndigt \u00f6kar, blir diskussionen om ut\u00f6varnas r\u00e4tt till rimlig ers\u00e4ttning alltmer angel\u00e4gen. D\u00e4rf\u00f6r var det med h\u00f6ga f\u00f6rv\u00e4ntningar som Musikerf\u00f6rbundet v\u00e4lkomnade regeringens ers\u00e4ttningsutredning (Ju 2021:04) som bland annat gav m\u00f6jlighet [&hellip;]<\/p>\n","protected":false},"author":13,"featured_media":0,"comment_status":"closed","ping_status":"closed","sticky":false,"template":"","format":"standard","meta":{"_genesis_hide_title":false,"_genesis_hide_breadcrumbs":false,"_genesis_hide_singular_image":false,"_genesis_hide_footer_widgets":false,"_genesis_custom_body_class":"","_genesis_custom_post_class":"","_genesis_layout":"","footnotes":""},"categories":[62,13624],"tags":[],"class_list":{"0":"post-153502","1":"post","2":"type-post","3":"status-publish","4":"format-standard","6":"category-medie-och-kulturpolitik","7":"category-toppnytt","8":"entry"},"_links":{"self":[{"href":"https:\/\/kulturbloggen.com\/index.php?rest_route=\/wp\/v2\/posts\/153502","targetHints":{"allow":["GET"]}}],"collection":[{"href":"https:\/\/kulturbloggen.com\/index.php?rest_route=\/wp\/v2\/posts"}],"about":[{"href":"https:\/\/kulturbloggen.com\/index.php?rest_route=\/wp\/v2\/types\/post"}],"author":[{"embeddable":true,"href":"https:\/\/kulturbloggen.com\/index.php?rest_route=\/wp\/v2\/users\/13"}],"replies":[{"embeddable":true,"href":"https:\/\/kulturbloggen.com\/index.php?rest_route=%2Fwp%2Fv2%2Fcomments&post=153502"}],"version-history":[{"count":5,"href":"https:\/\/kulturbloggen.com\/index.php?rest_route=\/wp\/v2\/posts\/153502\/revisions"}],"predecessor-version":[{"id":153508,"href":"https:\/\/kulturbloggen.com\/index.php?rest_route=\/wp\/v2\/posts\/153502\/revisions\/153508"}],"wp:attachment":[{"href":"https:\/\/kulturbloggen.com\/index.php?rest_route=%2Fwp%2Fv2%2Fmedia&parent=153502"}],"wp:term":[{"taxonomy":"category","embeddable":true,"href":"https:\/\/kulturbloggen.com\/index.php?rest_route=%2Fwp%2Fv2%2Fcategories&post=153502"},{"taxonomy":"post_tag","embeddable":true,"href":"https:\/\/kulturbloggen.com\/index.php?rest_route=%2Fwp%2Fv2%2Ftags&post=153502"}],"curies":[{"name":"wp","href":"https:\/\/api.w.org\/{rel}","templated":true}]}}