{"id":153487,"date":"2022-05-16T09:29:41","date_gmt":"2022-05-16T07:29:41","guid":{"rendered":"https:\/\/kulturbloggen.com\/?p=153487"},"modified":"2022-05-16T09:29:43","modified_gmt":"2022-05-16T07:29:43","slug":"barnen-berattarministeriets-forfattare-ska-skriva-varldens-langsta-berattelse-i-stafettform","status":"publish","type":"post","link":"https:\/\/kulturbloggen.com\/?p=153487","title":{"rendered":"Barnen, Ber\u00e4ttarministeriets f\u00f6rfattare, ska skriva V\u00e4rldens L\u00e4ngsta Ber\u00e4ttelse i stafettform"},"content":{"rendered":"<p><img loading=\"lazy\" decoding=\"async\" class=\"aligncenter size-full wp-image-153490\" src=\"https:\/\/kulturbloggen.com\/wp-content\/uploads\/2022\/05\/unnamed-16.jpg\" alt=\"\" width=\"650\" height=\"414\" srcset=\"https:\/\/kulturbloggen.com\/wp-content\/uploads\/2022\/05\/unnamed-16.jpg 650w, https:\/\/kulturbloggen.com\/wp-content\/uploads\/2022\/05\/unnamed-16-300x191.jpg 300w\" sizes=\"auto, (max-width: 650px) 100vw, 650px\" \/><\/p>\n<p>Ber\u00e4ttarministeriet fyller tio \u00e5r och har bjudit in sina f\u00f6rfattare \u2013 barnen \u2013 p\u00e5 torgfest d\u00e4r vi ska skriva V\u00e4rldens L\u00e4ngsta Ber\u00e4ttelse i stafettform. Vi b\u00f6rjar i Stockholm p\u00e5 Hags\u00e4tra torg den 19 maj, forts\u00e4tter p\u00e5 Husby torg 20 maj och avslutar p\u00e5 Gamlestads torg i G\u00f6teborg den 2 juni, ber\u00e4ttar ett pressmeddelande:<\/p>\n<p>Ett bokf\u00f6rlag skulle inte vara ett bokf\u00f6rlag utan sina f\u00f6rfattare. Ber\u00e4ttarministeriets uppburna f\u00f6rfattare \u00e4r barnen som varje dag kommer till utbildningscentren. I mer \u00e4n tretusensexhundrafemtio dagar \u2013 \u00f6ver tio \u00e5r \u2013 har Ber\u00e4ttarministeriet f\u00e5tt ta del av barnens fantasi och skapat tusentals ber\u00e4ttelser.<\/p>\n<p>Det vill vi uppm\u00e4rksamma genom torgfester d\u00e4r vi firar, tar fantasifulla f\u00f6rfattarportr\u00e4tt, skapar poesi och V\u00e4rldens L\u00e4ngsta Ber\u00e4ttelse. Ber\u00e4ttelsen kommer att bli en minst 100 meter l\u00e5ng skapelse i form av en rulle. Den kommer att resa mellan utbildningscentren och arbetas p\u00e5 av 200 f\u00f6rfattare. Den kommer inte bara att bli v\u00e4ldigt l\u00e5ng utan \u00e4ven ett tidsdokument \u00f6ver v\u00e5ra f\u00f6rfattare, Ber\u00e4ttarministeriet och de platser vi verkar p\u00e5.<\/p>\n<p><strong>Fakta om Ber\u00e4ttarministeriet.<\/strong> Ber\u00e4ttarministeriets vision \u00e4r ett Sverige d\u00e4r alla barn och unga \u00e4r trygga i det skrivna ordet och har f\u00f6ruts\u00e4ttningar att aktivt delta i samh\u00e4llslivet. Vi erbjuder kreativa och lustfyllda skolprogram till l\u00e4rare i skolor med h\u00f6gt socioekonomiskt index. V\u00e5ra utbildningscenter finns i Hags\u00e4tra och Husby i Stockholm och i Gamlestaden G\u00f6teborg.<\/p>\n<p>N\u00e4r klassen kommer till utbildningscentret stiger de in i en Alien Supermarket. En aff\u00e4r f\u00f6r utomjordingar. H\u00e4r finns allt en bes\u00f6kare fr\u00e5n yttre rymden kan beh\u00f6va. Dragningskraft p\u00e5 burk, tanke\u00f6verf\u00f6ringshj\u00e4lmar, glas\u00f6gon f\u00f6r tre-\u00f6gda, vakuum p\u00e5 flaska med mera. H\u00e4r s\u00e4tts fantasin och ber\u00e4ttelsen i g\u00e5ng. Eleverna f\u00e5r i uppgift att komma p\u00e5 det hemliga l\u00f6senordet som \u00f6ppnar den dolda d\u00f6rren och vips, befinner de sig hos Bokf\u00f6rlaget Ber\u00e4ttarministeriet d\u00e4r den buttre redakt\u00f6r Schwartz huserar bakom en st\u00e4ngd d\u00f6rr. Bokf\u00f6rlagets medarbetare har f\u00f6rlorat sin fantasi och eleverna lovar hj\u00e4lpa dem. Bes\u00f6ket resulterar i att alla skrivit en bok och blivit publicerade f\u00f6rfattare, men det slutar inte h\u00e4r. Programmet forts\u00e4tter i klassrummet med olika inriktningar.<\/p>\n<p>Utv\u00e4rderingar visar att 9 av 10 l\u00e4rare ser Ber\u00e4ttarministeriet som ett st\u00f6d i undervisningen och rekommenderar sina kollegor att ta del av utbudet. Alla skolprogram, l\u00e4romedel och artefakter \u00e4r helt kostnadsfria f\u00f6r de skolor vi riktar oss till.<\/p>\n","protected":false},"excerpt":{"rendered":"<p>Ber\u00e4ttarministeriet fyller tio \u00e5r och har bjudit in sina f\u00f6rfattare \u2013 barnen \u2013 p\u00e5 torgfest d\u00e4r vi ska skriva V\u00e4rldens L\u00e4ngsta Ber\u00e4ttelse i stafettform. Vi b\u00f6rjar i Stockholm p\u00e5 Hags\u00e4tra torg den 19 maj, forts\u00e4tter p\u00e5 Husby torg 20 maj och avslutar p\u00e5 Gamlestads torg i G\u00f6teborg den 2 juni, ber\u00e4ttar ett pressmeddelande: Ett bokf\u00f6rlag [&hellip;]<\/p>\n","protected":false},"author":13,"featured_media":0,"comment_status":"closed","ping_status":"closed","sticky":false,"template":"","format":"standard","meta":{"_genesis_hide_title":false,"_genesis_hide_breadcrumbs":false,"_genesis_hide_singular_image":false,"_genesis_hide_footer_widgets":false,"_genesis_custom_body_class":"","_genesis_custom_post_class":"","_genesis_layout":"","footnotes":""},"categories":[62,3],"tags":[],"class_list":{"0":"post-153487","1":"post","2":"type-post","3":"status-publish","4":"format-standard","6":"category-medie-och-kulturpolitik","7":"category-litteratur","8":"entry"},"_links":{"self":[{"href":"https:\/\/kulturbloggen.com\/index.php?rest_route=\/wp\/v2\/posts\/153487","targetHints":{"allow":["GET"]}}],"collection":[{"href":"https:\/\/kulturbloggen.com\/index.php?rest_route=\/wp\/v2\/posts"}],"about":[{"href":"https:\/\/kulturbloggen.com\/index.php?rest_route=\/wp\/v2\/types\/post"}],"author":[{"embeddable":true,"href":"https:\/\/kulturbloggen.com\/index.php?rest_route=\/wp\/v2\/users\/13"}],"replies":[{"embeddable":true,"href":"https:\/\/kulturbloggen.com\/index.php?rest_route=%2Fwp%2Fv2%2Fcomments&post=153487"}],"version-history":[{"count":3,"href":"https:\/\/kulturbloggen.com\/index.php?rest_route=\/wp\/v2\/posts\/153487\/revisions"}],"predecessor-version":[{"id":153491,"href":"https:\/\/kulturbloggen.com\/index.php?rest_route=\/wp\/v2\/posts\/153487\/revisions\/153491"}],"wp:attachment":[{"href":"https:\/\/kulturbloggen.com\/index.php?rest_route=%2Fwp%2Fv2%2Fmedia&parent=153487"}],"wp:term":[{"taxonomy":"category","embeddable":true,"href":"https:\/\/kulturbloggen.com\/index.php?rest_route=%2Fwp%2Fv2%2Fcategories&post=153487"},{"taxonomy":"post_tag","embeddable":true,"href":"https:\/\/kulturbloggen.com\/index.php?rest_route=%2Fwp%2Fv2%2Ftags&post=153487"}],"curies":[{"name":"wp","href":"https:\/\/api.w.org\/{rel}","templated":true}]}}