{"id":153242,"date":"2022-05-10T09:05:02","date_gmt":"2022-05-10T07:05:02","guid":{"rendered":"https:\/\/kulturbloggen.com\/?p=153242"},"modified":"2022-05-10T09:05:03","modified_gmt":"2022-05-10T07:05:03","slug":"kulturens-betydelse-for-halsa-ar-amnet-for-en-nordisk-konferens-i-stockholm","status":"publish","type":"post","link":"https:\/\/kulturbloggen.com\/?p=153242","title":{"rendered":"Kulturens betydelse f\u00f6r h\u00e4lsa \u00e4r \u00e4mnet f\u00f6r en nordisk konferens i Stockholm"},"content":{"rendered":"<figure id=\"attachment_153246\" aria-describedby=\"caption-attachment-153246\" style=\"width: 650px\" class=\"wp-caption aligncenter\"><img loading=\"lazy\" decoding=\"async\" class=\"size-full wp-image-153246\" src=\"https:\/\/kulturbloggen.com\/wp-content\/uploads\/2022\/05\/unnamed-35.jpg\" alt=\"\" width=\"650\" height=\"366\" srcset=\"https:\/\/kulturbloggen.com\/wp-content\/uploads\/2022\/05\/unnamed-35.jpg 650w, https:\/\/kulturbloggen.com\/wp-content\/uploads\/2022\/05\/unnamed-35-300x169.jpg 300w\" sizes=\"auto, (max-width: 650px) 100vw, 650px\" \/><figcaption id=\"caption-attachment-153246\" class=\"wp-caption-text\">Nordiska forskningsn\u00e4tverket f\u00f6r kultur och h\u00e4lsa &#8211; logotyp med text p\u00e5 f\u00e4rgad ruta \u00f6ver en m\u00e5lning<\/figcaption><\/figure>\n<p>Nordisk konferens i Stockholm s\u00e4tter fokus p\u00e5 kulturens betydelse f\u00f6r h\u00e4lsa, meddelar ett pressmail:<br \/>\nDen 10 maj arrangerar Region Stockholms Kompetenscentrum f\u00f6r kultur och h\u00e4lsa en nordisk konferens p\u00e5 Kungliga musikh\u00f6gskolan som s\u00e4tter fokus p\u00e5 kulturens betydelse f\u00f6r h\u00e4lsa. Konferensen belyser nul\u00e4get inom nordisk forskning och praktik men lyfter ocks\u00e5 fram vilken betydelse policy har f\u00f6r att skapa h\u00e5llbara f\u00f6ruts\u00e4ttningar f\u00f6r kultur som ett innovativt komplement till h\u00e4lso- och sjukv\u00e5rd.<\/p>\n<p>Forskning visar att kulturinsatser kan \u00f6ka det fysiska, psykiska, sociala och existentiella v\u00e4lbefinnandet vid en rad olika tillst\u00e5nd. D\u00e4rf\u00f6r har Kompetenscentrum f\u00f6r kultur och h\u00e4lsa etablerats i Region Stockholm. Vikten av att permanenta strukturer inr\u00e4ttas \u00e4r n\u00e5got som \u00e4ven V\u00e4rldsh\u00e4lsoorganisationen, WHO, rekommenderar, s\u00e5 att kultur som h\u00e4lsofaktor verkligen kan tas till vara f\u00f6r en b\u00e4ttre v\u00e4lf\u00e4rd (Fancourt &amp; Finn, 2019).<\/p>\n<p>&#8211; Det \u00e4r med stor gl\u00e4dje som vi tar emot deltagare i det nordiska forskarn\u00e4tverkets konferens, och kan tillg\u00e4ngligg\u00f6ra aktuell forskning inom det h\u00e4r omr\u00e5det som bidrar till framtidens h\u00e4lso- och sjukv\u00e5rd. Vikten av \u00f6kad kunskap kring kultens h\u00e4lsofr\u00e4mjande effekter kan inte nog betonas, s\u00e4ger Cecilia Elving, kulturn\u00e4mndens ordf\u00f6rande i Region Stockholm.<\/p>\n<p>Norden st\u00e5r inf\u00f6r stora h\u00e4lsoutmaningar med en allt st\u00f6rre andel \u00e4ldre som ledder till \u00f6kad efterfr\u00e5gan p\u00e5 sjukv\u00e5rd och god omv\u00e5rdnad. \u00c4ven den v\u00e4xande psykiska oh\u00e4lsan fordrar f\u00f6r\u00e4ndringar i v\u00e5rdutbud och arbetss\u00e4tt. Det beh\u00f6vs innovativa insatser som kan bidra till en personcentrerad v\u00e5rd och behandling men som ocks\u00e5 kan fr\u00e4mja attraktionskraften f\u00f6r de yrken som b\u00e4r upp \u00e4ldreomsorgen och h\u00e4lso- och sjukv\u00e5rden.<\/p>\n<p>S\u00e5v\u00e4l i Finland som i Norge finns nationella akt\u00f6rer p\u00e5 omr\u00e5det, vilket fortfarande saknas i Sverige. D\u00e4remot p\u00e5g\u00e5r ett landsomfattande arbete b\u00e5de i regioner och kommuner inriktat mot kulturens roll f\u00f6r h\u00e4lsa och v\u00e4lbefinnande. Med tiden har allt mer kunskap vuxit fram om hur ett framg\u00e5ngsrikt arbete kan utformas, vilket g\u00f6r det nationella och det nordiska samarbetet s\u00e4rskilt betydelsefullt.<\/p>\n<p>Moderator f\u00f6r konferensen \u00e4r Eva Bojner Howitz, KMH, som innehar landets enda professur i musik och h\u00e4lsa.<\/p>\n<p>\u201dI tider av turbulens, oro och os\u00e4kerhet k\u00e4nns det extra viktigt att samlas f\u00f6r att \u00f6ka f\u00f6rst\u00e5elsen f\u00f6r hur konsten och kulturen kan hj\u00e4lpa oss att hitta mening och stimulera h\u00e4lsa b\u00e5de i kropp och samh\u00e4llskropp. Genom v\u00e5r nordiska kultur och h\u00e4lsokonferens vid Kungliga Musikh\u00f6gskolan i Stockholm satsar forskare, politiker, beslutsfattare, l\u00e4rare och studenter allt f\u00f6r att med gemensamt grepp sprida entusiasm kring musikens, dansens, bildens, teaterns koppling till v\u00e5r framtida samh\u00e4llsh\u00e4lsa\u201d, s\u00e4ger Eva Bojner Horwitz.<\/p>\n<p>Dagen kommer att fyllas av inspirerande f\u00f6redrag om konstbaserade och kreativa arbetss\u00e4tt inom psykiatri, \u00e4ldreomsorg, rehabilitering och inte minst om kulturens roll i v\u00e5rdutbildningarna. N\u00e4r konstn\u00e4rliga uttryck som musik, dans, teater och poesi integreras som komplement i v\u00e5rden, s\u00e4tts fokus p\u00e5 hela m\u00e4nniskan och p\u00e5 individens friska resurser, trots sjukdom och andra sv\u00e5righeter. Att p\u00e5 s\u00e5 s\u00e4tt fokus p\u00e5 friskfaktorer dvs. v\u00e5rden utg\u00e5r ifr\u00e5n ett salutogent syns\u00e4tt vilket kan fr\u00e4mja sj\u00e4lvtillit och acceptans, ge ett \u00f6kat hopp, en minskad stress och ett \u00f6kat v\u00e4lbefinnande.<\/p>\n<p><strong>Om Kompetenscentrum f\u00f6r kultur och h\u00e4lsa<\/strong><\/p>\n<p>Kompetenscentrum f\u00f6r kultur och h\u00e4lsa samarbetar med verksamheter inom l\u00e4nets h\u00e4lso- och sjukv\u00e5rd, men \u00e4ven inom kommunal \u00e4ldreomsorg och elevh\u00e4lsa. Pilotprojekt genomf\u00f6rs och utv\u00e4rderas s\u00e5 att beforskade modeller kan testas och genomf\u00f6ras i Stockholms l\u00e4n och inte minst spridas s\u00e5 att k\u00e4nnedomen om en kulturunderst\u00f6dd v\u00e5rd och omsorg kan \u00f6ka.<\/p>\n<p><strong>Under konferensen kommer fem samarbetsprojekt att presenteras:<\/strong><\/p>\n<p>Dans f\u00f6r Parkinson \u2013 med Balettakademien, Ume\u00e5 universitet och Karlstad universitet.<br \/>\nDrama\/teater i psykosv\u00e5rd \u2013 med Stockholms universitet, dramapedagog och Norra Stockholms psykiatri.<br \/>\nMusik i barnsjukv\u00e5rd \u2013 med musiker, Sophiahemmet h\u00f6gskola, KMH och Sachsska barn- och ungdomssjukhuset\/S\u00f6dersjukhuset.<br \/>\nDigitala ber\u00e4ttelser \u2013 med Svenska hj\u00e4rntum\u00f6rf\u00f6reningen, KS och KI och filmpedagog.<br \/>\nBildterapi p\u00e5 neurovetenskaplig grund \u2013 av bildterapeuter p\u00e5 barn- och ungdomspsykiatrin i Region Stockholm.<\/p>\n","protected":false},"excerpt":{"rendered":"<p>Nordisk konferens i Stockholm s\u00e4tter fokus p\u00e5 kulturens betydelse f\u00f6r h\u00e4lsa, meddelar ett pressmail: Den 10 maj arrangerar Region Stockholms Kompetenscentrum f\u00f6r kultur och h\u00e4lsa en nordisk konferens p\u00e5 Kungliga musikh\u00f6gskolan som s\u00e4tter fokus p\u00e5 kulturens betydelse f\u00f6r h\u00e4lsa. Konferensen belyser nul\u00e4get inom nordisk forskning och praktik men lyfter ocks\u00e5 fram vilken betydelse policy har [&hellip;]<\/p>\n","protected":false},"author":13,"featured_media":0,"comment_status":"closed","ping_status":"closed","sticky":false,"template":"","format":"standard","meta":{"_genesis_hide_title":false,"_genesis_hide_breadcrumbs":false,"_genesis_hide_singular_image":false,"_genesis_hide_footer_widgets":false,"_genesis_custom_body_class":"","_genesis_custom_post_class":"","_genesis_layout":"","footnotes":""},"categories":[62,13624],"tags":[],"class_list":{"0":"post-153242","1":"post","2":"type-post","3":"status-publish","4":"format-standard","6":"category-medie-och-kulturpolitik","7":"category-toppnytt","8":"entry"},"_links":{"self":[{"href":"https:\/\/kulturbloggen.com\/index.php?rest_route=\/wp\/v2\/posts\/153242","targetHints":{"allow":["GET"]}}],"collection":[{"href":"https:\/\/kulturbloggen.com\/index.php?rest_route=\/wp\/v2\/posts"}],"about":[{"href":"https:\/\/kulturbloggen.com\/index.php?rest_route=\/wp\/v2\/types\/post"}],"author":[{"embeddable":true,"href":"https:\/\/kulturbloggen.com\/index.php?rest_route=\/wp\/v2\/users\/13"}],"replies":[{"embeddable":true,"href":"https:\/\/kulturbloggen.com\/index.php?rest_route=%2Fwp%2Fv2%2Fcomments&post=153242"}],"version-history":[{"count":6,"href":"https:\/\/kulturbloggen.com\/index.php?rest_route=\/wp\/v2\/posts\/153242\/revisions"}],"predecessor-version":[{"id":153250,"href":"https:\/\/kulturbloggen.com\/index.php?rest_route=\/wp\/v2\/posts\/153242\/revisions\/153250"}],"wp:attachment":[{"href":"https:\/\/kulturbloggen.com\/index.php?rest_route=%2Fwp%2Fv2%2Fmedia&parent=153242"}],"wp:term":[{"taxonomy":"category","embeddable":true,"href":"https:\/\/kulturbloggen.com\/index.php?rest_route=%2Fwp%2Fv2%2Fcategories&post=153242"},{"taxonomy":"post_tag","embeddable":true,"href":"https:\/\/kulturbloggen.com\/index.php?rest_route=%2Fwp%2Fv2%2Ftags&post=153242"}],"curies":[{"name":"wp","href":"https:\/\/api.w.org\/{rel}","templated":true}]}}