{"id":153207,"date":"2022-05-10T01:51:33","date_gmt":"2022-05-10T00:51:33","guid":{"rendered":"https:\/\/kulturbloggen.com\/?p=153207"},"modified":"2023-02-17T11:45:57","modified_gmt":"2023-02-17T10:45:57","slug":"mikael-wiehe-i-vaxjo","status":"publish","type":"post","link":"https:\/\/kulturbloggen.com\/?p=153207","title":{"rendered":"Mikael Wiehe i V\u00e4xj\u00f6"},"content":{"rendered":"\n<p><\/p>\n\n\n\n<p>V\u00e4xj\u00f6 Konserthus 2022-05-09 Betyg: 5<\/p>\n\n\n\n<p><strong>Ja, Mikael Wiehe, Mikael Wiehe, <\/strong><br><strong>dina s\u00e5nger ska inte bli gl\u00f6mda<\/strong>.<br><strong>Fr\u00e5n gitarr till gitarr ska dom <\/strong><br><strong>spridas \u00f6ver stad och land. <\/strong><\/p>\n\n\n\n<p><strong>Dom ska vagga oss till s\u00f6mns<br>n\u00e4r v\u00e5ra n\u00e4tter blir l\u00e5nga.<br>Dom ska marschera med oss<br>n\u00e4r dagen \u00e4r h\u00e4r<\/strong>.<br><em>(f\u00f6r att parafrasera s\u00e5ngen Victor Jara)<\/em><\/p>\n\n\n\n<p>Hemkommen och nedvarvad efter konserten med Mikael Wiehe p\u00e5 konserthuset i V\u00e4xj\u00f6. Det var lite vemodigt att se en avskedsturn\u00e9 med denne nestor av den svenska proggen.<\/p>\n\n\n\n<figure class=\"wp-block-image size-full\"><img loading=\"lazy\" decoding=\"async\" width=\"650\" height=\"650\" src=\"https:\/\/kulturbloggen.com\/wp-content\/uploads\/2022\/05\/received_1382237682219626.jpeg\" alt=\"\" class=\"wp-image-153208\" srcset=\"https:\/\/kulturbloggen.com\/wp-content\/uploads\/2022\/05\/received_1382237682219626.jpeg 650w, https:\/\/kulturbloggen.com\/wp-content\/uploads\/2022\/05\/received_1382237682219626-300x300.jpeg 300w, https:\/\/kulturbloggen.com\/wp-content\/uploads\/2022\/05\/received_1382237682219626-150x150.jpeg 150w\" sizes=\"auto, (max-width: 650px) 100vw, 650px\" \/><figcaption>Foto: Maria Laakso \u00c5man<\/figcaption><\/figure>\n\n\n\n<p>Konserten bj\u00f6d p\u00e5 \u00e5tskilliga tillf\u00e4llen till g\u00e5shud; Keops pyramid, Titanic, Sakta l\u00e4gger b\u00e5ten ut fr\u00e5n land, Victor Jara, Vem kan man lita p\u00e5, Den jag kunde va, Som en duva, En s\u00e5ng till modet och en rasande version av Bob Dylans &#8221;Masters of war&#8221; som i Mikaels \u00f6vers\u00e4ttning heter &#8221;Ni som tj\u00e4nar p\u00e5 krig&#8221;. Vilken l\u00e5tskatt han f\u00f6rsett oss med. N\u00e5gra l\u00e5tar fr\u00e5n senaste plattan fanns ocks\u00e5 med i setlistan, bland annat \u00f6ppningsl\u00e5ten &#8221;P\u00e5 livets hav&#8221; som var gripande och angav tonen f\u00f6r hela konserten.<\/p>\n\n\n\n<p>De korta mellansnacken visade p\u00e5 ett sp\u00e4nnande och intressant vis hur han drog kopplingar till dagsaktuella skeenden vilket gav m\u00e5nga l\u00e5tar en ny tyngd. Greta Thunberg j\u00e4mf\u00f6rdes med Kassandra som gavs f\u00f6rm\u00e5gan att se in i framtiden av guden Apollon, men som ocks\u00e5 blev f\u00f6rbannad av Apollon n\u00e4r hon inte gensvarade hans k\u00e4rlek. F\u00f6rbannelsen var att hon inte skulle bli trodd i sina sp\u00e5domar. L\u00e5ten som f\u00f6ljde var Flickan och kr\u00e5kan. G\u00e5shud mina v\u00e4nner, g\u00e5shud.<\/p>\n\n\n\n<figure class=\"wp-block-image size-full\"><img loading=\"lazy\" decoding=\"async\" width=\"650\" height=\"433\" src=\"https:\/\/kulturbloggen.com\/wp-content\/uploads\/2022\/05\/received_1159139691600468.jpeg\" alt=\"\" class=\"wp-image-153209\" srcset=\"https:\/\/kulturbloggen.com\/wp-content\/uploads\/2022\/05\/received_1159139691600468.jpeg 650w, https:\/\/kulturbloggen.com\/wp-content\/uploads\/2022\/05\/received_1159139691600468-300x200.jpeg 300w\" sizes=\"auto, (max-width: 650px) 100vw, 650px\" \/><figcaption>Foto: Maria Laakso \u00c5man<\/figcaption><\/figure>\n\n\n\n<p>Konserten i V\u00e4xj\u00f6 var den tjugofj\u00e4rde av den sjuttiofem spelningar l\u00e5nga turn\u00e9n. Jag rekommenderar verkligen alla som, likt mig, har vuxit upp med proggen, Hoola Bandoola och hela den sv\u00e4ngen, att skaffa biljett. Jag rekommenderar \u00e4ven alla som inte f\u00e5tt det med sig i uppv\u00e4xten, som kanske fnyser lite \u00f6verl\u00e4gset, att g\u00e5 och lyssna. Jag h\u00e5ller inte med om en hel del politiska slutsatser som Mikael Wiehe har dragit men jag vet att mycket av mitt intresse f\u00f6r politik och samh\u00e4lle har f\u00e5tt n\u00e4ring ur hans texter. <\/p>\n","protected":false},"excerpt":{"rendered":"<p>V\u00e4xj\u00f6 Konserthus 2022-05-09 Betyg: 5 Ja, Mikael Wiehe, Mikael Wiehe, dina s\u00e5nger ska inte bli gl\u00f6mda.Fr\u00e5n gitarr till gitarr ska dom spridas \u00f6ver stad och land. Dom ska vagga oss till s\u00f6mnsn\u00e4r v\u00e5ra n\u00e4tter blir l\u00e5nga.Dom ska marschera med ossn\u00e4r dagen \u00e4r h\u00e4r.(f\u00f6r att parafrasera s\u00e5ngen Victor Jara) Hemkommen och nedvarvad efter konserten med Mikael [&hellip;]<\/p>\n","protected":false},"author":14,"featured_media":0,"comment_status":"closed","ping_status":"closed","sticky":false,"template":"","format":"standard","meta":{"_genesis_hide_title":false,"_genesis_hide_breadcrumbs":false,"_genesis_hide_singular_image":false,"_genesis_hide_footer_widgets":false,"_genesis_custom_body_class":"","_genesis_custom_post_class":"","_genesis_layout":"","footnotes":""},"categories":[20],"tags":[12282,12285],"class_list":{"0":"post-153207","1":"post","2":"type-post","3":"status-publish","4":"format-standard","6":"category-film","7":"tag-musik","8":"tag-recension","9":"entry"},"_links":{"self":[{"href":"https:\/\/kulturbloggen.com\/index.php?rest_route=\/wp\/v2\/posts\/153207","targetHints":{"allow":["GET"]}}],"collection":[{"href":"https:\/\/kulturbloggen.com\/index.php?rest_route=\/wp\/v2\/posts"}],"about":[{"href":"https:\/\/kulturbloggen.com\/index.php?rest_route=\/wp\/v2\/types\/post"}],"author":[{"embeddable":true,"href":"https:\/\/kulturbloggen.com\/index.php?rest_route=\/wp\/v2\/users\/14"}],"replies":[{"embeddable":true,"href":"https:\/\/kulturbloggen.com\/index.php?rest_route=%2Fwp%2Fv2%2Fcomments&post=153207"}],"version-history":[{"count":4,"href":"https:\/\/kulturbloggen.com\/index.php?rest_route=\/wp\/v2\/posts\/153207\/revisions"}],"predecessor-version":[{"id":153276,"href":"https:\/\/kulturbloggen.com\/index.php?rest_route=\/wp\/v2\/posts\/153207\/revisions\/153276"}],"wp:attachment":[{"href":"https:\/\/kulturbloggen.com\/index.php?rest_route=%2Fwp%2Fv2%2Fmedia&parent=153207"}],"wp:term":[{"taxonomy":"category","embeddable":true,"href":"https:\/\/kulturbloggen.com\/index.php?rest_route=%2Fwp%2Fv2%2Fcategories&post=153207"},{"taxonomy":"post_tag","embeddable":true,"href":"https:\/\/kulturbloggen.com\/index.php?rest_route=%2Fwp%2Fv2%2Ftags&post=153207"}],"curies":[{"name":"wp","href":"https:\/\/api.w.org\/{rel}","templated":true}]}}