{"id":15273,"date":"2009-11-27T12:32:49","date_gmt":"2009-11-27T11:32:49","guid":{"rendered":"http:\/\/kulturbloggen.com\/?p=15273"},"modified":"2009-11-27T12:32:49","modified_gmt":"2009-11-27T11:32:49","slug":"kjell-eriksson-hyllas-for-sin-nya-deckare-oppen-grav","status":"publish","type":"post","link":"https:\/\/kulturbloggen.com\/?p=15273","title":{"rendered":"Kjell Eriksson hyllas f\u00f6r sin nya deckare &#8221;\u00d6ppen grav&#8221;"},"content":{"rendered":"<p><img loading=\"lazy\" decoding=\"async\" src=\"http:\/\/kulturbloggen.com\/wp-content\/uploads\/2009\/11\/kjelleriksson.jpg\" alt=\"kjelleriksson\" title=\"kjelleriksson\" width=\"200\" height=\"298\" class=\"aligncenter size-full wp-image-15274\" \/><br \/>\nTr\u00e4dg\u00e5rdsm\u00e4staren och f\u00f6rfattaren  Kjell Eriksson har sl\u00e4ppt sista delen i sitt tio\u00e5riga romanprojekt. &#8221;\u00d6ppen grav&#8221; \u00e4r titeln och <a href=\"http:\/\/www.dn.se\/dnbok\/bokrecensioner\/recension-kjell-eriksson-oppen-grav-1.1002945\">enligt DN:s kritiker \u00e4r den briljant.<\/a><\/p>\n<p>Jag har l\u00e4st flera av Kjell Eriksson b\u00f6cker och <a href=\"http:\/\/kulturbloggen.com\/?p=1680\">jag har ocks\u00e5 intervjuat honom n\u00e4r jag jobbade som webbansvarig p\u00e5 LO<\/a>.<br \/>\nEftersom han ocks\u00e5 \u00e4r tr\u00e4dg\u00e5rdsm\u00e4stare har han ett oerh\u00f6rt \u00f6ga f\u00f6r detaljer i natur och milj\u00f6. Ett tr\u00e4d \u00e4r aldrig bara en bok eller en l\u00f6nn utan det \u00e4r ocks\u00e5 en speciell slags l\u00f6nn eller bok. Han kan beskriva detaljer i milj\u00f6n och natur p\u00e5 ett s\u00e4tt som f\u00e5 andra f\u00f6rfattare.<\/p>\n<p>Men hans personskildringar \u00e4r ocks\u00e5 lika biljanta. De m\u00e4nniskor som agerar i hans romaner \u00e4r trov\u00e4rdiga karakt\u00e4rer och de talar s\u00e5 jag tror p\u00e5 att det \u00e4r deras dialoger. Det k\u00e4nns \u00e4kta.<\/p>\n<p>S\u00e5 det k\u00e4nns intressant att hans nya roman fick s\u00e5 bra kritik.<\/p>\n<p>DN:s Lotta Olsson skriver bland annat om boken:<\/p>\n<blockquote><p>Det \u00e4r i personskildringen ingen annan deckarf\u00f6rfattare kommer i n\u00e4rheten av Kjell Eriksson. I hans deckare finns lantarbetarna, de fackligt aktiva, de som byggde landet, de str\u00e4vsamma vars historia s\u00e4llan ber\u00e4ttas. Kjell Eriksson l\u00e5ter dem ber\u00e4tta om gemenskap, om arbetsgl\u00e4dje och inte s\u00e4llan om den svenska myllan. De minns var de kom fr\u00e5n, de har sparat den gamla k\u00f6kssoffan och minns hur det var n\u00e4r arbetarr\u00f6relsen stod f\u00f6r hoppet om en b\u00e4ttre v\u00e4rld.<\/p><\/blockquote>\n<p>\u00d6ppen grav<br \/>\nF\u00f6rfattare: Kjell Eriksson<br \/>\nISBN10: 9170374635<br \/>\nISBN13: 9789170374630 <\/p>\n<p>L\u00e4s \u00e4ven andra bloggares \u00e5sikter om <a href=\"http:\/\/bloggar.se\/om\/deckare\" rel=\"tag\">deckare<\/a>, <a href=\"http:\/\/bloggar.se\/om\/Uppsala\" rel=\"tag\">Uppsala<\/a>, <a href=\"http:\/\/bloggar.se\/om\/f%F6rfattare\" rel=\"tag\">f\u00f6rfattare<\/a>, <a href=\"http:\/\/bloggar.se\/om\/Kjell+Eriksson\" rel=\"tag\">Kjell Eriksson<\/a><\/p>\n","protected":false},"excerpt":{"rendered":"<p>Tr\u00e4dg\u00e5rdsm\u00e4staren och f\u00f6rfattaren Kjell Eriksson har sl\u00e4ppt sista delen i sitt tio\u00e5riga romanprojekt. &#8221;\u00d6ppen grav&#8221; \u00e4r titeln och enligt DN:s kritiker \u00e4r den briljant. Jag har l\u00e4st flera av Kjell Eriksson b\u00f6cker och jag har ocks\u00e5 intervjuat honom n\u00e4r jag jobbade som webbansvarig p\u00e5 LO. Eftersom han ocks\u00e5 \u00e4r tr\u00e4dg\u00e5rdsm\u00e4stare har han ett oerh\u00f6rt \u00f6ga [&hellip;]<\/p>\n","protected":false},"author":2,"featured_media":0,"comment_status":"open","ping_status":"open","sticky":false,"template":"","format":"standard","meta":{"_genesis_hide_title":false,"_genesis_hide_breadcrumbs":false,"_genesis_hide_singular_image":false,"_genesis_hide_footer_widgets":false,"_genesis_custom_body_class":"","_genesis_custom_post_class":"","_genesis_layout":"","footnotes":""},"categories":[3],"tags":[1197,1919,6116],"class_list":{"0":"post-15273","1":"post","2":"type-post","3":"status-publish","4":"format-standard","6":"category-litteratur","7":"tag-deckare","8":"tag-forfattare","9":"tag-uppsala","10":"entry"},"_links":{"self":[{"href":"https:\/\/kulturbloggen.com\/index.php?rest_route=\/wp\/v2\/posts\/15273","targetHints":{"allow":["GET"]}}],"collection":[{"href":"https:\/\/kulturbloggen.com\/index.php?rest_route=\/wp\/v2\/posts"}],"about":[{"href":"https:\/\/kulturbloggen.com\/index.php?rest_route=\/wp\/v2\/types\/post"}],"author":[{"embeddable":true,"href":"https:\/\/kulturbloggen.com\/index.php?rest_route=\/wp\/v2\/users\/2"}],"replies":[{"embeddable":true,"href":"https:\/\/kulturbloggen.com\/index.php?rest_route=%2Fwp%2Fv2%2Fcomments&post=15273"}],"version-history":[{"count":0,"href":"https:\/\/kulturbloggen.com\/index.php?rest_route=\/wp\/v2\/posts\/15273\/revisions"}],"wp:attachment":[{"href":"https:\/\/kulturbloggen.com\/index.php?rest_route=%2Fwp%2Fv2%2Fmedia&parent=15273"}],"wp:term":[{"taxonomy":"category","embeddable":true,"href":"https:\/\/kulturbloggen.com\/index.php?rest_route=%2Fwp%2Fv2%2Fcategories&post=15273"},{"taxonomy":"post_tag","embeddable":true,"href":"https:\/\/kulturbloggen.com\/index.php?rest_route=%2Fwp%2Fv2%2Ftags&post=15273"}],"curies":[{"name":"wp","href":"https:\/\/api.w.org\/{rel}","templated":true}]}}