{"id":15253,"date":"2009-11-26T20:34:29","date_gmt":"2009-11-26T19:34:29","guid":{"rendered":"http:\/\/kulturbloggen.com\/?p=15253"},"modified":"2009-11-26T20:34:29","modified_gmt":"2009-11-26T19:34:29","slug":"ganska-coolt-att-sverker-olofsson-fick-stora-journalistpriset","status":"publish","type":"post","link":"https:\/\/kulturbloggen.com\/?p=15253","title":{"rendered":"Ganska coolt att Sverker Olofsson fick Stora Journalistpriset"},"content":{"rendered":"<p><img loading=\"lazy\" decoding=\"async\" src=\"http:\/\/kulturbloggen.com\/wp-content\/uploads\/2009\/11\/storajournalistpriset-300x225.jpg\" alt=\"storajournalistpriset\" title=\"storajournalistpriset\" width=\"300\" height=\"225\" class=\"aligncenter size-medium wp-image-15254\" \/><br \/>\nLukas Bonniers stora journalistpris gick i \u00e5r till Sverker Olofsson, SVT. Motiveringen:  &#8221;F\u00f6r att han aldrig ger sig.<br \/>\nDet \u00e4r ganska coolt. Sverker Olofsson \u00e4r en slags envis rackarer, oglamor\u00f6s och helt ok\u00e4nslig f\u00f6r trender. Han forts\u00e4tter med sin konsumentinriktade journalistik i ur och skur.<br \/>\nR\u00e4tt sk\u00f6nt att juryn bakom \u00e5rets journalistpris kunde se f\u00f6rbi ytorna. Newsmill var ju nominerad i klassen \u00e5rets f\u00f6rnyare. Det var sk\u00f6nt att Bonniers f\u00f6rs\u00f6k att ta \u00f6ver den svenska bloggosf\u00e4rens debatt inte fick journalistpriset i \u00e5r i alla fall.<br \/>\n\u00c5rets f\u00f6rnyare blev ist\u00e4llet Kinga Sand\u00e9n, Sydsvenskan.<br \/>\n<em>F\u00f6r att hon i realtid med hj\u00e4lp av Twitter hittar sv\u00e5r\u00e5tkomliga k\u00e4llor och information i utrikesjournalistiken och vidgar v\u00e4rlden f\u00f6r l\u00e4sarna.<\/em><\/p>\n<p><a href=\"http:\/\/www.storajournalistpriset.se\/\">Fr\u00e5n Stora Journalistprisets webbplats<\/a>, de fyra vinnarna:<br \/>\n    * \u00c5rets Avsl\u00f6jande \u2013 Per Hermanrud<br \/>\n    * <a href=\"http:\/\/sydsvenskan.se\/kultur-och-nojen\/article573437\/Sydsvenskan-vann-Stora-journalistpriset.html?refp=574572\">\u00c5rets F\u00f6rnyare -Kinga Sand\u00e9n<\/a><br \/>\n    * \u00c5rets Ber\u00e4ttare \u2013 Karin af Klintberg och Jane Magnusson<br \/>\n    * Lukas Bonniers Stora Journalistpris \u2013 Sverker Olofsson<\/p>\n<p><a href=\"http:\/\/www.storajournalistpriset.se\/wp-content\/uploads\/2009\/11\/Pressmeddelande-SJP-2009.pdf\">H\u00e4r ett pressmeddelande som pdf.<\/a><\/p>\n<p><a href=\"http:\/\/sv.wikipedia.org\/wiki\/Sverker_Olofsson\">Fakta om Sverker Olofsson fr\u00e5n Wikipedia:<\/a><\/p>\n<blockquote><p>Sverker Olofsson, f\u00f6dd 14 april 1947 i V\u00e4nn\u00e4sby, V\u00e4sterbotten, \u00e4r en svensk programledare vid SVT Ume\u00e5, d\u00e4r han leder konsumentmagasinet Plus sedan 1987. Han ledde under 2002 respektive 2006 \u00e4ven SVT-programmet Karavanen, som var en del av kanalens valbevakning. Han har \u00e4ven framtr\u00e4tt i programmet 24 Konsument p\u00e5 SVT 24.<\/p>\n<p>Fr\u00e5n Olofssons arbete med programmet Plus har ordet sverka vuxit fram. Dess inneb\u00f6rd \u00e4r &#8221;klaga p\u00e5 ink\u00f6pt vara som man \u00e4r missn\u00f6jd med&#8221; och lanserades som nyord \u00e5r 2006.<\/p><\/blockquote>\n<p>Relaterat:<br \/>\n<a href=\"http:\/\/www.dn.se\/kultur-noje\/nyheter\/vinnarna-av-stora-journalistpriset-utsedda-1.1002717\">Dagens Nyheter<\/a>, <a href=\"http:\/\/www.aftonbladet.se\/nyheter\/article6194717.ab\">Aftonbladet<\/a>, <a href=\"http:\/\/www.expressen.se\/Nyheter\/1.1794054\/folj-prisutdelningen-av-stora-journalistpriset#\">Expressen<\/a>, <a href=\"http:\/\/svt.se\/2.27170\/1.1789090\/sverker_olofsson_far_lukas_bonniers_stora_journalistpris\">Sveriges Television<\/a><\/p>\n<p>L\u00e4s \u00e4ven andra bloggares \u00e5sikter om <a href=\"http:\/\/bloggar.se\/om\/journalistik\" rel=\"tag\">journalistik<\/a>, <a href=\"http:\/\/bloggar.se\/om\/journalistpris\" rel=\"tag\">journalistpris<\/a>, <a href=\"http:\/\/bloggar.se\/om\/twitter\" rel=\"tag\">twitter<\/a>, <a href=\"http:\/\/bloggar.se\/om\/konsumentfr%E5gor\" rel=\"tag\">konsumentfr\u00e5gor<\/a>, <a href=\"http:\/\/bloggar.se\/om\/Sverker+Olofsson\" rel=\"tag\">Sverker Olofsson<\/a><\/p>\n","protected":false},"excerpt":{"rendered":"<p>Lukas Bonniers stora journalistpris gick i \u00e5r till Sverker Olofsson, SVT. Motiveringen: &#8221;F\u00f6r att han aldrig ger sig. Det \u00e4r ganska coolt. Sverker Olofsson \u00e4r en slags envis rackarer, oglamor\u00f6s och helt ok\u00e4nslig f\u00f6r trender. Han forts\u00e4tter med sin konsumentinriktade journalistik i ur och skur. R\u00e4tt sk\u00f6nt att juryn bakom \u00e5rets journalistpris kunde se f\u00f6rbi [&hellip;]<\/p>\n","protected":false},"author":2,"featured_media":0,"comment_status":"open","ping_status":"open","sticky":false,"template":"","format":"standard","meta":{"_genesis_hide_title":false,"_genesis_hide_breadcrumbs":false,"_genesis_hide_singular_image":false,"_genesis_hide_footer_widgets":false,"_genesis_custom_body_class":"","_genesis_custom_post_class":"","_genesis_layout":"","footnotes":""},"categories":[62],"tags":[2765,2769,3018,6045],"class_list":{"0":"post-15253","1":"post","2":"type-post","3":"status-publish","4":"format-standard","6":"category-medie-och-kulturpolitik","7":"tag-journalistik","8":"tag-journalistpris","9":"tag-konsumentfragor","10":"tag-twitter","11":"entry"},"_links":{"self":[{"href":"https:\/\/kulturbloggen.com\/index.php?rest_route=\/wp\/v2\/posts\/15253","targetHints":{"allow":["GET"]}}],"collection":[{"href":"https:\/\/kulturbloggen.com\/index.php?rest_route=\/wp\/v2\/posts"}],"about":[{"href":"https:\/\/kulturbloggen.com\/index.php?rest_route=\/wp\/v2\/types\/post"}],"author":[{"embeddable":true,"href":"https:\/\/kulturbloggen.com\/index.php?rest_route=\/wp\/v2\/users\/2"}],"replies":[{"embeddable":true,"href":"https:\/\/kulturbloggen.com\/index.php?rest_route=%2Fwp%2Fv2%2Fcomments&post=15253"}],"version-history":[{"count":0,"href":"https:\/\/kulturbloggen.com\/index.php?rest_route=\/wp\/v2\/posts\/15253\/revisions"}],"wp:attachment":[{"href":"https:\/\/kulturbloggen.com\/index.php?rest_route=%2Fwp%2Fv2%2Fmedia&parent=15253"}],"wp:term":[{"taxonomy":"category","embeddable":true,"href":"https:\/\/kulturbloggen.com\/index.php?rest_route=%2Fwp%2Fv2%2Fcategories&post=15253"},{"taxonomy":"post_tag","embeddable":true,"href":"https:\/\/kulturbloggen.com\/index.php?rest_route=%2Fwp%2Fv2%2Ftags&post=15253"}],"curies":[{"name":"wp","href":"https:\/\/api.w.org\/{rel}","templated":true}]}}