{"id":15239,"date":"2009-11-25T20:36:27","date_gmt":"2009-11-25T19:36:27","guid":{"rendered":"http:\/\/kulturbloggen.com\/?p=15239"},"modified":"2009-11-25T20:36:27","modified_gmt":"2009-11-25T19:36:27","slug":"jul-igen-en-glittrande-musikal-om-angest","status":"publish","type":"post","link":"https:\/\/kulturbloggen.com\/?p=15239","title":{"rendered":"Jul igen &#8211; en glittrande musikal om \u00e5ngest"},"content":{"rendered":"<p><img loading=\"lazy\" decoding=\"async\" src=\"http:\/\/kulturbloggen.com\/wp-content\/uploads\/2009\/11\/Juligen_A3-212x300.jpg\" alt=\"Juligen_A3\" title=\"Juligen_A3\" width=\"212\" height=\"300\" class=\"aligncenter size-medium wp-image-15241\" \/><br \/>\nJulen n\u00e4rmar sig. F\u00f6rra veckan var jag p\u00e5 \u00e5rets f\u00f6rsta julbord och julskyltningen glittrar och lyser i novemberm\u00f6rkret. Men s\u00e5 mycket till julst\u00e4mning vill inte infinna sig. Det \u00e4r lite f\u00f6r milt v\u00e4der.<br \/>\nMen den h\u00e4r julf\u00f6rest\u00e4llningen stack ut i m\u00e4ngden: ordet glittrande i samband med \u00e5ngest. Mina f\u00f6rv\u00e4ntningar slog rot.<\/p>\n<p>H\u00e4r \u00e4r lite ur pressmeddelandet jag fick:<\/p>\n<blockquote><p>Varf\u00f6r biter Tomten p\u00e5 naglarna och har ont i magen? Varf\u00f6r ser Tomtemor alltid s\u00e5 sur ut? Vem \u00e4r det som kommer p\u00e5 bes\u00f6k s\u00e5h\u00e4r dagen innan julafton d\u00e5 det absolut inte passar sig? Och vem ska tr\u00f6sta renen Rudolf?<\/p>\n<p>En galen skruvad glittrande och helt fantastisk julmusikal, d\u00e4r jul\u00e5ngesten dr\u00e4nks i gl\u00f6gg och Coca Cola medan oundvikliga konflikter bubblar under ytan, redo att explodera under vilken mistel som helst.<\/p>\n<p>Nyskriven text och musik av Amanda Fromell och Ted Dawidson. Regi Agnes Hirdwall.<\/p><\/blockquote>\n<p>Urpremi\u00e4r 4 december.<br \/>\n<a href=\"https:\/\/nortic.se\/customer\/index.html?event=6030373&#038;siteLanguage=se\"><br \/>\nH\u00e4r kan du l\u00e4sa mer om f\u00f6rest\u00e4llningen.<\/a><\/p>\n<p>L\u00e4s \u00e4ven andra bloggares \u00e5sikter om <a href=\"http:\/\/bloggar.se\/om\/jul\" rel=\"tag\">jul<\/a>, <a href=\"http:\/\/bloggar.se\/om\/teater\" rel=\"tag\">teater<\/a>, <a href=\"http:\/\/bloggar.se\/om\/scen\" rel=\"tag\">scen<\/a>, <a href=\"http:\/\/bloggar.se\/om\/Stockholm\" rel=\"tag\">Stockholm<\/a>, <a href=\"http:\/\/bloggar.se\/om\/Teater+Tre\" rel=\"tag\">Teater Tre<\/a>, <a href=\"http:\/\/bloggar.se\/om\/Rosenlundsteatern\" rel=\"tag\">Rosenlundsteatern<\/a><\/p>\n","protected":false},"excerpt":{"rendered":"<p>Julen n\u00e4rmar sig. F\u00f6rra veckan var jag p\u00e5 \u00e5rets f\u00f6rsta julbord och julskyltningen glittrar och lyser i novemberm\u00f6rkret. Men s\u00e5 mycket till julst\u00e4mning vill inte infinna sig. Det \u00e4r lite f\u00f6r milt v\u00e4der. Men den h\u00e4r julf\u00f6rest\u00e4llningen stack ut i m\u00e4ngden: ordet glittrande i samband med \u00e5ngest. Mina f\u00f6rv\u00e4ntningar slog rot. H\u00e4r \u00e4r lite ur [&hellip;]<\/p>\n","protected":false},"author":2,"featured_media":0,"comment_status":"open","ping_status":"open","sticky":false,"template":"","format":"standard","meta":{"_genesis_hide_title":false,"_genesis_hide_breadcrumbs":false,"_genesis_hide_singular_image":false,"_genesis_hide_footer_widgets":false,"_genesis_custom_body_class":"","_genesis_custom_post_class":"","_genesis_layout":"","footnotes":""},"categories":[30],"tags":[2780,12286,5400,12288],"class_list":{"0":"post-15239","1":"post","2":"type-post","3":"status-publish","4":"format-standard","6":"category-teater","7":"tag-jul","8":"tag-film","9":"tag-stockholm","10":"tag-teater","11":"entry"},"_links":{"self":[{"href":"https:\/\/kulturbloggen.com\/index.php?rest_route=\/wp\/v2\/posts\/15239","targetHints":{"allow":["GET"]}}],"collection":[{"href":"https:\/\/kulturbloggen.com\/index.php?rest_route=\/wp\/v2\/posts"}],"about":[{"href":"https:\/\/kulturbloggen.com\/index.php?rest_route=\/wp\/v2\/types\/post"}],"author":[{"embeddable":true,"href":"https:\/\/kulturbloggen.com\/index.php?rest_route=\/wp\/v2\/users\/2"}],"replies":[{"embeddable":true,"href":"https:\/\/kulturbloggen.com\/index.php?rest_route=%2Fwp%2Fv2%2Fcomments&post=15239"}],"version-history":[{"count":0,"href":"https:\/\/kulturbloggen.com\/index.php?rest_route=\/wp\/v2\/posts\/15239\/revisions"}],"wp:attachment":[{"href":"https:\/\/kulturbloggen.com\/index.php?rest_route=%2Fwp%2Fv2%2Fmedia&parent=15239"}],"wp:term":[{"taxonomy":"category","embeddable":true,"href":"https:\/\/kulturbloggen.com\/index.php?rest_route=%2Fwp%2Fv2%2Fcategories&post=15239"},{"taxonomy":"post_tag","embeddable":true,"href":"https:\/\/kulturbloggen.com\/index.php?rest_route=%2Fwp%2Fv2%2Ftags&post=15239"}],"curies":[{"name":"wp","href":"https:\/\/api.w.org\/{rel}","templated":true}]}}