{"id":152319,"date":"2022-04-12T20:31:20","date_gmt":"2022-04-12T18:31:20","guid":{"rendered":"https:\/\/kulturbloggen.com\/?p=152319"},"modified":"2022-04-12T20:31:22","modified_gmt":"2022-04-12T18:31:22","slug":"filmrecension-karlek-pa-svenska","status":"publish","type":"post","link":"https:\/\/kulturbloggen.com\/?p=152319","title":{"rendered":"Filmrecension: K\u00e4rlek p\u00e5 svenska"},"content":{"rendered":"<p><img loading=\"lazy\" decoding=\"async\" class=\"aligncenter size-full wp-image-152323\" src=\"https:\/\/kulturbloggen.com\/wp-content\/uploads\/2022\/04\/karlekpasvenska.jpg\" alt=\"\" width=\"650\" height=\"366\" srcset=\"https:\/\/kulturbloggen.com\/wp-content\/uploads\/2022\/04\/karlekpasvenska.jpg 650w, https:\/\/kulturbloggen.com\/wp-content\/uploads\/2022\/04\/karlekpasvenska-300x169.jpg 300w\" sizes=\"auto, (max-width: 650px) 100vw, 650px\" \/><\/p>\n<p>Filmrecension: K\u00e4rlek p\u00e5 svenska<br \/>\nBetyg 4<br \/>\nPremi\u00e4r 24 april 2022 p\u00e5 SVT Play<br \/>\nVisas 28 april SVT1 20:00<br \/>\nRegi Staffan Jul\u00e9n<\/p>\n<p>Vad \u00e4r k\u00e4rlek? Det finns hur mycket som helst att fundera kring ordet &#8221;k\u00e4rlek&#8221;. Regiss\u00f6ren Staffan Jul\u00e9n l\u00e5ter olika m\u00e4nniskor i olika \u00e5ldrar ber\u00e4tta om vad det t\u00e4nker och k\u00e4nner kring k\u00e4rlek &#8211; och han \u00e4r ocks\u00e5 mycket \u00f6ppen och ber\u00e4ttar sin egen bakgrund, om sin uppv\u00e4xt och om hur det p\u00e5verkat honom till den han \u00e4r idag. Eller inte p\u00e5verkat, det kan nog bara han sj\u00e4lv avg\u00f6ra.<\/p>\n<p>K\u00e4rlek p\u00e5 svenska \u00e4r underbar dokument\u00e4r som tar upp ett de allra viktigaste \u00e4mnena f\u00f6r oss m\u00e4nniskor. Filmen \u00e4r knappt en timme och f\u00f6r min del hade den kunnat vara dubbelt s\u00e5 l\u00e5ngt. Jag lyssnar, t\u00e4nker och k\u00e4nner, st\u00e4ller mig sj\u00e4lv och mitt liv i f\u00f6rh\u00e5llande till vad de intervjuade ber\u00e4ttar om sig. K\u00e4rlek p\u00e5 svenska g\u00f6r precis det vi vill att bra kultur ska g\u00f6ra: det f\u00e5r att ta t\u00e4nka, k\u00e4nna, ta st\u00e4llning, fundera.<\/p>\n<p>K\u00e4rlek p\u00e5 svenska \u00e4r en frist\u00e5ende forts\u00e4ttning p\u00e5 dokument\u00e4ren \u201dLyubov \u2013 k\u00e4rlek p\u00e5 ryska\u201d som Staffan Jul\u00e9n gjorde tillsammans med nobelpristagaren Svetlana Aleksijevitj 2017. I denna nya dokument\u00e4r g\u00f6r Staffan Jul\u00e9n en resa genom Sverige och f\u00e5r ta del av m\u00e4nniskors starka ber\u00e4ttelser om k\u00e4rlek.<\/p>\n<p>De m\u00e4nniskor som \u00e4r med \u00e4r beundransv\u00e4rda. Att kunna sitta ned fram en kamera eller st\u00e5 upp och prata om sina innersta tankar och upplevelser kring k\u00e4rlek, det \u00e4r starkt. Det kan m\u00e4rker \u00e4r att det allra flera s\u00e4tter likhetstecken mellan ordet k\u00e4rlek och betydelsen &#8221;relation till en s\u00e4rskilt \u00e4lskad person&#8221;. F\u00f6r mig \u00e4r k\u00e4rlek ett mycket vidare begrepp. K\u00e4rlek handlar f\u00f6r mig om relation till sig sj\u00e4lv och sina engagemang lika mycket som till andra varelser. Och f\u00f6r mig \u00e4r det som binder mig samman med v\u00e5ra tv\u00e5 hundar en viktig k\u00e4rlek. K\u00e4rlek \u00e4r att g\u00f6ra n\u00e5got ganska fullt ut, t\u00e4nker jag. Att g\u00f6ra n\u00e5got helt naturligt, som att vara ett med n\u00e5got eller n\u00e5gon, eller n\u00e5gra. K\u00e4rlek \u00e4r f\u00f6r mig inte alls samma sak som passion eller f\u00f6r\u00e4lskelse eller v\u00e4nskap. K\u00e4rlek kan finnas i allt det men \u00e4r inte n\u00f6dv\u00e4ndigtvis inte samma sak.<\/p>\n<p>Men nu breder jag ju ut mina tankar kring vad k\u00e4rlek. Och det \u00e4r precis vad denna underbara dokument\u00e4r f\u00e5r oss att g\u00f6ra: vi b\u00f6rjar fundera och k\u00e4nna efter vad k\u00e4rlek \u00e4r f\u00f6r oss.<\/p>\n<p>M\u00e4nniskorna som \u00e4r med i filmen \u00e4r s\u00e5 fascinerande och jag skulle g\u00e4rna sitta ned och dricka te en kv\u00e4ll med var och en och prata i timmar, lyssna p\u00e5 dem och st\u00e4lla fr\u00e5gor. Flera av dem har ber\u00e4ttelser som utan tvekan skulle kunna fungera som en grund f\u00f6r att skriva ett manus till en l\u00e4ngre film.<\/p>\n<p>SVT skriver om K\u00e4rlek p\u00e5 svenska:<br \/>\nK\u00e4rleken \u00e4r allt! Som en vind, som \u00f6gonblicket av skratt med en d\u00f6ende mamma, som lyckoruset p\u00e5 grusv\u00e4gen hem, som saknad efter n\u00e5gon som funnits eller \u00e4nnu inte dykt upp i ens liv, som tryggheten i ett svek \u2013 uttrycken \u00e4r o\u00e4ndliga i Staffan Jul\u00e9ns f\u00f6rtroliga film \u201dK\u00e4rlek p\u00e5 svenska\u201d. En varm och omtumlande resa genom vardagen fr\u00e5n Karesuando i norr till Ystad i s\u00f6der \u00f6ver \u00e5ldrar, k\u00f6n och nationaliteter.<\/p>\n<p>Det \u00e4r v\u00e4l uttryckt, jag kan skriva under p\u00e5 det.<\/p>\n<p>Jag kan inte l\u00e5ta bli att dra paralleller till en annan svenska dokument\u00e4r, K\u00e4rlek &amp; skilsm\u00e4ssa av e Maud Nycander som handlar om ett medel\u00e5lders par som separerar efter att ha varit tillsammans i 25 och har tre mer eller mindre vuxna barn. Den dokument\u00e4ren g\u00e5r p\u00e5 svenska biografer just nu. Som titeln anger tar dem mer upp tankar och k\u00e4nslor kring en separation. Men det \u00e4r ocks\u00e5 en del av k\u00e4rlek, att l\u00e4mna varandra. Vi kan l\u00e4mna eller f\u00f6rlora en k\u00e4rleksrelation p\u00e5 flera s\u00e4tt.<\/p>\n<p>I K\u00e4rlek p\u00e5 svenska finns det ocks\u00e5 n\u00e5gra vars stora k\u00e4rlek d\u00f6tt och de ber\u00e4ttar om sorgen. Styrkan i K\u00e4rlek p\u00e5 svenska \u00e4r att filmen trots att den inte v\u00e4jer f\u00f6r m\u00f6rker och sorg \u00e4nd\u00e5 har en ljus positiv, ja helt k\u00e4rleksfull, ton som vibrerar igenom hela filmen. En k\u00e4rlek som alla intervjuade p\u00e5 olika s\u00e4tt str\u00e5lar av men ocks\u00e5 en stark medk\u00e4nsla, nyfikenhet och engagemang fr\u00e5n regiss\u00f6rens sida som lyfter fram dessa m\u00e4nniskor p\u00e5 ett s\u00e5 respektfullt s\u00e4tt.<\/p>\n","protected":false},"excerpt":{"rendered":"<p>Filmrecension: K\u00e4rlek p\u00e5 svenska Betyg 4 Premi\u00e4r 24 april 2022 p\u00e5 SVT Play Visas 28 april SVT1 20:00 Regi Staffan Jul\u00e9n Vad \u00e4r k\u00e4rlek? Det finns hur mycket som helst att fundera kring ordet &#8221;k\u00e4rlek&#8221;. Regiss\u00f6ren Staffan Jul\u00e9n l\u00e5ter olika m\u00e4nniskor i olika \u00e5ldrar ber\u00e4tta om vad det t\u00e4nker och k\u00e4nner kring k\u00e4rlek &#8211; och [&hellip;]<\/p>\n","protected":false},"author":2,"featured_media":0,"comment_status":"closed","ping_status":"closed","sticky":false,"template":"","format":"standard","meta":{"_genesis_hide_title":false,"_genesis_hide_breadcrumbs":false,"_genesis_hide_singular_image":false,"_genesis_hide_footer_widgets":false,"_genesis_custom_body_class":"","_genesis_custom_post_class":"","_genesis_layout":"","footnotes":""},"categories":[50,51,16,20,13624],"tags":[],"class_list":["post-152319","post","type-post","status-publish","format-standard","category-filmfilm","category-filmer","category-recension","category-film","category-toppnytt","entry"],"_links":{"self":[{"href":"https:\/\/kulturbloggen.com\/index.php?rest_route=\/wp\/v2\/posts\/152319","targetHints":{"allow":["GET"]}}],"collection":[{"href":"https:\/\/kulturbloggen.com\/index.php?rest_route=\/wp\/v2\/posts"}],"about":[{"href":"https:\/\/kulturbloggen.com\/index.php?rest_route=\/wp\/v2\/types\/post"}],"author":[{"embeddable":true,"href":"https:\/\/kulturbloggen.com\/index.php?rest_route=\/wp\/v2\/users\/2"}],"replies":[{"embeddable":true,"href":"https:\/\/kulturbloggen.com\/index.php?rest_route=%2Fwp%2Fv2%2Fcomments&post=152319"}],"version-history":[{"count":12,"href":"https:\/\/kulturbloggen.com\/index.php?rest_route=\/wp\/v2\/posts\/152319\/revisions"}],"predecessor-version":[{"id":152333,"href":"https:\/\/kulturbloggen.com\/index.php?rest_route=\/wp\/v2\/posts\/152319\/revisions\/152333"}],"wp:attachment":[{"href":"https:\/\/kulturbloggen.com\/index.php?rest_route=%2Fwp%2Fv2%2Fmedia&parent=152319"}],"wp:term":[{"taxonomy":"category","embeddable":true,"href":"https:\/\/kulturbloggen.com\/index.php?rest_route=%2Fwp%2Fv2%2Fcategories&post=152319"},{"taxonomy":"post_tag","embeddable":true,"href":"https:\/\/kulturbloggen.com\/index.php?rest_route=%2Fwp%2Fv2%2Ftags&post=152319"}],"curies":[{"name":"wp","href":"https:\/\/api.w.org\/{rel}","templated":true}]}}