{"id":151737,"date":"2022-03-30T10:45:58","date_gmt":"2022-03-30T08:45:58","guid":{"rendered":"https:\/\/kulturbloggen.com\/?p=151737"},"modified":"2022-03-30T10:46:00","modified_gmt":"2022-03-30T08:46:00","slug":"bergmanfestivalen-andrar-format-blir-utspridd-over-aret","status":"publish","type":"post","link":"https:\/\/kulturbloggen.com\/?p=151737","title":{"rendered":"Bergmanfestivalen \u00e4ndrar format &#8211; blir utspridd \u00f6ver \u00e5ret"},"content":{"rendered":"<figure id=\"attachment_151743\" aria-describedby=\"caption-attachment-151743\" style=\"width: 576px\" class=\"wp-caption aligncenter\"><img loading=\"lazy\" decoding=\"async\" class=\"size-full wp-image-151743\" src=\"https:\/\/kulturbloggen.com\/wp-content\/uploads\/2022\/03\/unnamed-2-3.jpg\" alt=\"\" width=\"576\" height=\"384\" srcset=\"https:\/\/kulturbloggen.com\/wp-content\/uploads\/2022\/03\/unnamed-2-3.jpg 576w, https:\/\/kulturbloggen.com\/wp-content\/uploads\/2022\/03\/unnamed-2-3-300x200.jpg 300w\" sizes=\"auto, (max-width: 576px) 100vw, 576px\" \/><figcaption id=\"caption-attachment-151743\" class=\"wp-caption-text\">Foto: Urban Wedin<\/figcaption><\/figure>\n<p>Bergmanfestivalen \u00e4ndrar format. Bergmanfestivalen, Dramatens internationella teaterfestival, kommer erbjuda publiken g\u00e4stspel utspritt under det kommande spel\u00e5ret. \u2013 Konstn\u00e4rliga samtal \u00f6ver nationsgr\u00e4nserna blir \u00e4nnu viktigare under utmanande tider med krig och pandemi som isolerar m\u00e4nniskor och kulturliv, s\u00e4ger Mattias Andersson, teaterchef och konstn\u00e4rlig ledare f\u00f6r Dramaten.<\/p>\n<p>Ett pressmeddelande ber\u00e4ttar:<br \/>\nIst\u00e4llet f\u00f6r att vara en sammanh\u00e5llande m\u00f6tesplats f\u00f6r internationell scenkonst som tidigare, kommer Dramaten att erbjuda publiken internationella g\u00e4stspel utspritt under spel\u00e5ret. Samtal f\u00f6rs nu med i teatrar runt om i v\u00e4rlden om n\u00e5gra intressanta g\u00e4stspel att erbjuda publiken spel\u00e5ret 2022\/2023. Dessa kommer att presenteras den 20 april med Dramatens \u00f6vriga h\u00f6strepertoar.<\/p>\n<p>\u2013 Vi m\u00e5ste verka f\u00f6r att uppr\u00e4tth\u00e5lla och utveckla den internationella utblicken genom internationella g\u00e4stspel som en omistlig del av Dramatens repertoar kommande s\u00e4song, s\u00e4ger Ulrika Josephsson, projektledare f\u00f6r Bergmanfestivalen.<\/p>\n<p>Den femte Bergmanfestivalen, skulle \u00e4gt rum i september 2020 men st\u00e4lldes in p\u00e5 grund av pandemin. Ist\u00e4llet genomf\u00f6rdes ett digitalt samtal om konstens framtid med regiss\u00f6rerna Ahmed El Attar, Elli Papakonstantinou, J\u00e1nos Sz\u00e1sz och teaterchef Mattias Andersson \u2013Konst och kris finns att se p\u00e5 Dramaten Play. I april 2021 g\u00e4stspelade den sydafrikanska allkonstn\u00e4ren William Kentridge med det musikaliska verket SIBYL och i december g\u00e4stspelade Teatr Powszechny fr\u00e5n Polen med f\u00f6rest\u00e4llningen Mein Kampf. Alla produktioner under Bergmanfestivalens flagg. Nu forts\u00e4tter festivalen p\u00e5 samma s\u00e4tt med utspridda g\u00e4stspel under spel\u00e5ret.<\/p>\n<p><strong>Om Bergmanfestivalen<\/strong><br \/>\nI samband med Ingmar Bergmans bortg\u00e5ng 2007 f\u00f6ddes id\u00e9n att skapa en internationell teaterfestival till hans minne. Initiativtagare var d\u00e5varande Dramatenchefen Staffan Valdemar Holm och den f\u00f6rsta Bergmanfestivalen genomf\u00f6rdes v\u00e5ren 2009. Den f\u00f6ljdes upp av en andra festival v\u00e5ren 2012 och sedan 2016 med en festival i augusti-september. 2018, det \u00e5r d\u00e5 Ingmar Bergman skulle fyllt 100 \u00e5r, h\u00f6lls en stor festival med m\u00e5nga Dramatenpremi\u00e4rer och g\u00e4stspel.<\/p>\n","protected":false},"excerpt":{"rendered":"<p>Bergmanfestivalen \u00e4ndrar format. Bergmanfestivalen, Dramatens internationella teaterfestival, kommer erbjuda publiken g\u00e4stspel utspritt under det kommande spel\u00e5ret. \u2013 Konstn\u00e4rliga samtal \u00f6ver nationsgr\u00e4nserna blir \u00e4nnu viktigare under utmanande tider med krig och pandemi som isolerar m\u00e4nniskor och kulturliv, s\u00e4ger Mattias Andersson, teaterchef och konstn\u00e4rlig ledare f\u00f6r Dramaten. Ett pressmeddelande ber\u00e4ttar: Ist\u00e4llet f\u00f6r att vara en sammanh\u00e5llande m\u00f6tesplats [&hellip;]<\/p>\n","protected":false},"author":13,"featured_media":0,"comment_status":"closed","ping_status":"closed","sticky":false,"template":"","format":"standard","meta":{"_genesis_hide_title":false,"_genesis_hide_breadcrumbs":false,"_genesis_hide_singular_image":false,"_genesis_hide_footer_widgets":false,"_genesis_custom_body_class":"","_genesis_custom_post_class":"","_genesis_layout":"","footnotes":""},"categories":[20,30,13624],"tags":[596,1366],"class_list":{"0":"post-151737","1":"post","2":"type-post","3":"status-publish","4":"format-standard","6":"category-film","7":"category-teater","8":"category-toppnytt","9":"tag-bergmanfestivalen","10":"tag-dramaten","11":"entry"},"_links":{"self":[{"href":"https:\/\/kulturbloggen.com\/index.php?rest_route=\/wp\/v2\/posts\/151737","targetHints":{"allow":["GET"]}}],"collection":[{"href":"https:\/\/kulturbloggen.com\/index.php?rest_route=\/wp\/v2\/posts"}],"about":[{"href":"https:\/\/kulturbloggen.com\/index.php?rest_route=\/wp\/v2\/types\/post"}],"author":[{"embeddable":true,"href":"https:\/\/kulturbloggen.com\/index.php?rest_route=\/wp\/v2\/users\/13"}],"replies":[{"embeddable":true,"href":"https:\/\/kulturbloggen.com\/index.php?rest_route=%2Fwp%2Fv2%2Fcomments&post=151737"}],"version-history":[{"count":5,"href":"https:\/\/kulturbloggen.com\/index.php?rest_route=\/wp\/v2\/posts\/151737\/revisions"}],"predecessor-version":[{"id":151744,"href":"https:\/\/kulturbloggen.com\/index.php?rest_route=\/wp\/v2\/posts\/151737\/revisions\/151744"}],"wp:attachment":[{"href":"https:\/\/kulturbloggen.com\/index.php?rest_route=%2Fwp%2Fv2%2Fmedia&parent=151737"}],"wp:term":[{"taxonomy":"category","embeddable":true,"href":"https:\/\/kulturbloggen.com\/index.php?rest_route=%2Fwp%2Fv2%2Fcategories&post=151737"},{"taxonomy":"post_tag","embeddable":true,"href":"https:\/\/kulturbloggen.com\/index.php?rest_route=%2Fwp%2Fv2%2Ftags&post=151737"}],"curies":[{"name":"wp","href":"https:\/\/api.w.org\/{rel}","templated":true}]}}