{"id":151672,"date":"2022-03-29T17:13:10","date_gmt":"2022-03-29T15:13:10","guid":{"rendered":"https:\/\/kulturbloggen.com\/?p=151672"},"modified":"2022-03-29T19:18:55","modified_gmt":"2022-03-29T17:18:55","slug":"filmrecension-elizabeth-a-portrait-in-parts-masterlig-mosaik","status":"publish","type":"post","link":"https:\/\/kulturbloggen.com\/?p=151672","title":{"rendered":"Filmrecension: Elizabeth: A portrait in part(s) &#8211; m\u00e4sterlig mosaik"},"content":{"rendered":"<p><img loading=\"lazy\" decoding=\"async\" class=\"aligncenter size-full wp-image-151687\" src=\"https:\/\/kulturbloggen.com\/wp-content\/uploads\/2022\/03\/unnamed-9-1.jpg\" alt=\"\" width=\"439\" height=\"650\" srcset=\"https:\/\/kulturbloggen.com\/wp-content\/uploads\/2022\/03\/unnamed-9-1.jpg 439w, https:\/\/kulturbloggen.com\/wp-content\/uploads\/2022\/03\/unnamed-9-1-203x300.jpg 203w\" sizes=\"auto, (max-width: 439px) 100vw, 439px\" \/><\/p>\n<p>Elizabeth: A portrait in part(s)<br \/>\nBetyg 4<br \/>\nSvensk biopremi\u00e4r 1 april 2022<br \/>\nRegi Roger Michell<\/p>\n<p>70 \u00e5r p\u00e5 tronen &#8211; g\u00e5r det alls att skildra? Roger Michells dokument\u00e4r om den brittiska drottningen Elizabeth II \u00e4r en mosaik, sammansatt av minnen, k\u00e4nslor och tankar. M\u00e4sterligt, helt enkelt. Filmen f\u00f6rmedlar k\u00e4nslor fr\u00e5n en m\u00e4ngd olika sammanhang ist\u00e4llet f\u00f6r att ber\u00e4tta kronologiskt. En kronologisk skildring hade knappast varit lika levande och det hade \u00e4nd\u00e5 varit om\u00f6jligt att f\u00e5 med allt. Dessutom finns kronologin i Elizabeth II:s liv som drottning v\u00e4lgjort ber\u00e4ttat i tv-serien The Crown.<\/p>\n<p>N\u00e4r vi nu f\u00e5r se drottningen som sig sj\u00e4lv fr\u00e5n filmklipp fr\u00e5n hela hennes liv blir det tydligt hur v\u00e4l de brittiska sk\u00e5despelarna agerat i rollen som hennes tv-serien The Crown. Hur de talar, hur de r\u00f6r sig, in i minsta detalj, har de f\u00e5ngat drottningens karakt\u00e4r och utstr\u00e5lning. Claire Foy som den unga drottningen och Olivia Colman som den medel\u00e5lders drottningen. Den \u00e4ldre f\u00e5r vi se gestaltad av Imelda Staunton senare i \u00e5r, n\u00e4r s\u00e4song 5 kommer.<\/p>\n<p>Elizabeth II \u00e4r den monark som innehaft posten l\u00e4ngst i brittisk historia, i \u00e5r firar hon 70 \u00e5r p\u00e5 tronen. Det \u00e4r ett fascinerande liv hon haft. Storbritannien och v\u00e4rlden har genomg\u00e5tt stora samh\u00e4llsf\u00f6r\u00e4ndringar under dessa \u00e5r. Regiss\u00f6rens skildring k\u00e4nns till stor del som en hyllning, men det k\u00e4nns \u00e4rligt. Hon \u00e4r en imponerande kvinna som fick ta \u00f6ver kronan som mycket ung. Hon ger intryck av att ha skinn p\u00e5 n\u00e4san. Jag \u00e4r ocks\u00e5 imponerad av vilken duktig ryttare hon \u00e4r.<\/p>\n<p>Oavsett vad man tycker och t\u00e4nker om monarki \u00e4r detta en film som engagerar och \u00e4r intressant. Att vara drottning handlar mer om en id\u00e9 \u00e4n en person, s\u00e4ger Elizabeth II i filmen. Jag b\u00e5de h\u00e5ller med och inte. F\u00f6r den brittiska monarkin har troligen Elizabeth IIs personlighet och karakt\u00e4r r\u00e4ddat kvar monarkin eller \u00e5tminstone gjort den mer popul\u00e4r \u00e4n den kunde ha varit. Nu tar filmen inte upp fr\u00e5gor kring monarkin egentligen, men det \u00e4r inte regiss\u00f6rens syfte. Vi f\u00e5r se en m\u00e4ngd filmklipp fr\u00e5n drottningen liv som barn \u00e4nda till nu som snart hundra\u00e5ring. Det \u00e4r en roligt m\u00f6te \u00f6ver filmduken.<\/p>\n<p><iframe loading=\"lazy\" title=\"YouTube video player\" src=\"https:\/\/www.youtube.com\/embed\/Pu-3jtaSmAQ\" width=\"560\" height=\"315\" frameborder=\"0\" allowfullscreen=\"allowfullscreen\"><\/iframe><\/p>\n","protected":false},"excerpt":{"rendered":"<p>Elizabeth: A portrait in part(s) Betyg 4 Svensk biopremi\u00e4r 1 april 2022 Regi Roger Michell 70 \u00e5r p\u00e5 tronen &#8211; g\u00e5r det alls att skildra? Roger Michells dokument\u00e4r om den brittiska drottningen Elizabeth II \u00e4r en mosaik, sammansatt av minnen, k\u00e4nslor och tankar. M\u00e4sterligt, helt enkelt. Filmen f\u00f6rmedlar k\u00e4nslor fr\u00e5n en m\u00e4ngd olika sammanhang ist\u00e4llet [&hellip;]<\/p>\n","protected":false},"author":2,"featured_media":0,"comment_status":"closed","ping_status":"closed","sticky":false,"template":"","format":"standard","meta":{"_genesis_hide_title":false,"_genesis_hide_breadcrumbs":false,"_genesis_hide_singular_image":false,"_genesis_hide_footer_widgets":false,"_genesis_custom_body_class":"","_genesis_custom_post_class":"","_genesis_layout":"","footnotes":""},"categories":[50,51,16,20,13624],"tags":[1329,14293,1728,14258,1738,14292],"class_list":{"0":"post-151672","1":"post","2":"type-post","3":"status-publish","4":"format-standard","6":"category-filmfilm","7":"category-filmer","8":"category-recension","9":"category-film","10":"category-toppnytt","11":"tag-dokumentar","12":"tag-elizabeth-ii","13":"tag-filmkritik","14":"tag-filmkritiker","15":"tag-filmrecension","16":"tag-kritik-av-film","17":"entry"},"_links":{"self":[{"href":"https:\/\/kulturbloggen.com\/index.php?rest_route=\/wp\/v2\/posts\/151672","targetHints":{"allow":["GET"]}}],"collection":[{"href":"https:\/\/kulturbloggen.com\/index.php?rest_route=\/wp\/v2\/posts"}],"about":[{"href":"https:\/\/kulturbloggen.com\/index.php?rest_route=\/wp\/v2\/types\/post"}],"author":[{"embeddable":true,"href":"https:\/\/kulturbloggen.com\/index.php?rest_route=\/wp\/v2\/users\/2"}],"replies":[{"embeddable":true,"href":"https:\/\/kulturbloggen.com\/index.php?rest_route=%2Fwp%2Fv2%2Fcomments&post=151672"}],"version-history":[{"count":28,"href":"https:\/\/kulturbloggen.com\/index.php?rest_route=\/wp\/v2\/posts\/151672\/revisions"}],"predecessor-version":[{"id":151712,"href":"https:\/\/kulturbloggen.com\/index.php?rest_route=\/wp\/v2\/posts\/151672\/revisions\/151712"}],"wp:attachment":[{"href":"https:\/\/kulturbloggen.com\/index.php?rest_route=%2Fwp%2Fv2%2Fmedia&parent=151672"}],"wp:term":[{"taxonomy":"category","embeddable":true,"href":"https:\/\/kulturbloggen.com\/index.php?rest_route=%2Fwp%2Fv2%2Fcategories&post=151672"},{"taxonomy":"post_tag","embeddable":true,"href":"https:\/\/kulturbloggen.com\/index.php?rest_route=%2Fwp%2Fv2%2Ftags&post=151672"}],"curies":[{"name":"wp","href":"https:\/\/api.w.org\/{rel}","templated":true}]}}