{"id":1515,"date":"2008-09-09T14:51:04","date_gmt":"2008-09-09T14:51:04","guid":{"rendered":"http:\/\/kulturbloggen.com\/?p=1515"},"modified":"2008-09-09T14:51:04","modified_gmt":"2008-09-09T14:51:04","slug":"lyssna-pa-adam-tensta-kleerup-lazee-neverstore-och-veronica-maggio-de-mtv-nominerade-svenska-artisterna","status":"publish","type":"post","link":"https:\/\/kulturbloggen.com\/?p=1515","title":{"rendered":"Lyssna p\u00e5 Adam Tensta, Kleerup, Lazee, Neverstore och Veronica Maggio &#8211; de MTV-nominerade svenska artisterna"},"content":{"rendered":"<p><a href='http:\/\/sodergren.com\/kulturbloggen\/wp-content\/uploads\/2008\/09\/adamtensta260.jpg'><img loading=\"lazy\" decoding=\"async\" src=\"http:\/\/sodergren.com\/kulturbloggen\/wp-content\/uploads\/2008\/09\/adamtensta260.jpg\" alt=\"\" title=\"adamtensta260\" width=\"260\" height=\"150\" class=\"alignright size-full wp-image-1514\" \/><\/a>Svenska MTV-nomineringarna \u00e4r klara och nu \u00e4r det fritt fram f\u00f6r alla att r\u00f6sta fram sin favorit i EMA-galan.<\/p>\n<p>Adam Tensta, Kleerup, Lazee, Neverstore och Veronica Maggio \u00e4r de svenska artister som g\u00f6r upp i \u00e5rets MTV Europe Music Awards. Finalisten \u2013 som kommer st\u00e4llas mot Europas b\u00e4sta band \u2013 best\u00e4ms av den svenska publiken som fr\u00e5n och med idag kan r\u00f6sta p\u00e5 sin favorit.<\/p>\n<p>Fram till den 12 oktober f\u00e5r publiken r\u00f6sta p\u00e5 den kandidat som ska vinna priset Best Swedish Act p\u00e5 MTV Europe Music Awards \u2013 Europas mest prestigefyllda musikgala som i \u00e5r \u00e4ger rum den 6 november i Liverpool.<\/p>\n<p><strong><br \/>\nOm jag f\u00e5r ge ett r\u00e5d: r\u00f6sta INTE p\u00e5 Neverstore. Deras videos p\u00e5 YouTube har Embedding disabled by request. Band som inte vill att deras fans ska kunna ha deras musik i sina bloggar \u00e4r inte v\u00e4rda v\u00e5ra r\u00f6ster.<\/strong><\/p>\n<p>De fem finalisterna \u2013 Adam Tensta, Kleerup, Lazee, Neverstore och Veronica Maggio \u2013 har nominerats av en jury med representanter fr\u00e5n stora och sm\u00e5 skivbolag i Sverige, svenska MTV, samt MTV:s publik i Sverige.<\/p>\n<p>Kandidaten som f\u00e5r flest r\u00f6ster g\u00e5r till finalomg\u00e5ngen d\u00e4r de i konkurrens med andra europeiska delfinalister t\u00e4vlar om priset \u201dEurope\u2019s Favourite\u201d. D\u00e4r kan artisten bland annat f\u00e5 m\u00f6ta finska Nightwish eller danska Alphabeat \u2013 som \u00e4ven de \u00e4r nominerade i kategorin.<\/p>\n<p>F\u00f6rra \u00e5rets EMA-gala s\u00e5gs av \u00f6ver 30 miljoner m\u00e4nniskor fr\u00e5n hela v\u00e4rlden och drog dryga 80 miljoner n\u00e4tr\u00f6ster. D\u00e5 var det Sk\u00f6vde-bandet Neverstore som tog hem kategorin Best Swedish Act. I \u00e5r har bandet chansen igen men l\u00e4r f\u00e5 h\u00e5rd konkurrens \u2013 inte minst fr\u00e5n Adam Tensta som precis presenterat sig f\u00f6r MTV-publiken som kanalens g\u00e4st-VJ.<\/p>\n<p>R\u00f6stningen \u00e4r \u00f6ppen mellan den 9 september och 12 oktober <a href=\"http:\/\/www.mtvema.com\">sker p\u00e5 EMA-sidan<\/a>.<br \/>\n<strong><br \/>\nOm jag f\u00e5r ge ett r\u00e5d: r\u00f6sta INTE p\u00e5 Neverstore. Deras videos p\u00e5 YouTube har Embedding disabled by request. Band som inte vill att deras fans ska kunna ha deras musik i sina bloggar \u00e4r inte v\u00e4rda v\u00e5ra r\u00f6ster.<\/strong><\/p>\n<p>H\u00e4r \u00e4r \u00e5rets kategorier i MTV Europe Music Awards:<\/p>\n<p>Album Of The Year<br \/>\n\u00c5rets album<\/p>\n<p>Headliner<br \/>\nMest imponerande liveband p\u00e5 turn\u00e9 eller festivalspelning<\/p>\n<p>Most Addictive Track<br \/>\nFavoritl\u00e5t<\/p>\n<p>Best Act Ever (New)<br \/>\nDen artist \u2013 gammal eller ny \u2013 som publiken gillar b\u00e4st<\/p>\n<p>New Act (New)<br \/>\nB\u00e4sta debut av en artist under 2008<\/p>\n<p>Act of 2008<br \/>\nB\u00e4sta artist under 2008<\/p>\n<p>Ultimate Urban<br \/>\nB\u00e4sta r\u2019n\u2019b\u2019 eller Hip hop-band<\/p>\n<p>Rock Out<br \/>\nB\u00e4sta rockband<\/p>\n<p>Europe\u2019s Favourite (New)<br \/>\nFinalisterna fr\u00e5n Best Regional Award g\u00f6r upp om titeln<\/p>\n<p>Video Star<br \/>\nAvg\u00f6rs av MTV<\/p>\n<p>Regional Award<br \/>\nMTV publiken r\u00f6star fram sina lokala favoritartister. Svenska nominerade \u00e4r Adam Tensta, Kleerup, Lazee, Neverstore och Veronica Maggio.<\/p>\n<p>Kleerup feat. Titiyo &#8221;Longing for lullabies&#8221;<\/p>\n<p><object width=\"425\" height=\"344\"><param name=\"movie\" value=\"http:\/\/www.youtube.com\/v\/luIBrGyFNq0&#038;hl=en&#038;fs=1\"><\/param><param name=\"allowFullScreen\" value=\"true\"><\/param><embed src=\"http:\/\/www.youtube.com\/v\/luIBrGyFNq0&#038;hl=en&#038;fs=1\" type=\"application\/x-shockwave-flash\" allowfullscreen=\"true\" width=\"425\" height=\"344\"><\/embed><\/object><\/p>\n<p>Adam Tensta &#8211; My Cool<\/p>\n<p><object width=\"425\" height=\"344\"><param name=\"movie\" value=\"http:\/\/www.youtube.com\/v\/rMTB_LJKIh4&#038;hl=en&#038;fs=1\"><\/param><param name=\"allowFullScreen\" value=\"true\"><\/param><embed src=\"http:\/\/www.youtube.com\/v\/rMTB_LJKIh4&#038;hl=en&#038;fs=1\" type=\"application\/x-shockwave-flash\" allowfullscreen=\"true\" width=\"425\" height=\"344\"><\/embed><\/object><\/p>\n<p>Lazee &#8211; Bigga Nigga<\/p>\n<p><object width=\"425\" height=\"344\"><param name=\"movie\" value=\"http:\/\/www.youtube.com\/v\/K0f-5W4rF2E&#038;hl=en&#038;fs=1\"><\/param><param name=\"allowFullScreen\" value=\"true\"><\/param><embed src=\"http:\/\/www.youtube.com\/v\/K0f-5W4rF2E&#038;hl=en&#038;fs=1\" type=\"application\/x-shockwave-flash\" allowfullscreen=\"true\" width=\"425\" height=\"344\"><\/embed><\/object><\/p>\n<p>Veronica Maggio &#8211; M\u00e5ndagsbarn with lyrics<\/p>\n<p><object width=\"425\" height=\"344\"><param name=\"movie\" value=\"http:\/\/www.youtube.com\/v\/gkL25QYYsko&#038;hl=en&#038;fs=1\"><\/param><param name=\"allowFullScreen\" value=\"true\"><\/param><embed src=\"http:\/\/www.youtube.com\/v\/gkL25QYYsko&#038;hl=en&#038;fs=1\" type=\"application\/x-shockwave-flash\" allowfullscreen=\"true\" width=\"425\" height=\"344\"><\/embed><\/object><\/p>\n<p>Relaterat:<br \/>\n<a href=\"http:\/\/www.dn.se\/DNet\/jsp\/polopoly.jsp?d=2374&#038;a=826178\">Dagens Nyheter<\/a> och <a href=\"http:\/\/www.svd.se\/kulturnoje\/nyheter\/artikel_1693219.svd\">Svenska Dagbladet<\/a>.<\/p>\n<p>Andra bloggar om: <a href=\"http:\/\/bloggar.se\/om\/video\" rel=\"tag\">video<\/a>, <a href=\"http:\/\/bloggar.se\/om\/MTV\" rel=\"tag\">MTV<\/a>, <a href=\"http:\/\/bloggar.se\/om\/hiphop\" rel=\"tag\">hiphop<\/a>, <a href=\"http:\/\/bloggar.se\/om\/dance\" rel=\"tag\">dance<\/a>, <a href=\"http:\/\/bloggar.se\/om\/rock\" rel=\"tag\">rock<\/a>, <a href=\"http:\/\/bloggar.se\/om\/Europe\" rel=\"tag\">Europe<\/a>, <a href=\"http:\/\/bloggar.se\/om\/Adam+Tensta\" rel=\"tag\">Adam Tensta<\/a>, <a href=\"http:\/\/bloggar.se\/om\/Lazze\" rel=\"tag\">Lazze<\/a>, <a href=\"http:\/\/bloggar.se\/om\/Veronica+Maggio\" rel=\"tag\">Veronica Maggio<\/a>, <a href=\"http:\/\/bloggar.se\/om\/Kleerup.+Neverstore\" rel=\"tag\">Kleerup. Neverstore<\/a><\/p>\n","protected":false},"excerpt":{"rendered":"<p>Svenska MTV-nomineringarna \u00e4r klara och nu \u00e4r det fritt fram f\u00f6r alla att r\u00f6sta fram sin favorit i EMA-galan. Adam Tensta, Kleerup, Lazee, Neverstore och Veronica Maggio \u00e4r de svenska artister som g\u00f6r upp i \u00e5rets MTV Europe Music Awards. Finalisten \u2013 som kommer st\u00e4llas mot Europas b\u00e4sta band \u2013 best\u00e4ms av den svenska publiken [&hellip;]<\/p>\n","protected":false},"author":2,"featured_media":0,"comment_status":"open","ping_status":"open","sticky":false,"template":"","format":"standard","meta":{"_genesis_hide_title":false,"_genesis_hide_breadcrumbs":false,"_genesis_hide_singular_image":false,"_genesis_hide_footer_widgets":false,"_genesis_custom_body_class":"","_genesis_custom_post_class":"","_genesis_layout":"","footnotes":""},"categories":[7],"tags":[1111,2274,3800,4792,6230],"class_list":{"0":"post-1515","1":"post","2":"type-post","3":"status-publish","4":"format-standard","6":"category-musik","7":"tag-dance","8":"tag-hiphop","9":"tag-mtv","10":"tag-rock","11":"tag-video","12":"entry"},"_links":{"self":[{"href":"https:\/\/kulturbloggen.com\/index.php?rest_route=\/wp\/v2\/posts\/1515","targetHints":{"allow":["GET"]}}],"collection":[{"href":"https:\/\/kulturbloggen.com\/index.php?rest_route=\/wp\/v2\/posts"}],"about":[{"href":"https:\/\/kulturbloggen.com\/index.php?rest_route=\/wp\/v2\/types\/post"}],"author":[{"embeddable":true,"href":"https:\/\/kulturbloggen.com\/index.php?rest_route=\/wp\/v2\/users\/2"}],"replies":[{"embeddable":true,"href":"https:\/\/kulturbloggen.com\/index.php?rest_route=%2Fwp%2Fv2%2Fcomments&post=1515"}],"version-history":[{"count":0,"href":"https:\/\/kulturbloggen.com\/index.php?rest_route=\/wp\/v2\/posts\/1515\/revisions"}],"wp:attachment":[{"href":"https:\/\/kulturbloggen.com\/index.php?rest_route=%2Fwp%2Fv2%2Fmedia&parent=1515"}],"wp:term":[{"taxonomy":"category","embeddable":true,"href":"https:\/\/kulturbloggen.com\/index.php?rest_route=%2Fwp%2Fv2%2Fcategories&post=1515"},{"taxonomy":"post_tag","embeddable":true,"href":"https:\/\/kulturbloggen.com\/index.php?rest_route=%2Fwp%2Fv2%2Ftags&post=1515"}],"curies":[{"name":"wp","href":"https:\/\/api.w.org\/{rel}","templated":true}]}}