{"id":150305,"date":"2022-02-22T15:03:18","date_gmt":"2022-02-22T13:03:18","guid":{"rendered":"https:\/\/kulturbloggen.com\/?p=150305"},"modified":"2022-02-22T15:03:19","modified_gmt":"2022-02-22T13:03:19","slug":"filmrecension-belfast","status":"publish","type":"post","link":"https:\/\/kulturbloggen.com\/?p=150305","title":{"rendered":"Filmrecension: Belfast"},"content":{"rendered":"<p><img loading=\"lazy\" decoding=\"async\" class=\"aligncenter size-full wp-image-150314\" src=\"https:\/\/kulturbloggen.com\/wp-content\/uploads\/2022\/02\/image001.jpg\" alt=\"\" width=\"650\" height=\"432\" srcset=\"https:\/\/kulturbloggen.com\/wp-content\/uploads\/2022\/02\/image001.jpg 650w, https:\/\/kulturbloggen.com\/wp-content\/uploads\/2022\/02\/image001-300x199.jpg 300w\" sizes=\"auto, (max-width: 650px) 100vw, 650px\" \/><\/p>\n<p>Belfast<br \/>\nBetyg 3<br \/>\nSvensk biopremi\u00e4r 25 februari 2022<br \/>\nRegi Kenneth Branagh<\/p>\n<p>En v\u00e4lmenande skildring av inb\u00f6rdeskriget i Nordirland, fokuserat p\u00e5 Belfast i slutet av 1960-talet. Men lite f\u00f6r ytligt, f\u00f6r sentimentalt och f\u00f6r m\u00e5nga klich\u00e9er f\u00f6r att riktigt ber\u00f6ra. Trots att det \u00e4r en snyggt filmad ber\u00e4ttelse, konstn\u00e4rligt tilltalande i svartvitt, med framst\u00e5ende suver\u00e4na sk\u00e5despelare som Ciar\u00e1n Hinds och Judi Dench och med s\u00e5ng och musik av Belfastf\u00f6dde Van Morrisson klingar filmen inte helt \u00e4kta. Den \u00e4r inte d\u00e5lig men jag f\u00f6rst\u00e5r i h\u00f6g grad den kritik som framf\u00f6rts fr\u00e5n de m\u00e5nga j\u00e4mn\u00e5riga med regiss\u00f6rens Kenneth Branagh som vuxit upp i Belfast under konflikterna. Filmen \u00e4r ytlig och alltf\u00f6r sentimental. Men v\u00e4lgjord och inte alls d\u00e5lig.<\/p>\n<p>Filmen \u00e4r Kenneth Branaghs mest personliga d\u00e5 de kravaller och stridigheter mellan katoliker och protestanter som blossar under 1960-talet skildras ur en liten pojkes \u00f6gon. Mer specifikt: h\u00e4ndelserna p\u00e5 en gata d\u00e4r protestanter och katoliker bodde och levde sida vid sida och en dag brakade det l\u00f6s och grannar b\u00f6rjade angripa grannar. Filmen \u00e4r till  stor del en sj\u00e4lvbiografisk. Den i filmens b\u00f6rjan nio\u00e5rige Buddy, \u00e4r Branaghs alter ego.<\/p>\n<p>Att grannar v\u00e4nder sig mot grannar har sorgligt nog h\u00e4nt om och om igen i m\u00e4nsklighetens historia. Jag saknar n\u00e5got i filmen som g\u00f6r att jag k\u00e4nner paralleller med andra konflikter. Att konflikterna skildras ur pojkens \u00f6gon kan vara ett sk\u00e4l att den saknar f\u00f6rdjupning. Vi f\u00e5r enbart h\u00f6ra att konflikten handlar om religon, att protestanter och katoliker hatar varandra. Men i grunden handlade konflikterna p\u00e5 Nordirland om mycket annat \u00e4n religion. Som alltid n\u00e4r m\u00e4nniskor krigar finns det girighet, ekonomiska beg\u00e4r och maktgalenhet med i botten som det som ger br\u00e4nsle \u00e5t konflikten. En liten pojke kanske inte kan se den helheten men visst kunde dessa aspekter funnits med. D\u00e5 hade filmen k\u00e4nts mindre f\u00f6rljugen.<\/p>\n<p>Kenneth Branagh flyttade med sin familj fr\u00e5n Belfast som elva\u00e5ring. I filmen f\u00e5r vi se hur pappan k\u00e4mpar med att betala restskatt i \u00e5ratal och m\u00e5ste veckopendla till England f\u00f6r att jobba. F\u00f6rmodligen \u00e4r det p\u00e5 grund av att pappan \u00e4r i England under veckorna som han kan se tydligare hur farlig situationen \u00e4r. Mamman \u00e4r fast i en illusion om att det \u00e4r tryggare f\u00f6r barnen att bo kvar i Belfast d\u00e4r de k\u00e4nner alla, trots att konflikten eskalerar och omgivningen vill tvinga in alla att ta st\u00e4llningen tycks hon inte se hur farligt det \u00e4r att bo kvar. Jag t\u00e4nker att den delen av filmen \u00e4r en av de mer intressanta. M\u00e4nniskor fr\u00e5n andra konflikth\u00e4rdar kan s\u00e4kert k\u00e4nna igen den tvekan och r\u00e4dsla mamman k\u00e4nner f\u00f6r att bryta upp.<\/p>\n<p>En annan av filmens beh\u00e5llning \u00e4r den k\u00e4rlek lille Buddy och hans familj har till teater och film. Hur biobes\u00f6ken var ett ljus i m\u00f6rkret. Jag skulle g\u00e4rna sett detta tema utvecklas mer.<\/p>\n<p>Belfast har f\u00e5tt sju Oscarsnomineringar och redan vunnit en rad andra internationella priser. Jag kan se att kritikerna \u00e4r delade. P\u00e5 m\u00e5nga h\u00e5ll hyllas filmen medan andra, liksom jag, \u00e4r mer besvikna. D\u00e5 jag k\u00e4nner s\u00e5 m\u00e5nga som vuxit upp i Belfast under den tid som skildras hade jag h\u00f6ga f\u00f6rv\u00e4ntningar p\u00e5 filmen. F\u00f6rv\u00e4ntningar som inte infriades. F\u00f6r mig \u00e4r Belfast ingen d\u00e5lig film men den k\u00e4nns inte som ett m\u00e4sterverk, den surfar f\u00f6r mycket p\u00e5 en nostalgisk ytlighet som inte k\u00e4nns \u00e4kta.<\/p>\n<p><iframe loading=\"lazy\" title=\"YouTube video player\" src=\"https:\/\/www.youtube.com\/embed\/PmBWNVM1bIc\" width=\"560\" height=\"315\" frameborder=\"0\" allowfullscreen=\"allowfullscreen\"><\/iframe><\/p>\n","protected":false},"excerpt":{"rendered":"<p>Belfast Betyg 3 Svensk biopremi\u00e4r 25 februari 2022 Regi Kenneth Branagh En v\u00e4lmenande skildring av inb\u00f6rdeskriget i Nordirland, fokuserat p\u00e5 Belfast i slutet av 1960-talet. Men lite f\u00f6r ytligt, f\u00f6r sentimentalt och f\u00f6r m\u00e5nga klich\u00e9er f\u00f6r att riktigt ber\u00f6ra. Trots att det \u00e4r en snyggt filmad ber\u00e4ttelse, konstn\u00e4rligt tilltalande i svartvitt, med framst\u00e5ende suver\u00e4na sk\u00e5despelare [&hellip;]<\/p>\n","protected":false},"author":2,"featured_media":0,"comment_status":"closed","ping_status":"closed","sticky":false,"template":"","format":"standard","meta":{"_genesis_hide_title":false,"_genesis_hide_breadcrumbs":false,"_genesis_hide_singular_image":false,"_genesis_hide_footer_widgets":false,"_genesis_custom_body_class":"","_genesis_custom_post_class":"","_genesis_layout":"","footnotes":""},"categories":[50,51,16,20,13624],"tags":[574,14279,13874,2908],"class_list":{"0":"post-150305","1":"post","2":"type-post","3":"status-publish","4":"format-standard","6":"category-filmfilm","7":"category-filmer","8":"category-recension","9":"category-film","10":"category-toppnytt","11":"tag-belfast","12":"tag-ciaran-hinds","13":"tag-judi-dench","14":"tag-kenneth-branagh","15":"entry"},"_links":{"self":[{"href":"https:\/\/kulturbloggen.com\/index.php?rest_route=\/wp\/v2\/posts\/150305","targetHints":{"allow":["GET"]}}],"collection":[{"href":"https:\/\/kulturbloggen.com\/index.php?rest_route=\/wp\/v2\/posts"}],"about":[{"href":"https:\/\/kulturbloggen.com\/index.php?rest_route=\/wp\/v2\/types\/post"}],"author":[{"embeddable":true,"href":"https:\/\/kulturbloggen.com\/index.php?rest_route=\/wp\/v2\/users\/2"}],"replies":[{"embeddable":true,"href":"https:\/\/kulturbloggen.com\/index.php?rest_route=%2Fwp%2Fv2%2Fcomments&post=150305"}],"version-history":[{"count":25,"href":"https:\/\/kulturbloggen.com\/index.php?rest_route=\/wp\/v2\/posts\/150305\/revisions"}],"predecessor-version":[{"id":150331,"href":"https:\/\/kulturbloggen.com\/index.php?rest_route=\/wp\/v2\/posts\/150305\/revisions\/150331"}],"wp:attachment":[{"href":"https:\/\/kulturbloggen.com\/index.php?rest_route=%2Fwp%2Fv2%2Fmedia&parent=150305"}],"wp:term":[{"taxonomy":"category","embeddable":true,"href":"https:\/\/kulturbloggen.com\/index.php?rest_route=%2Fwp%2Fv2%2Fcategories&post=150305"},{"taxonomy":"post_tag","embeddable":true,"href":"https:\/\/kulturbloggen.com\/index.php?rest_route=%2Fwp%2Fv2%2Ftags&post=150305"}],"curies":[{"name":"wp","href":"https:\/\/api.w.org\/{rel}","templated":true}]}}