{"id":150,"date":"2008-06-30T09:34:24","date_gmt":"2008-06-30T09:34:24","guid":{"rendered":"http:\/\/kulturbloggen.com\/?p=150"},"modified":"2008-06-30T09:34:24","modified_gmt":"2008-06-30T09:34:24","slug":"hmm-hur-var-det-ville-hogern-minska-utanforskapet-och-skapa-fler-arbeten","status":"publish","type":"post","link":"https:\/\/kulturbloggen.com\/?p=150","title":{"rendered":"Hmm, hur var det? Ville h\u00f6gern minska utanf\u00f6rskapet och skapa fler arbeten?"},"content":{"rendered":"<p><a href='http:\/\/sodergren.com\/kulturbloggen\/wp-content\/uploads\/2008\/06\/regeringen400.jpg'><img loading=\"lazy\" decoding=\"async\" src=\"http:\/\/sodergren.com\/kulturbloggen\/wp-content\/uploads\/2008\/06\/regeringen400.jpg\" alt=\"\" title=\"regeringen400\" width=\"400\" height=\"119\" class=\"aligncenter size-full wp-image-145\" \/><\/a><br \/>\nFoto: Pawel Flato<\/p>\n<p>Det var valr\u00f6relse inf\u00f6r riksdagsvalet och det var debatter och partiledare som m\u00f6ttes. Jag kan se bilden framf\u00f6r sig s\u00e5 tydligt hur Reinfeldt och kumpaner i h\u00f6geralliansen som ett mantra upprepade och upprepade: De skulle f\u00e5 ner arbetsl\u00f6shet, de skulle f\u00f6re en politik som gav jobb, de skulle minska utanf\u00f6rskapet.<\/p>\n<p>Hmm? Hur kan de d\u00e5 p\u00e5 fullt allvar via tidningen Riksdag st\u00e5 upp och s\u00e4ga s\u00e5 h\u00e4r (<a href=\"http:\/\/www.aftonbladet.se\/nyheter\/article2790358.ab\">via Aftonbladet<\/a>):<\/p>\n<blockquote><p>Det \u00e4r halvlek i mandatperioden.<br \/>\nRegeringen har lyckats bocka av \u00f6ver h\u00e4lften av sina vall\u00f6fen.<br \/>\nYtterligare 43 vall\u00f6ften st\u00e5r p\u00e5 tur att genomf\u00f6ras, visar tidningen Riksdags och departements granskning.<\/p><\/blockquote>\n<p>Det allra viktigaste av alla deras l\u00f6ften, det som folk r\u00f6stade p\u00e5 och det som skulle kunna f\u00f6r\u00e4ndra situationen f\u00f6r m\u00e5nga, det har inte f\u00f6rverkligats.<br \/>\n<a href=\"http:\/\/www.dn.se\/DNet\/jsp\/polopoly.jsp?d=147&#038;a=799433\">Fr\u00e5n Dagens Nyheter<\/a>:<\/p>\n<blockquote><p>Antalet personer som enligt regeringen befinner sig i utanf\u00f6rskap \u2014 det vill s\u00e4ga st\u00e5r utanf\u00f6r arbetsmarknaden \u2014 minskar inte l\u00e4ngre. Tv\u00e4rtom \u00f6kar antalet sedan n\u00e5gra m\u00e5nader tillbaka, enligt siffror fr\u00e5n regeringskansliet.<\/p><\/blockquote>\n<p><a href=\"http:\/\/www.sr.se\/ekot\/artikel.asp?artikel=2161487\">Ekot<\/a> har en fylligare artikel om den \u00f6kande arbetsl\u00f6sheten.<\/p>\n<p>Arbetsl\u00f6shet, att m\u00e4nniskor inte f\u00e5r jobb eller inte kan starta f\u00f6retag, \u00e4r en katastrof f\u00f6r ett samh\u00e4lle. Den som vill starta eget f\u00f6retag och vill ha r\u00e5d och tips: f\u00f6rr fanns det personer p\u00e5 Arbetsf\u00f6rmedlingen som gav st\u00f6d och r\u00e5d och det fanns kurser f\u00f6r det. Idag m\u00e5ste var och en s\u00f6ka allt sj\u00e4lv p\u00e5 Internet. Det finns inget utrymme i samh\u00e4llet idag f\u00f6r den som inte \u00e4r j\u00e4ttefylld av egen initiativkraft och vet hur han\/hon ska g\u00f6ra. Varf\u00f6r tycker h\u00f6gerns folk att det \u00e4r fel med st\u00f6d till m\u00e4nniskor s\u00e5 de kan ta klara att driva ett f\u00f6retag?<\/p>\n<p>Samma sak med att s\u00f6ka jobb. Om du inte \u00e4r j\u00e4ttevass p\u00e5 att skriva CV och inte vet alla olika sajter som finns f\u00f6r att s\u00f6ka jobb, d\u00e5 \u00e4r det k\u00f6rt. P\u00e5 Arbetsf\u00f6rmedlingen blir du bara h\u00e4nvisad till en dator och en internetadress. Jag vet f\u00f6r jag k\u00e4nner flera 19-\u00e5ringar som gick till Arbetsf\u00f6rmedlingen f\u00f6r att f\u00e5 hj\u00e4lp att s\u00f6ka jobb. Allt det fick var URL:en Platsbanken.se och r\u00e5det att komma tillbaka efter sex m\u00e5nader och s\u00f6ka ett nystartsjobb.<\/p>\n<p>Vad \u00e4r det f\u00f6r fel med att de som vill ha jobb kan f\u00e5 hj\u00e4lp att leta jobben?<\/p>\n<p><a href=\"http:\/\/minamoderatakarameller.blogspot.com\/2008\/06\/det-bde-glder-och-frfrar.html\">Mina moderata karameller har ocks\u00e5 bloggat om samma \u00e4mne.<\/a><\/p>\n<p>Andra bloggar om: <a href=\"http:\/\/bloggar.se\/om\/arbetsmarknad\" rel=\"tag\">arbetsmarknad<\/a>, <a href=\"http:\/\/bloggar.se\/om\/h%F6gerregeringen\" rel=\"tag\">h\u00f6gerregeringen<\/a>, <a href=\"http:\/\/bloggar.se\/om\/arbetsl%F6shet\" rel=\"tag\">arbetsl\u00f6shet<\/a>, <a href=\"http:\/\/bloggar.se\/om\/arbete\" rel=\"tag\">arbete<\/a>, <a href=\"http:\/\/bloggar.se\/om\/arbetsf%F6rmedlingen\" rel=\"tag\">arbetsf\u00f6rmedlingen<\/a>, <a href=\"http:\/\/bloggar.se\/om\/f%F6retag\" rel=\"tag\">f\u00f6retag<\/a>, <a href=\"http:\/\/bloggar.se\/om\/starta+eget\" rel=\"tag\">starta eget<\/a>, <a href=\"http:\/\/bloggar.se\/om\/f%F6retagande\" rel=\"tag\">f\u00f6retagande<\/a><\/p>\n","protected":false},"excerpt":{"rendered":"<p>Foto: Pawel Flato Det var valr\u00f6relse inf\u00f6r riksdagsvalet och det var debatter och partiledare som m\u00f6ttes. Jag kan se bilden framf\u00f6r sig s\u00e5 tydligt hur Reinfeldt och kumpaner i h\u00f6geralliansen som ett mantra upprepade och upprepade: De skulle f\u00e5 ner arbetsl\u00f6shet, de skulle f\u00f6re en politik som gav jobb, de skulle minska utanf\u00f6rskapet. Hmm? Hur [&hellip;]<\/p>\n","protected":false},"author":2,"featured_media":0,"comment_status":"open","ping_status":"open","sticky":false,"template":"","format":"standard","meta":{"_genesis_hide_title":false,"_genesis_hide_breadcrumbs":false,"_genesis_hide_singular_image":false,"_genesis_hide_footer_widgets":false,"_genesis_custom_body_class":"","_genesis_custom_post_class":"","_genesis_layout":"","footnotes":""},"categories":[20],"tags":[381],"class_list":{"0":"post-150","1":"post","2":"type-post","3":"status-publish","4":"format-standard","6":"category-film","7":"tag-arbetsmarknad","8":"entry"},"_links":{"self":[{"href":"https:\/\/kulturbloggen.com\/index.php?rest_route=\/wp\/v2\/posts\/150","targetHints":{"allow":["GET"]}}],"collection":[{"href":"https:\/\/kulturbloggen.com\/index.php?rest_route=\/wp\/v2\/posts"}],"about":[{"href":"https:\/\/kulturbloggen.com\/index.php?rest_route=\/wp\/v2\/types\/post"}],"author":[{"embeddable":true,"href":"https:\/\/kulturbloggen.com\/index.php?rest_route=\/wp\/v2\/users\/2"}],"replies":[{"embeddable":true,"href":"https:\/\/kulturbloggen.com\/index.php?rest_route=%2Fwp%2Fv2%2Fcomments&post=150"}],"version-history":[{"count":0,"href":"https:\/\/kulturbloggen.com\/index.php?rest_route=\/wp\/v2\/posts\/150\/revisions"}],"wp:attachment":[{"href":"https:\/\/kulturbloggen.com\/index.php?rest_route=%2Fwp%2Fv2%2Fmedia&parent=150"}],"wp:term":[{"taxonomy":"category","embeddable":true,"href":"https:\/\/kulturbloggen.com\/index.php?rest_route=%2Fwp%2Fv2%2Fcategories&post=150"},{"taxonomy":"post_tag","embeddable":true,"href":"https:\/\/kulturbloggen.com\/index.php?rest_route=%2Fwp%2Fv2%2Ftags&post=150"}],"curies":[{"name":"wp","href":"https:\/\/api.w.org\/{rel}","templated":true}]}}