{"id":149762,"date":"2022-02-09T14:07:27","date_gmt":"2022-02-09T12:07:27","guid":{"rendered":"https:\/\/kulturbloggen.com\/?p=149762"},"modified":"2022-02-09T14:07:29","modified_gmt":"2022-02-09T12:07:29","slug":"musikerforbundet-kraver-akuta-regleringar-av-de-stodmedel-som-presenterats","status":"publish","type":"post","link":"https:\/\/kulturbloggen.com\/?p=149762","title":{"rendered":"Musikerf\u00f6rbundet kr\u00e4ver akuta regleringar av de st\u00f6dmedel som presenterats"},"content":{"rendered":"<p>Nu \u00f6ppnar Sverige igen, men det betyder inte att krisen f\u00f6r kulturarbetare \u00e4r \u00f6ver. Musikerf\u00f6rbundet kr\u00e4ver anpassade st\u00f6d f\u00f6r musikbranschen under \u00e5terstarten.<\/p>\n<p>I ett pressmeddelande skriver Musikerf\u00f6rbundet:<br \/>\nDet finns fortfarande svagheter och luckor i de st\u00f6dsystem som inf\u00f6rts under pandemin och dessa brister f\u00f6rsvinner inte bara f\u00f6r att man tar bort restriktionerna. Allt f\u00f6r m\u00e5nga musiker har trillat mellan stolarna och har nu efter tv\u00e5 \u00e5rs pandemi hamnat i en akut ekonomisk krissituation.<\/p>\n<p>\u2013 Viktigast nu \u00e4r att de ekonomiska st\u00f6den n\u00e5r ut p\u00e5 ett effektivt s\u00e4tt och omfattar samtliga akt\u00f6rer. F\u00f6r att det ska ske m\u00e5ste hinder undanr\u00f6jas och f\u00f6rdelning av st\u00f6d anpassas b\u00e4ttre. Vi vill inte se att st\u00f6den fastnar i arrang\u00f6rsledet. St\u00f6den m\u00e5ste betalas ut snabbt och finnas kvar s\u00e5 l\u00e4nge de beh\u00f6vs. D\u00e4rf\u00f6r riktar vi f\u00f6ljande akuta krav mot politiken, s\u00e4ger Anneli Axelsson, talesperson f\u00f6r Musikerf\u00f6rbundets \u00e5terstartsgrupp<\/p>\n<p><strong>Musikerf\u00f6rbundets akuta krav p\u00e5 politiken:<\/strong><\/p>\n<p><strong>\u00c5terstartsst\u00f6d<\/strong><br \/>\nDe \u00e5terstartsst\u00f6d som idag finns att s\u00f6ka exkluderar enskilda n\u00e4ringsidkare. Vi kr\u00e4ver att \u00e4ven enskilda akt\u00f6rer ska kunna f\u00e5 \u00e5terstartsst\u00f6d.<br \/>\nKompensera privata initiativ som inte kan s\u00e4lja ut fullt p\u00e5 grund av m\u00e4nniskors r\u00e4dsla under \u00e5terstartsperioden som exempelvis dansbandstillst\u00e4llningar.<br \/>\nAnpassa a-kassan, samt Jobb- och utvecklingsgarantin<\/p>\n<p><strong>Frilansande musiker med firma ska kunna vara aktiva i sitt arbetss\u00f6kande och ta de jobb som kommer utan att riskera avst\u00e4ngning.<\/strong><br \/>\nSamma l\u00e4ttnader ska g\u00e4lla f\u00f6r Jobb- och utvecklingsgarantin som f\u00f6r a-kassan.<br \/>\nAvskaffa begr\u00e4nsningen vid deltidsarbete.<br \/>\nAnpassa oms\u00e4ttningsst\u00f6d och korttidspermittering<\/p>\n<p><strong>Kulturarbetares oregelbundna och l\u00e5ga inkomster ska inte f\u00f6rhindra st\u00f6d.<\/strong><br \/>\nInf\u00f6r alternativa j\u00e4mf\u00f6relseperioder och s\u00e4nk inkomsttr\u00f6skeln f\u00f6r att fler ska kvalificera sig f\u00f6r st\u00f6d.<br \/>\nValet av bolagsform ska inte hindra individen att n\u00e5s av st\u00f6d\u00e5tg\u00e4rder.<br \/>\nM\u00f6jligg\u00f6r korttidspermittering utan egeninsats f\u00f6r de branscher som i praktiken drabbats av yrkesf\u00f6rbud under pandemin. Exempelvis dansbanden.<\/p>\n<p><strong>Anpassa villkoren f\u00f6r f\u00f6rs\u00f6rjningsst\u00f6d<\/strong><br \/>\nDen som p\u00e5 grund av pandemirestriktioner har f\u00f6rlorat sin m\u00f6jlighet till egen f\u00f6rs\u00f6rjning ska inte beh\u00f6va s\u00e4lja exempelvis bil, hus eller instrument f\u00f6r att komma ifr\u00e5ga f\u00f6r f\u00f6rs\u00f6rjningsst\u00f6d.<br \/>\nF\u00f6rslag f\u00f6r att mildra pandemins effekt p\u00e5 musikbranschen<\/p>\n<p>Inf\u00f6r kontant ers\u00e4ttningsst\u00f6d f\u00f6r inst\u00e4llda eller flyttade spelningar. \u00c4ven vid musikjobb utomlands.<br \/>\nInf\u00f6r kulturl\u00f6n fr\u00e5n staten \u2013 kontant m\u00e5nadsers\u00e4ttning n\u00e4r pandemin f\u00f6rhindrar arbete.<br \/>\nPolitiken m\u00e5ste f\u00f6rst\u00e5 att musiker inte kan f\u00f6rv\u00e4ntas att beg\u00e4ra ers\u00e4ttning av en arrang\u00f6r i kris. P\u00e5 samma s\u00e4tt ska inte en arrang\u00f6r, f\u00f6r att f\u00e5 st\u00f6d, tvingas minska sina kostnader genom att f\u00f6rs\u00f6ka avboka musiker och inte betala n\u00e5got gage.<br \/>\nPolitiken beh\u00f6ver kommunicera med Musikerf\u00f6rbundet innan st\u00f6d lanseras, \u00e4ndras eller tas bort. Detta skulle undanr\u00f6ja m\u00e5nga hinder och s\u00e4kerst\u00e4lla att st\u00f6den n\u00e5r ut snabbare.<br \/>\nP\u00e5 l\u00e4ngre sikt vill Musikerf\u00f6rbundet att politiken \u00f6verv\u00e4ger ytterligare \u00e5tg\u00e4rder:<br \/>\n&#8211; Inr\u00e4tta en livemusikallians som anst\u00e4ller personer som frilansar i den kommersiella livesektorn.<br \/>\n&#8211; Inf\u00f6r en alternativ inkomstf\u00f6rs\u00e4kring s\u00e5 att frilansare kan balansera mellan perioder av mycket och lite jobb.<br \/>\n&#8211; Inf\u00f6r en oavvislig ers\u00e4ttningsr\u00e4tt f\u00f6r att musiker ska f\u00e5 del av streamingint\u00e4kterna varje g\u00e5ng deras musik spelas via digitala plattformar. Detta b\u00f6r ske nu n\u00e4r det nya upphovsr\u00e4ttsdirektivet ska implementeras i svensk lag.<\/p>\n","protected":false},"excerpt":{"rendered":"<p>Nu \u00f6ppnar Sverige igen, men det betyder inte att krisen f\u00f6r kulturarbetare \u00e4r \u00f6ver. Musikerf\u00f6rbundet kr\u00e4ver anpassade st\u00f6d f\u00f6r musikbranschen under \u00e5terstarten. I ett pressmeddelande skriver Musikerf\u00f6rbundet: Det finns fortfarande svagheter och luckor i de st\u00f6dsystem som inf\u00f6rts under pandemin och dessa brister f\u00f6rsvinner inte bara f\u00f6r att man tar bort restriktionerna. Allt f\u00f6r m\u00e5nga [&hellip;]<\/p>\n","protected":false},"author":13,"featured_media":0,"comment_status":"closed","ping_status":"closed","sticky":false,"template":"","format":"standard","meta":{"_genesis_hide_title":false,"_genesis_hide_breadcrumbs":false,"_genesis_hide_singular_image":false,"_genesis_hide_footer_widgets":false,"_genesis_custom_body_class":"","_genesis_custom_post_class":"","_genesis_layout":"","footnotes":""},"categories":[62,20],"tags":[],"class_list":{"0":"post-149762","1":"post","2":"type-post","3":"status-publish","4":"format-standard","6":"category-medie-och-kulturpolitik","7":"category-film","8":"entry"},"_links":{"self":[{"href":"https:\/\/kulturbloggen.com\/index.php?rest_route=\/wp\/v2\/posts\/149762","targetHints":{"allow":["GET"]}}],"collection":[{"href":"https:\/\/kulturbloggen.com\/index.php?rest_route=\/wp\/v2\/posts"}],"about":[{"href":"https:\/\/kulturbloggen.com\/index.php?rest_route=\/wp\/v2\/types\/post"}],"author":[{"embeddable":true,"href":"https:\/\/kulturbloggen.com\/index.php?rest_route=\/wp\/v2\/users\/13"}],"replies":[{"embeddable":true,"href":"https:\/\/kulturbloggen.com\/index.php?rest_route=%2Fwp%2Fv2%2Fcomments&post=149762"}],"version-history":[{"count":4,"href":"https:\/\/kulturbloggen.com\/index.php?rest_route=\/wp\/v2\/posts\/149762\/revisions"}],"predecessor-version":[{"id":149766,"href":"https:\/\/kulturbloggen.com\/index.php?rest_route=\/wp\/v2\/posts\/149762\/revisions\/149766"}],"wp:attachment":[{"href":"https:\/\/kulturbloggen.com\/index.php?rest_route=%2Fwp%2Fv2%2Fmedia&parent=149762"}],"wp:term":[{"taxonomy":"category","embeddable":true,"href":"https:\/\/kulturbloggen.com\/index.php?rest_route=%2Fwp%2Fv2%2Fcategories&post=149762"},{"taxonomy":"post_tag","embeddable":true,"href":"https:\/\/kulturbloggen.com\/index.php?rest_route=%2Fwp%2Fv2%2Ftags&post=149762"}],"curies":[{"name":"wp","href":"https:\/\/api.w.org\/{rel}","templated":true}]}}