{"id":149718,"date":"2022-02-09T12:26:10","date_gmt":"2022-02-09T10:26:10","guid":{"rendered":"https:\/\/kulturbloggen.com\/?p=149718"},"modified":"2022-02-09T12:26:11","modified_gmt":"2022-02-09T10:26:11","slug":"pandemin-ar-over-vad-har-vi-lart-oss-och-vad-bar-vi-med-oss-framgent","status":"publish","type":"post","link":"https:\/\/kulturbloggen.com\/?p=149718","title":{"rendered":"Pandemin \u00e4r \u00f6ver: Vad har vi l\u00e4rt oss och vad b\u00e4r vi med oss framgent?"},"content":{"rendered":"<p><img loading=\"lazy\" decoding=\"async\" class=\"alignnone size-medium wp-image-149720\" src=\"https:\/\/kulturbloggen.com\/wp-content\/uploads\/2022\/02\/Corona_Hemmakontor_fargad-300x171.jpg\" alt=\"\" width=\"300\" height=\"171\" srcset=\"https:\/\/kulturbloggen.com\/wp-content\/uploads\/2022\/02\/Corona_Hemmakontor_fargad-300x171.jpg 300w, https:\/\/kulturbloggen.com\/wp-content\/uploads\/2022\/02\/Corona_Hemmakontor_fargad-332x190.jpg 332w, https:\/\/kulturbloggen.com\/wp-content\/uploads\/2022\/02\/Corona_Hemmakontor_fargad.jpg 650w\" sizes=\"auto, (max-width: 300px) 100vw, 300px\" \/><\/p>\n<p>S\u00e5 nu \u00e4ntligen b\u00f6rjar den drygt tv\u00e5\u00e5riga pandemin g\u00e5 mot sitt slut. Mycket har f\u00f6r\u00e4ndrats i hur vi jobbar, hur vi h\u00e4lsar och bem\u00f6ter varandra, hur vi ser p\u00e5 sjukdom. Att stanna hemma fr\u00e5n jobbet n\u00e4r man \u00e4r sjuk \u00e4r idag j\u00e4mf\u00f6rt med tidigare en sj\u00e4lvklarhet. Fr\u00e5gan \u00e4r vad vi beh\u00e5ller post-covid och vad vi tar med oss fr\u00e5n denna historiska period ur m\u00e4nsklighetens tidevarv.<\/p>\n<p>I rapporten Lifestyle after lockdown lyfter ett g\u00e4ng finska forskare de f\u00f6r\u00e4ndringar som vi m\u00e4nniskor tar med oss efter att covid-19 slutat klassas som samh\u00e4llsfarlig sjukdom. Rapporten \u00e4r fr\u00e5n f\u00f6rra \u00e5ret men f\u00e5 f\u00f6r\u00e4ndringar kan sk\u00f6njas fr\u00e5n november 2021 v\u00e5gar jag p\u00e5st\u00e5. Mycket kan kopplas till klimatf\u00f6r\u00e4ndringarna och hur pandemin blir en generalrepetition inf\u00f6r det stundande hotet.<\/p>\n<p>I rapporten blottl\u00e4ggs hur attityder, beteenden och v\u00e4rderingar f\u00f6r\u00e4ndrats hos inv\u00e5narna i en medelstor finsk stad. Jag lyfter tre punkter ur rapporten.<\/p>\n<p>1.H\u00e4r finns f\u00f6ruts\u00e4ttningar f\u00f6r en \u00f6verg\u00e5ng till ett mer h\u00e5llbart liv b\u00e5de inom arbetsliv och p\u00e5 hemmafront.<\/p>\n<p>Egen analys: Pandemin har visat att vi kan kollektivt anpassa oss i och med en st\u00f6rre f\u00f6r\u00e4ndring. Vanor har brutits vilket ger utrymme f\u00f6r adaption.<\/p>\n<p>2. M\u00e4nniskor h\u00e5ller p\u00e5 att omdefiniera om vad det inneb\u00e4r att ha ett gott liv.<\/p>\n<p>Egen analys: M\u00e5nga stockholmare flyttar fr\u00e5n storstan f\u00f6r att kunna jobba hemifr\u00e5n och samtidigt ha n\u00e4ra koppling till naturen. Det nya s\u00e4tt att arbeta p\u00e5 har gjort det m\u00f6jligt f\u00f6r oss att kunna f\u00e5 mer tid \u00f6ver till fritid.<\/p>\n<p>3. Det finns en tydlig efterfr\u00e5gan p\u00e5 att kunna g\u00f6ra f\u00f6r\u00e4ndringar f\u00f6r ett mer h\u00e5llbart och godare liv.<\/p>\n<p>Enligt rapporten halkar f\u00f6retag efter att kunna anpassa sig till denna efterfr\u00e5gan.<\/p>\n<p>Jag tror det \u00e4r en tidsfr\u00e5ga innan fler f\u00f6retag \u00f6ppnar upp f\u00f6r m\u00f6jligheterna och m\u00f6jligg\u00f6r arbete hemifr\u00e5n och tillgodoser andra \u00f6nskem\u00e5l. Det \u00e4r nu vi kan st\u00e4lla krav p\u00e5 arbetsgivaren f\u00f6r ett godare liv. F\u00f6r efterfr\u00e5gan bara \u00f6kar v\u00e5gar jag p\u00e5st\u00e5.<\/p>\n<p>Efter denna pandemi kommer vi att se p\u00e5 arbetet p\u00e5 ett nytt vis, kanske att vi vill g\u00e5 ner i arbetstid eller ta vissa m\u00f6ten hemifr\u00e5n. P\u00e5 s\u00e5 vis kan vi kombinera utomhusliv, fritid och arbete.<\/p>\n<p>Vi kommer flera av oss sluta att h\u00e4lsa p\u00e5 samma s\u00e4tt som jag gjort tidigare. Vissa kommer \u00e5terg\u00e5 till handskakning, medan vissa kommer att avst\u00e5 vid exempelvis m\u00f6te med fr\u00e4mlingar. Och vi kommer att stanna hemma n\u00e4r vi \u00e4r sjuka. Detta kommer att r\u00e4dda liv.<\/p>\n<p>Vad pandemin har visat \u00e4r hur ben\u00e4gna vi faktiskt \u00e4r som m\u00e4nniskor att kollektivt anpassa oss och ta ansvar i en f\u00f6r\u00e4ndringarnas tid. Detta lyfter forskarna i rapporten som en viktigt slutsats.<\/p>\n<p>Visst har de funnits de som slarvat. Men generellt \u00e4r jag otroligt imponerad \u00f6ver svenska inv\u00e5nares insatser f\u00f6r att underl\u00e4tta f\u00f6r v\u00e5rden och minska p\u00e5 smittspridning.<\/p>\n<p>Jag k\u00e4nner ett visst f\u00f6rsiktigt hopp inf\u00f6r en kommande och p\u00e5g\u00e5ende f\u00f6r\u00e4ndring, en omst\u00e4llning som kommer inneb\u00e4ra stora uppoffringar och anpassningar hos oss m\u00e4nniskor. Politiker verkar inte f\u00f6rst\u00e5 vad en omst\u00e4llning inneb\u00e4r f\u00f6r hela v\u00e5rt samh\u00e4lle ( Det tyder den enasida debatten fr\u00e5n m\u00e5ndags p\u00e5 d\u00e5\u00a0 fr\u00e5gan om k\u00e4rnkraft eller inte var det enda som diskuterades). Men med tiden kommer \u00e4ven de att tvingas haja och greppa hela bilden ( Vi beh\u00f6ver \u00e4ta mindre k\u00f6tt, mindre bil\u00e5kning, mindre flyg och s\u00e5 vidare).<\/p>\n<p>Covid har visat hur vackert och betydelsefullt det \u00e4r att vi kan samarbeta kring ett st\u00f6rre projekt. Den stora utmaningen \u00e4r fortfarande framf\u00f6r oss. Nu g\u00e4ller det att att h\u00e5lla i och h\u00e5lla ut, som Tegnell skulle uttrycka det, i flera \u00e5r fram\u00e5t. Viruset \u00e4r kvar f\u00f6r att stanna men klimatf\u00f6r\u00e4ndringarna kan vi stoppa. Nu g\u00e4ller det att vara modiga och ta l\u00e4rdomar fr\u00e5n denna historiska period som \u00e4ntligen \u00e4r bakom oss. F\u00f6r vi har bara en planet och den ska vi v\u00e4rna om s\u00e5som vi v\u00e4rnar om v\u00e5ra \u00e4ldre.<\/p>\n<p>Petter Stjernstedt<\/p>\n","protected":false},"excerpt":{"rendered":"<p>S\u00e5 nu \u00e4ntligen b\u00f6rjar den drygt tv\u00e5\u00e5riga pandemin g\u00e5 mot sitt slut. Mycket har f\u00f6r\u00e4ndrats i hur vi jobbar, hur vi h\u00e4lsar och bem\u00f6ter varandra, hur vi ser p\u00e5 sjukdom. Att stanna hemma fr\u00e5n jobbet n\u00e4r man \u00e4r sjuk \u00e4r idag j\u00e4mf\u00f6rt med tidigare en sj\u00e4lvklarhet. Fr\u00e5gan \u00e4r vad vi beh\u00e5ller post-covid och vad vi [&hellip;]<\/p>\n","protected":false},"author":40,"featured_media":0,"comment_status":"closed","ping_status":"closed","sticky":false,"template":"","format":"standard","meta":{"_genesis_hide_title":false,"_genesis_hide_breadcrumbs":false,"_genesis_hide_singular_image":false,"_genesis_hide_footer_widgets":false,"_genesis_custom_body_class":"","_genesis_custom_post_class":"","_genesis_layout":"","footnotes":""},"categories":[44],"tags":[],"class_list":{"0":"post-149718","1":"post","2":"type-post","3":"status-publish","4":"format-standard","6":"category-chadie","7":"entry"},"_links":{"self":[{"href":"https:\/\/kulturbloggen.com\/index.php?rest_route=\/wp\/v2\/posts\/149718","targetHints":{"allow":["GET"]}}],"collection":[{"href":"https:\/\/kulturbloggen.com\/index.php?rest_route=\/wp\/v2\/posts"}],"about":[{"href":"https:\/\/kulturbloggen.com\/index.php?rest_route=\/wp\/v2\/types\/post"}],"author":[{"embeddable":true,"href":"https:\/\/kulturbloggen.com\/index.php?rest_route=\/wp\/v2\/users\/40"}],"replies":[{"embeddable":true,"href":"https:\/\/kulturbloggen.com\/index.php?rest_route=%2Fwp%2Fv2%2Fcomments&post=149718"}],"version-history":[{"count":1,"href":"https:\/\/kulturbloggen.com\/index.php?rest_route=\/wp\/v2\/posts\/149718\/revisions"}],"predecessor-version":[{"id":149721,"href":"https:\/\/kulturbloggen.com\/index.php?rest_route=\/wp\/v2\/posts\/149718\/revisions\/149721"}],"wp:attachment":[{"href":"https:\/\/kulturbloggen.com\/index.php?rest_route=%2Fwp%2Fv2%2Fmedia&parent=149718"}],"wp:term":[{"taxonomy":"category","embeddable":true,"href":"https:\/\/kulturbloggen.com\/index.php?rest_route=%2Fwp%2Fv2%2Fcategories&post=149718"},{"taxonomy":"post_tag","embeddable":true,"href":"https:\/\/kulturbloggen.com\/index.php?rest_route=%2Fwp%2Fv2%2Ftags&post=149718"}],"curies":[{"name":"wp","href":"https:\/\/api.w.org\/{rel}","templated":true}]}}