{"id":149016,"date":"2022-01-20T14:55:20","date_gmt":"2022-01-20T12:55:20","guid":{"rendered":"https:\/\/kulturbloggen.com\/?p=149016"},"modified":"2022-01-20T23:20:21","modified_gmt":"2022-01-20T21:20:21","slug":"kronika-kultursektorn-som-regeringen-glomde","status":"publish","type":"post","link":"https:\/\/kulturbloggen.com\/?p=149016","title":{"rendered":"Kr\u00f6nika: Kultursektorn som regeringen gl\u00f6mde"},"content":{"rendered":"<p><img loading=\"lazy\" decoding=\"async\" class=\"alignnone size-medium wp-image-149017\" src=\"https:\/\/kulturbloggen.com\/wp-content\/uploads\/2022\/01\/Tom-teatersalong-e1618324808791-300x169.jpg\" alt=\"\" width=\"300\" height=\"169\" srcset=\"https:\/\/kulturbloggen.com\/wp-content\/uploads\/2022\/01\/Tom-teatersalong-e1618324808791-300x169.jpg 300w, https:\/\/kulturbloggen.com\/wp-content\/uploads\/2022\/01\/Tom-teatersalong-e1618324808791.jpg 650w\" sizes=\"auto, (max-width: 300px) 100vw, 300px\" \/><\/p>\n<p>Kulturarbetarna protesterar. Kulturarbetarna har f\u00e5tt nog. Vill ha mera publik!<\/p>\n<p>Max 500 personer i publiken och en meter mellan s\u00e4llskapen. Det \u00e4r regeringens nya restriktioner f\u00f6r kulturen och sporten f\u00f6r att minimera spridningen av covid.<br \/>\n\u2013 Det kommer inte att g\u00e5. Jag tror att vi dessv\u00e4rre blir tvungna att st\u00e4nga, s\u00e4ger Johan von der Lancken, producent p\u00e5 Oscarsteatern. I en DN-artikel fr\u00e5n idag riktar flera kulturarbetare skarp kritik mot regeringen och Folkh\u00e4lsomyndighetens nya restriktioner. Johan von der Lancken p\u00e5 Oscarsteatern menar att begr\u00e4nsningarna g\u00f6r att verksamheten inte g\u00e5r runt. Sk\u00e5despelarna h\u00e5ller med.<br \/>\n\u2013 Nu f\u00e5r det r\u00e4cka, jag ifr\u00e5gas\u00e4tter verkligen rimligheten i de h\u00e4r restriktionerna, s\u00e4ger sk\u00e5despelaren Sara Sommerfeld till DN.<\/p>\n<p>Kritiken mot restriktionerna v\u00e4xer. Och jag kan f\u00f6rst\u00e5 varf\u00f6r. Att teatrar, operor och biografer f\u00e5tt ta mycket stryk i och med Coronavirusets framfart r\u00e5der det inga tvivel om och regeringens senaste beslut blottl\u00e4gger tydligt hur missgynnad sektorn blivit.<\/p>\n<p>Logiken att st\u00e4nga ned restauranger och teatrar men inte varuhus d\u00e4r det befinner sig betydlig fler personer i omlopp \u00e4r sv\u00e5rbegriplig. Och nu n\u00e4r omg\u00e5ng fyra av Corona-matchen har tagit sin b\u00f6rjan menar flera oberoende experter att restriktionerna f\u00f6r sektorn \u00e4r tandl\u00f6sa. Den nya mutationen av Covid-19 Omikron sprider sig som en l\u00f6peld \u00f6ver samh\u00e4llet. F\u00f6r varje dag sl\u00e5s nya smittorekord i Sverige. I podcasten Sportstudio s\u00e5gar tidigare statsepidemiolog Johan Giesecke regeringens covidsteategi och s\u00e4ger: &#8221; Jag lever som vanligt&#8221;. Han menar att Omikron \u00e4r s\u00e5 pass smittsam att restriktioner inte hj\u00e4lper f\u00f6r att begr\u00e4nsa dess spridning. Farshid Jalalvand, forskare i klinisk mikrobiologi vid Lunds universitet, s\u00e4ger i en intervju med P4 Malm\u00f6hus att restriktionerna kanske inte hinner ge \u00f6nskad effekt innan alla \u00e4r smittade.<\/p>\n<p>Hur behandlas d\u00e5 kulturen av regeringen? N\u00e4r politikerna meddelade att publiktak \u00e5terinf\u00f6rs och detta om fyra dagar chockades en bransch som redan bl\u00f6der inv\u00e4rtes. Fyra dagar allts\u00e5! F\u00f6r verksamheter som Dramaten och Riksteatern beh\u00f6vs betydligt mer tid \u00e4n s\u00e5 f\u00f6r att hinna st\u00e4lla om. Att g\u00f6ra s\u00e5dana anpassningar kr\u00e4ver b\u00e5de planering och tid. Detta s\u00e4ger allt om hur of\u00f6rst\u00e5ende regeringen varit inf\u00f6r en bransch som bl\u00f6der. \u00c4r det inte kulturens tur nu att f\u00e5 andningsrum?<\/p>\n<p>M\u00e5nga \u00e4r de kulturarbetare som valt att l\u00e4mna branschen f\u00f6r en annan och s\u00e5 att s\u00e4ga byt fiolen mot stetoskop och spruta. Inga st\u00f6dpengar i v\u00e4rlden kan \u00e4ndra p\u00e5 en k\u00e4nsla, ett sinande hopp.<\/p>\n<p>Jag hoppas innerligt att regeringen har en tanke framgent. F\u00f6r det kr\u00e4vs en genomt\u00e4nkt exitplan f\u00f6r att r\u00e4dda ett sjunkande skepp och f\u00e5 hoppets ljus att brinna \u00e5ter.<\/p>\n<p>Petter Stjernstedt<\/p>\n","protected":false},"excerpt":{"rendered":"<p>Kulturarbetarna protesterar. Kulturarbetarna har f\u00e5tt nog. Vill ha mera publik! Max 500 personer i publiken och en meter mellan s\u00e4llskapen. Det \u00e4r regeringens nya restriktioner f\u00f6r kulturen och sporten f\u00f6r att minimera spridningen av covid. \u2013 Det kommer inte att g\u00e5. Jag tror att vi dessv\u00e4rre blir tvungna att st\u00e4nga, s\u00e4ger Johan von der Lancken, [&hellip;]<\/p>\n","protected":false},"author":40,"featured_media":149018,"comment_status":"closed","ping_status":"closed","sticky":false,"template":"","format":"standard","meta":{"_genesis_hide_title":false,"_genesis_hide_breadcrumbs":false,"_genesis_hide_singular_image":false,"_genesis_hide_footer_widgets":false,"_genesis_custom_body_class":"","_genesis_custom_post_class":"","_genesis_layout":"","footnotes":""},"categories":[44,62],"tags":[],"class_list":{"0":"post-149016","1":"post","2":"type-post","3":"status-publish","4":"format-standard","5":"has-post-thumbnail","7":"category-chadie","8":"category-medie-och-kulturpolitik","9":"entry"},"_links":{"self":[{"href":"https:\/\/kulturbloggen.com\/index.php?rest_route=\/wp\/v2\/posts\/149016","targetHints":{"allow":["GET"]}}],"collection":[{"href":"https:\/\/kulturbloggen.com\/index.php?rest_route=\/wp\/v2\/posts"}],"about":[{"href":"https:\/\/kulturbloggen.com\/index.php?rest_route=\/wp\/v2\/types\/post"}],"author":[{"embeddable":true,"href":"https:\/\/kulturbloggen.com\/index.php?rest_route=\/wp\/v2\/users\/40"}],"replies":[{"embeddable":true,"href":"https:\/\/kulturbloggen.com\/index.php?rest_route=%2Fwp%2Fv2%2Fcomments&post=149016"}],"version-history":[{"count":7,"href":"https:\/\/kulturbloggen.com\/index.php?rest_route=\/wp\/v2\/posts\/149016\/revisions"}],"predecessor-version":[{"id":149058,"href":"https:\/\/kulturbloggen.com\/index.php?rest_route=\/wp\/v2\/posts\/149016\/revisions\/149058"}],"wp:featuredmedia":[{"embeddable":true,"href":"https:\/\/kulturbloggen.com\/index.php?rest_route=\/wp\/v2\/media\/149018"}],"wp:attachment":[{"href":"https:\/\/kulturbloggen.com\/index.php?rest_route=%2Fwp%2Fv2%2Fmedia&parent=149016"}],"wp:term":[{"taxonomy":"category","embeddable":true,"href":"https:\/\/kulturbloggen.com\/index.php?rest_route=%2Fwp%2Fv2%2Fcategories&post=149016"},{"taxonomy":"post_tag","embeddable":true,"href":"https:\/\/kulturbloggen.com\/index.php?rest_route=%2Fwp%2Fv2%2Ftags&post=149016"}],"curies":[{"name":"wp","href":"https:\/\/api.w.org\/{rel}","templated":true}]}}