{"id":1490,"date":"2008-09-08T16:55:28","date_gmt":"2008-09-08T16:55:28","guid":{"rendered":"http:\/\/kulturbloggen.com\/?p=1490"},"modified":"2008-09-08T16:55:28","modified_gmt":"2008-09-08T16:55:28","slug":"bloggen-baghdad-burning-blir-teaterpjas-pa-sodra-teatern","status":"publish","type":"post","link":"https:\/\/kulturbloggen.com\/?p=1490","title":{"rendered":"Bloggen &quot;Baghdad burning&quot; blir teaterpj\u00e4s p\u00e5 S\u00f6dra Teatern"},"content":{"rendered":"<p><a href='http:\/\/sodergren.com\/kulturbloggen\/wp-content\/uploads\/2008\/09\/bahgdadburning260.jpg'><img loading=\"lazy\" decoding=\"async\" src=\"http:\/\/sodergren.com\/kulturbloggen\/wp-content\/uploads\/2008\/09\/bahgdadburning260.jpg\" alt=\"\" title=\"bahgdadburning260\" width=\"260\" height=\"150\" class=\"alignright size-full wp-image-1489\" \/><\/a><em>Bloggen &#8221;Baghdad burning&#8221; blir teaterpj\u00e4s p\u00e5 S\u00f6dra Teatern i Stockholm. Baghdad burning var en av de f\u00f6rsta bloggarna som slog igenom internationellt.<\/p>\n<p>Bloggaren, en 24-\u00e5rig tjej Riverbend, bloggade om sig sj\u00e4lv och sin familj och sina v\u00e4nner och vardagslivet i krigszonen Bagdad, om religi\u00f6st och politiskt f\u00f6rtryck.<\/p>\n<p><a href=\"http:\/\/www.dn.se\/DNet\/jsp\/polopoly.jsp?d=2374&#038;a=825680\">DN ber\u00e4ttar<\/a>:<\/p>\n<blockquote><p>Det \u00e4r Marie Persson Hedenius som dramatiserat bloggen. Medverkar g\u00f6r sk\u00e5despelaren Aminah Al Fakir Bergman, journalisten Tona Ishaq och Nidhal Fares, tidigare sk\u00e5despelare p\u00e5 Nationalteatern i Bagdad.<\/p>\n<p>Premi\u00e4r p\u00e5 S\u00f6dra teatern den 8 oktober.<\/p><\/blockquote>\n<p><a href=\"http:\/\/riverbendblog.blogspot.com\/\">Bloggen uppdateras tyv\u00e4rr inte l\u00e4ngre<\/a>. <a href=\"http:\/\/www.amazon.com\/Baghdad-Burning-Girl-Blog-Iraq\/dp\/1558614893\">Den blev en bok ocks\u00e5.<\/a><\/p>\n<p>Andra bloggar om: <a href=\"http:\/\/bloggar.se\/om\/teater\" rel=\"tag\">teater<\/a>, <a href=\"http:\/\/bloggar.se\/om\/S%F6dra+Teatern\" rel=\"tag\">S\u00f6dra Teatern<\/a>, <a href=\"http:\/\/bloggar.se\/om\/Riksteatern\" rel=\"tag\">Riksteatern<\/a>, <a href=\"http:\/\/bloggar.se\/om\/Baghdad+burning\" rel=\"tag\">Baghdad burning<\/a>, <a href=\"http:\/\/bloggar.se\/om\/Riverbend\" rel=\"tag\">Riverbend<\/a>, <a href=\"http:\/\/bloggar.se\/om\/Irak\" rel=\"tag\">Irak<\/a>, <a href=\"http:\/\/bloggar.se\/om\/Irak-kriget\" rel=\"tag\">Irak-kriget<\/a><\/p>\n","protected":false},"excerpt":{"rendered":"<p>Bloggen &#8221;Baghdad burning&#8221; blir teaterpj\u00e4s p\u00e5 S\u00f6dra Teatern i Stockholm. Baghdad burning var en av de f\u00f6rsta bloggarna som slog igenom internationellt. Bloggaren, en 24-\u00e5rig tjej Riverbend, bloggade om sig sj\u00e4lv och sin familj och sina v\u00e4nner och vardagslivet i krigszonen Bagdad, om religi\u00f6st och politiskt f\u00f6rtryck. DN ber\u00e4ttar: Det \u00e4r Marie Persson Hedenius som [&hellip;]<\/p>\n","protected":false},"author":2,"featured_media":0,"comment_status":"open","ping_status":"open","sticky":false,"template":"","format":"standard","meta":{"_genesis_hide_title":false,"_genesis_hide_breadcrumbs":false,"_genesis_hide_singular_image":false,"_genesis_hide_footer_widgets":false,"_genesis_custom_body_class":"","_genesis_custom_post_class":"","_genesis_layout":"","footnotes":""},"categories":[30],"tags":[12288],"class_list":{"0":"post-1490","1":"post","2":"type-post","3":"status-publish","4":"format-standard","6":"category-teater","7":"tag-teater","8":"entry"},"_links":{"self":[{"href":"https:\/\/kulturbloggen.com\/index.php?rest_route=\/wp\/v2\/posts\/1490","targetHints":{"allow":["GET"]}}],"collection":[{"href":"https:\/\/kulturbloggen.com\/index.php?rest_route=\/wp\/v2\/posts"}],"about":[{"href":"https:\/\/kulturbloggen.com\/index.php?rest_route=\/wp\/v2\/types\/post"}],"author":[{"embeddable":true,"href":"https:\/\/kulturbloggen.com\/index.php?rest_route=\/wp\/v2\/users\/2"}],"replies":[{"embeddable":true,"href":"https:\/\/kulturbloggen.com\/index.php?rest_route=%2Fwp%2Fv2%2Fcomments&post=1490"}],"version-history":[{"count":0,"href":"https:\/\/kulturbloggen.com\/index.php?rest_route=\/wp\/v2\/posts\/1490\/revisions"}],"wp:attachment":[{"href":"https:\/\/kulturbloggen.com\/index.php?rest_route=%2Fwp%2Fv2%2Fmedia&parent=1490"}],"wp:term":[{"taxonomy":"category","embeddable":true,"href":"https:\/\/kulturbloggen.com\/index.php?rest_route=%2Fwp%2Fv2%2Fcategories&post=1490"},{"taxonomy":"post_tag","embeddable":true,"href":"https:\/\/kulturbloggen.com\/index.php?rest_route=%2Fwp%2Fv2%2Ftags&post=1490"}],"curies":[{"name":"wp","href":"https:\/\/api.w.org\/{rel}","templated":true}]}}