{"id":14889,"date":"2009-11-12T15:15:35","date_gmt":"2009-11-12T14:15:35","guid":{"rendered":"http:\/\/kulturbloggen.com\/?p=14889"},"modified":"2012-03-14T20:40:49","modified_gmt":"2012-03-14T19:40:49","slug":"kattkorgen-med-bland-de-nominerade-till-dax-bloggpriset","status":"publish","type":"post","link":"https:\/\/kulturbloggen.com\/?p=14889","title":{"rendered":"Kattkorgen med bland de nominerade till DAX-bloggpriset"},"content":{"rendered":"<p>Vem \u00e4r Sveriges b\u00e4sta vuxna bloggare? F\u00f6r visst \u00e4r det s\u00e5 att det \u00e4r f\u00f6rst som en person fyllt 50 som han\/hon b\u00f6rjar bli vuxen?<br \/>\nDAX \u00e4r en community f\u00f6r alla som fyllt 50 \u00e5r &#8211; d\u00e5 \u00e4r det liksom dags att g\u00f6ra allt det man vill av livet.<\/p>\n<p>DAX delar ut ett bloggpris och nu \u00e4r nomineringarna klara.<br \/>\nJonas som skriver h\u00e4r p\u00e5 Kulturbloggen har en egen blogg, <a href=\"http:\/\/kattk.org\/\">Kattkorgen<\/a>. Den \u00e4r nominerad i DAX-bloggpriset.<\/p>\n<p>Det finns fem kategorier:<br \/>\nPERSONLIGT<br \/>\nDAXBLOGGARE<br \/>\nPOLITIK &amp; SAMH\u00c4LLE<br \/>\nKULTUR &amp; FRITID<br \/>\n\u00d6VRIGT<\/p>\n<p>DAXbloggare \u00e4r de som bloggar p\u00e5 DAX bloggportal.<br \/>\nKattkorgen \u00e4r nominerad i \u00d6vrigt-kategorin.<\/p>\n<p>Tv\u00e5 av mina favoritbloggar inom politik\/samh\u00e4lle \u00e4r b\u00e5da nominerade i Politik &amp; Samh\u00e4lle: <a href=\"http:\/\/farmorgun.blogspot.com\/\">Farmorgun i Norrt\u00e4lje<\/a> och <a href=\"http:\/\/minamoderatakarameller.blogspot.com\/\">Mina moderata karameller<\/a> (som jag gillar trots att jag inte har samma politiska inst\u00e4llning.)<br \/>\nDet \u00e4r en tuff kategori med h\u00e5rd konkurrens med k\u00e4nda politiker som <a title=\"Opens external link in new window\" href=\"http:\/\/blogg.schyman.se\/\" target=\"_blank\">Gudrun Schymans blogg<\/a> och <a title=\"Opens external link in new window\" href=\"http:\/\/schlaug.blogspot.com\/\" target=\"_blank\">Schlaug.se<\/a>.<\/p>\n<p><a title=\"Opens external link in new window\" href=\"http:\/\/jinge.se\/\" target=\"_blank\">Jinges webb och fotoblogg<\/a> som \u00e4r nominerad i samma klass har m\u00e5nga bes\u00f6kare. Det blir nog en j\u00e4mn kamp i den gruppen.<\/p>\n<p>I Kultur &amp; Fritid hittar jag Bodil Malmstens blogg Finistere. <a title=\"Opens external link in new window\" href=\"http:\/\/www.finistere.se\/\" target=\"_blank\">Finist\u00e8re<\/a><\/p>\n<p><a href=\"http:\/\/www.dax.se\/index.php?id=6877\">H\u00e4r kan du r\u00f6sta.<\/a><br \/>\nDu kan r\u00f6sta i en eller flera kategorier.<br \/>\nDu kan r\u00f6sta p\u00e5 en blogg per katergori.<br \/>\nDu kan r\u00f6sta en g\u00e5ng per dygn (OBS det m\u00e5ste g\u00e5 24 timmar mellan varje tillf\u00e4lle!)<\/p>\n<p>Relaterat:<br \/>\n<a href=\"http:\/\/farmorgun.blogspot.com\/2009\/11\/glad-och-smatt-generad.html\">Farmorgun i Norrt\u00e4lje har bloggat om sin nominering.<\/a><\/p>\n<p>L\u00e4s \u00e4ven andra bloggares \u00e5sikter om <a href=\"http:\/\/bloggar.se\/om\/bloggpris\" rel=\"tag\">bloggpris<\/a>, <a href=\"http:\/\/bloggar.se\/om\/Kattkorgen\" rel=\"tag\">Kattkorgen<\/a><\/p>\n","protected":false},"excerpt":{"rendered":"<p>Vem \u00e4r Sveriges b\u00e4sta vuxna bloggare? F\u00f6r visst \u00e4r det s\u00e5 att det \u00e4r f\u00f6rst som en person fyllt 50 som han\/hon b\u00f6rjar bli vuxen? DAX \u00e4r en community f\u00f6r alla som fyllt 50 \u00e5r &#8211; d\u00e5 \u00e4r det liksom dags att g\u00f6ra allt det man vill av livet. DAX delar ut ett bloggpris och [&hellip;]<\/p>\n","protected":false},"author":13,"featured_media":0,"comment_status":"open","ping_status":"open","sticky":false,"template":"","format":"standard","meta":{"_genesis_hide_title":false,"_genesis_hide_breadcrumbs":false,"_genesis_hide_singular_image":false,"_genesis_hide_footer_widgets":false,"_genesis_custom_body_class":"","_genesis_custom_post_class":"","_genesis_layout":"","footnotes":""},"categories":[20],"tags":[737],"class_list":{"0":"post-14889","1":"post","2":"type-post","3":"status-publish","4":"format-standard","6":"category-film","7":"tag-bloggpris","8":"entry"},"_links":{"self":[{"href":"https:\/\/kulturbloggen.com\/index.php?rest_route=\/wp\/v2\/posts\/14889","targetHints":{"allow":["GET"]}}],"collection":[{"href":"https:\/\/kulturbloggen.com\/index.php?rest_route=\/wp\/v2\/posts"}],"about":[{"href":"https:\/\/kulturbloggen.com\/index.php?rest_route=\/wp\/v2\/types\/post"}],"author":[{"embeddable":true,"href":"https:\/\/kulturbloggen.com\/index.php?rest_route=\/wp\/v2\/users\/13"}],"replies":[{"embeddable":true,"href":"https:\/\/kulturbloggen.com\/index.php?rest_route=%2Fwp%2Fv2%2Fcomments&post=14889"}],"version-history":[{"count":1,"href":"https:\/\/kulturbloggen.com\/index.php?rest_route=\/wp\/v2\/posts\/14889\/revisions"}],"predecessor-version":[{"id":50880,"href":"https:\/\/kulturbloggen.com\/index.php?rest_route=\/wp\/v2\/posts\/14889\/revisions\/50880"}],"wp:attachment":[{"href":"https:\/\/kulturbloggen.com\/index.php?rest_route=%2Fwp%2Fv2%2Fmedia&parent=14889"}],"wp:term":[{"taxonomy":"category","embeddable":true,"href":"https:\/\/kulturbloggen.com\/index.php?rest_route=%2Fwp%2Fv2%2Fcategories&post=14889"},{"taxonomy":"post_tag","embeddable":true,"href":"https:\/\/kulturbloggen.com\/index.php?rest_route=%2Fwp%2Fv2%2Ftags&post=14889"}],"curies":[{"name":"wp","href":"https:\/\/api.w.org\/{rel}","templated":true}]}}