{"id":148824,"date":"2022-01-14T15:20:51","date_gmt":"2022-01-14T13:20:51","guid":{"rendered":"https:\/\/kulturbloggen.com\/?p=148824"},"modified":"2022-01-14T15:28:30","modified_gmt":"2022-01-14T13:28:30","slug":"lyssna-eric-palmqwist-1994","status":"publish","type":"post","link":"https:\/\/kulturbloggen.com\/?p=148824","title":{"rendered":"Lyssna: Eric Palmqwist \u2013 1994"},"content":{"rendered":"<p><img loading=\"lazy\" decoding=\"async\" class=\"aligncenter size-full wp-image-148829\" src=\"https:\/\/kulturbloggen.com\/wp-content\/uploads\/2022\/01\/unnamed-4-2.jpg\" alt=\"\" width=\"650\" height=\"650\" srcset=\"https:\/\/kulturbloggen.com\/wp-content\/uploads\/2022\/01\/unnamed-4-2.jpg 650w, https:\/\/kulturbloggen.com\/wp-content\/uploads\/2022\/01\/unnamed-4-2-300x300.jpg 300w, https:\/\/kulturbloggen.com\/wp-content\/uploads\/2022\/01\/unnamed-4-2-150x150.jpg 150w\" sizes=\"auto, (max-width: 650px) 100vw, 650px\" \/><\/p>\n<p>Eric Palmqwist har sl\u00e4ppt singeln 1994.<\/p>\n<p>Ett pressmail ber\u00e4ttar:<br \/>\nMed tv\u00e5 hyllade soloskivor i bagaget, \u201dEn halv gris kan inte g\u00e5\u201d och \u201dHej d\u00e5\u201d, har Eric Palmqwist etablerat sig s\u00e5v\u00e4l som l\u00e5tskrivare och artist p\u00e5 det svenska spr\u00e5ket, efter m\u00e5nga \u00e5r med det engelska som huvud\u00e4mne. Den 7 Januari sl\u00e4pps singeln &#8221;1994&#8221;, den tredje h\u00e4mtad fr\u00e5n ett kommande studioalbum som, likt singeln, \u00e4r producerat av en av Sveriges mer prominenta producenter \u2013 Andreas Mattsson (Popsicle, med flera).<\/p>\n<p>Det omsusade \u00e5ret 1994. Vi hade tagit oss igenom en finanskris, tagit VM-brons och uppt\u00e4ckt en massa ny gitarrpop fr\u00e5n England. Hur var ditt 1994?<\/p>\n<p>Jag minns speciellt den sommaren som en av de b\u00e4sta i mitt liv.<br \/>\nDet var v\u00e4ldigt varmt och jag och mina v\u00e4nner h\u00e4ngde runt i Visbynatten.<br \/>\nVi lyssnade p\u00e5 Parklife med Blur och Supersonic med Oasis.<br \/>\nEn natt stal vi en trampb\u00e5t fr\u00e5n ett vattenland som vi f\u00f6rs\u00f6kte anv\u00e4nda som f\u00e4rdmedel men den kapsejsade halvv\u00e4gs.<br \/>\nN\u00e4r jag t\u00e4nker p\u00e5 det \u00e5ret s\u00e5 k\u00e4nns det som att Sverige andades framtidstro och att allt k\u00e4ndes nytt och m\u00f6jligt.<br \/>\nSamtidigt blev det allt mer tydligt att n\u00e5got var v\u00e4ldigt fel med mig, ett ogripbart m\u00f6rker som gjorde mig r\u00e4dd som fan.<\/p>\n<p>Vad handlar 1994 om?<br \/>\nL\u00e5ten \u00e4r en tillbakablick p\u00e5 livet och att det g\u00e5r j\u00e4vligt fort fast\u00e4n man ej tror det n\u00e4r man \u00e4r typ 20.<br \/>\nDet \u00e4r en l\u00e5t om popstj\u00e4rnedr\u00f6mmar, psykisk oh\u00e4lsa, att missa sin tid och vilja ta igen den.<\/p>\n<p>Hur och vart skrevs den?<br \/>\nDen \u00e4r skriven p\u00e5 Gotland i mitt sommarhus dit jag ofta \u00e5ker n\u00e4r jag ska skriva l\u00e5tar till mig sj\u00e4lv.<br \/>\nJag g\u00f6r n\u00e4stan alltid musik p\u00e5 gitarr men p\u00e5 den h\u00e4r och hela nya skivan \u201dV\u00e4rmen\u201d har jag skrivit p\u00e5 piano ist\u00e4llet. Lite som en dogm, n\u00e4r man inte beh\u00e4rskar ett instrument s\u00e5 bra kan man lura sin fantasi.<br \/>\nP\u00e5 demon jag spelade in finns bara ett piano, s\u00e5ng och ljudet av elden fr\u00e5n en braskamin<br \/>\nmen p\u00e5 Andreas Mattssons slutgiltiga produktion har 1994 f\u00e5tt en mycket fin popkostym.<\/p>\n<p>\u201d1994\u201d \u00e4r den tredje singeln fr\u00e5n Eric Palmqwists tredje soloskiva &#8221;V\u00e4rmen&#8221; som utkommer 24\/2.<\/p>\n<p><iframe loading=\"lazy\" src=\"https:\/\/open.spotify.com\/embed\/album\/6JovCVqZ3D7kC922aYgapI\" width=\"300\" height=\"380\" frameborder=\"0\"><\/iframe><\/p>\n","protected":false},"excerpt":{"rendered":"<p>Eric Palmqwist har sl\u00e4ppt singeln 1994. Ett pressmail ber\u00e4ttar: Med tv\u00e5 hyllade soloskivor i bagaget, \u201dEn halv gris kan inte g\u00e5\u201d och \u201dHej d\u00e5\u201d, har Eric Palmqwist etablerat sig s\u00e5v\u00e4l som l\u00e5tskrivare och artist p\u00e5 det svenska spr\u00e5ket, efter m\u00e5nga \u00e5r med det engelska som huvud\u00e4mne. Den 7 Januari sl\u00e4pps singeln &#8221;1994&#8221;, den tredje h\u00e4mtad [&hellip;]<\/p>\n","protected":false},"author":13,"featured_media":0,"comment_status":"closed","ping_status":"closed","sticky":false,"template":"","format":"standard","meta":{"_genesis_hide_title":false,"_genesis_hide_breadcrumbs":false,"_genesis_hide_singular_image":false,"_genesis_hide_footer_widgets":false,"_genesis_custom_body_class":"","_genesis_custom_post_class":"","_genesis_layout":"","footnotes":""},"categories":[7],"tags":[],"class_list":{"0":"post-148824","1":"post","2":"type-post","3":"status-publish","4":"format-standard","6":"category-musik","7":"entry"},"_links":{"self":[{"href":"https:\/\/kulturbloggen.com\/index.php?rest_route=\/wp\/v2\/posts\/148824","targetHints":{"allow":["GET"]}}],"collection":[{"href":"https:\/\/kulturbloggen.com\/index.php?rest_route=\/wp\/v2\/posts"}],"about":[{"href":"https:\/\/kulturbloggen.com\/index.php?rest_route=\/wp\/v2\/types\/post"}],"author":[{"embeddable":true,"href":"https:\/\/kulturbloggen.com\/index.php?rest_route=\/wp\/v2\/users\/13"}],"replies":[{"embeddable":true,"href":"https:\/\/kulturbloggen.com\/index.php?rest_route=%2Fwp%2Fv2%2Fcomments&post=148824"}],"version-history":[{"count":6,"href":"https:\/\/kulturbloggen.com\/index.php?rest_route=\/wp\/v2\/posts\/148824\/revisions"}],"predecessor-version":[{"id":148852,"href":"https:\/\/kulturbloggen.com\/index.php?rest_route=\/wp\/v2\/posts\/148824\/revisions\/148852"}],"wp:attachment":[{"href":"https:\/\/kulturbloggen.com\/index.php?rest_route=%2Fwp%2Fv2%2Fmedia&parent=148824"}],"wp:term":[{"taxonomy":"category","embeddable":true,"href":"https:\/\/kulturbloggen.com\/index.php?rest_route=%2Fwp%2Fv2%2Fcategories&post=148824"},{"taxonomy":"post_tag","embeddable":true,"href":"https:\/\/kulturbloggen.com\/index.php?rest_route=%2Fwp%2Fv2%2Ftags&post=148824"}],"curies":[{"name":"wp","href":"https:\/\/api.w.org\/{rel}","templated":true}]}}