{"id":148636,"date":"2022-01-11T12:19:03","date_gmt":"2022-01-11T10:19:03","guid":{"rendered":"https:\/\/kulturbloggen.com\/?p=148636"},"modified":"2022-01-11T12:19:05","modified_gmt":"2022-01-11T10:19:05","slug":"den-rumanska-kulturens-dag-firas-med-musik-och-diktning","status":"publish","type":"post","link":"https:\/\/kulturbloggen.com\/?p=148636","title":{"rendered":"Den rum\u00e4nska kulturens dag firas med musik och diktning"},"content":{"rendered":"<p><img loading=\"lazy\" decoding=\"async\" class=\"aligncenter size-full wp-image-148641\" src=\"https:\/\/kulturbloggen.com\/wp-content\/uploads\/2022\/01\/unnamed-9.jpg\" alt=\"\" width=\"650\" height=\"366\" srcset=\"https:\/\/kulturbloggen.com\/wp-content\/uploads\/2022\/01\/unnamed-9.jpg 650w, https:\/\/kulturbloggen.com\/wp-content\/uploads\/2022\/01\/unnamed-9-300x169.jpg 300w\" sizes=\"auto, (max-width: 650px) 100vw, 650px\" \/><\/p>\n<p>Rum\u00e4nska kulturinstitutet i samarbete med Rum\u00e4nska ambassaden firar den nationella kulturdagen fredagen, den 14 januari,, med musik och diktning. Kv\u00e4llens g\u00e4ster \u00e4r cellisten Magnus Lanning och sk\u00e5despelarna med rum\u00e4nskt ursprung Lucian Muscurel och Luiza St\u0103nescu.<br \/>\nEtt pressmeddelande ber\u00e4ttar:<br \/>\nLucian Muscurel och Luiza St\u0103nescu kommer att l\u00e4sa upp p\u00e5 svenska utdrag ur klassiska rum\u00e4nska poeter som Mihai Eminescu, George Bacovia, Lucian Blaga, Tudor Arghezi, Eugen Ionescu, Marin Sorescu, Ileana M\u0103l\u0103ncioiu, Gabriela Melinescu, Ana Blandiana, Nichita St\u0103nescu. Dikterna \u00f6versattes till svenska av Inger Johansson, Jan Milos, Dan Shafran, Soren Johanson och Gabriela Melinescu. Diktuppl\u00e4sningarna sammanfl\u00e4tas med cellisten Magnus Lannings musikframf\u00f6rande. Musikprogram inneh\u00e5ller Sarabande ur tredje sviten f\u00f6r solocello av J.S. Bach, Passacaglia ur Sonata Bizantina av P. Constantinescu, Sarabande ur femte sviten f\u00f6r solocello av J.S. Bach, Fantasia sopra Laudi per violoncello solo av I. Lidholm, Ur Lamentatio av G. Sollima, Canzona ur f\u00f6rsta sviten f\u00f6r solocello av E. Bloch. \u201dJag har valt att spela stycken som \u00e4r t\u00e4nkta att spelas av en ensam cello. Ibland hela stycken, ibland en sats ur, och ibland fragment av st\u00f6rre verk. Att ha en rum\u00e4nsk poesiafton med cello utan att spela n\u00e5got ur Paul Constantinescus \u201dSonata Bizantina\u201d var i det h\u00e4r sammanhanget ot\u00e4nkbart. Tidl\u00f6s musik som nuddar evigheten med r\u00f6tter i kyrkomusik fr\u00e5n det gamla Bysantinska riket\u201d, s\u00e4ger cellisten Magnus Lanning.<\/p>\n<p>Den rum\u00e4nska kulturens dag h\u00f6gtidligh\u00e5ller nationalskalden Mihai Eminescus f\u00f6delsedag och har firats sedan 2011.<\/p>\n<p>Cellisten Magnus Lanning spelar sedan 2008 i Sveriges Radios Symfoniorkester. Han \u00e4r \u00e5terkommande solocellist i Dalasinfoniettan och Stockholmsensemblen och var tidigare alternerande st\u00e4mledare i Norrk\u00f6pings Symfoniorkester och solocellist i kammarorkestern Camerata Nordica. Sina orkesterengagemang varvar han med olika uppdrag som kammarmusiker och solist, bland annat som solist i rum\u00e4nsk tv med Anton\u00edn Dvo\u0159\u00e1ks Cellokonsert h-moll med Moldova Philharmonic Orchestra fr\u00e5n Ia\u0219i i Rum\u00e4nien. Magnus b\u00f6rjade spela cello som \u00e5tta\u00e5ring. Han studerade f\u00f6r Gunnar Norrby 1981\u201383 och f\u00f6r Thorleif Thed\u00e9en 1983\u201384 och b\u00f6rjade d\u00e4refter p\u00e5 musikerlinjen p\u00e5 Kungliga Musikh\u00f6gskolan. 1990 tog han solistdiplom f\u00f6r Ola Karlsson och debuterade med Robert Schumanns Cellokonsert a-moll med Sveriges Radios Symfoniorkester.<\/p>\n<p>Lucian Muscurel, sk\u00e5despelare, regiss\u00f6r ochprofessor i dramatik flyttade till Sverigetillsammans med sk\u00e5despelerskan Liliana Tomescu \u00e5r 1980. \u00c5r 1984 blev han medlem i Teaterf\u00f6rbundet. Som regiss\u00f6r satte han upp pj\u00e4ser av D\u00fcrrenmatt, Cehov, Albee, Ionescu, Strindberg och Camus. Sk\u00e5despelaren Lucian Muscurel var med i k\u00e4nda svenska dramaserier som &#8221;Goltuppen&#8221; (1991), &#8221;Till v\u00e5ra v\u00e4nner&#8221; (1993), &#8221;Rederiet&#8221; (1993), &#8221;Beck \u2013 Pensionat P\u00e4rlan &#8221;(1997)<\/p>\n<p>Luiza Stanescu \u00e4r utbildad vid Teaterh\u00f6gskolan i Craiova, Rum\u00e4nien, s\u00e5v\u00e4l som vid Teaterh\u00f6gskolan i Malm\u00f6 (2011-2013). Hon har bott i Sverige i 10 \u00e5r och under tiden har honmedverkat i upps\u00e4ttningar vid Teater Foratt, MOOMS Teater, Teater Jalada,\u00d6stg\u00f6tateatern, ung scen\/\u00f6stoch varit med i tv-serier som Wallander, Heder. \u00c5r 2014 var Luiza projektledare, f\u00f6rfattare och regiss\u00f6r f\u00f6r My Story Romania, en teaterf\u00f6rest\u00e4llning i samarbete med World Vision Romania, som kretsade kring barnens liv i Rum\u00e4nien. Hon var nyligen med i f\u00f6rest\u00e4llningen Idomene0s som sattes upp p\u00e5 Folkoperan i Stockholm och fick mycket goda recensioner.<\/p>\n<p>Publiken kan vid detta tillf\u00e4lle bes\u00f6ka Ligia Podorean-Ekstr\u00f6ms retrospektiva utst\u00e4llning \u201cSpirituality in Watercolour\u201d som kommer att vara \u00f6ppen fram till den 20 januari 2022.<\/p>\n<p><strong>F\u00f6r att minska risken f\u00f6r smittspridning \u00e4r anv\u00e4ndning av munskydd obligatoriskt! RKIS tillhandah\u00e5ller ansiktsmasker och desinfektionsmedel f\u00f6r alla deltagare och till\u00e4mpar sociala distans\u00e5tg\u00e4rder. Bes\u00f6kare uppmanas stanna hemma vid f\u00f6rkylningssymptom.<\/strong><\/p>\n","protected":false},"excerpt":{"rendered":"<p>Rum\u00e4nska kulturinstitutet i samarbete med Rum\u00e4nska ambassaden firar den nationella kulturdagen fredagen, den 14 januari,, med musik och diktning. Kv\u00e4llens g\u00e4ster \u00e4r cellisten Magnus Lanning och sk\u00e5despelarna med rum\u00e4nskt ursprung Lucian Muscurel och Luiza St\u0103nescu. Ett pressmeddelande ber\u00e4ttar: Lucian Muscurel och Luiza St\u0103nescu kommer att l\u00e4sa upp p\u00e5 svenska utdrag ur klassiska rum\u00e4nska poeter som [&hellip;]<\/p>\n","protected":false},"author":13,"featured_media":0,"comment_status":"closed","ping_status":"closed","sticky":false,"template":"","format":"standard","meta":{"_genesis_hide_title":false,"_genesis_hide_breadcrumbs":false,"_genesis_hide_singular_image":false,"_genesis_hide_footer_widgets":false,"_genesis_custom_body_class":"","_genesis_custom_post_class":"","_genesis_layout":"","footnotes":""},"categories":[62],"tags":[],"class_list":{"0":"post-148636","1":"post","2":"type-post","3":"status-publish","4":"format-standard","6":"category-medie-och-kulturpolitik","7":"entry"},"_links":{"self":[{"href":"https:\/\/kulturbloggen.com\/index.php?rest_route=\/wp\/v2\/posts\/148636","targetHints":{"allow":["GET"]}}],"collection":[{"href":"https:\/\/kulturbloggen.com\/index.php?rest_route=\/wp\/v2\/posts"}],"about":[{"href":"https:\/\/kulturbloggen.com\/index.php?rest_route=\/wp\/v2\/types\/post"}],"author":[{"embeddable":true,"href":"https:\/\/kulturbloggen.com\/index.php?rest_route=\/wp\/v2\/users\/13"}],"replies":[{"embeddable":true,"href":"https:\/\/kulturbloggen.com\/index.php?rest_route=%2Fwp%2Fv2%2Fcomments&post=148636"}],"version-history":[{"count":4,"href":"https:\/\/kulturbloggen.com\/index.php?rest_route=\/wp\/v2\/posts\/148636\/revisions"}],"predecessor-version":[{"id":148642,"href":"https:\/\/kulturbloggen.com\/index.php?rest_route=\/wp\/v2\/posts\/148636\/revisions\/148642"}],"wp:attachment":[{"href":"https:\/\/kulturbloggen.com\/index.php?rest_route=%2Fwp%2Fv2%2Fmedia&parent=148636"}],"wp:term":[{"taxonomy":"category","embeddable":true,"href":"https:\/\/kulturbloggen.com\/index.php?rest_route=%2Fwp%2Fv2%2Fcategories&post=148636"},{"taxonomy":"post_tag","embeddable":true,"href":"https:\/\/kulturbloggen.com\/index.php?rest_route=%2Fwp%2Fv2%2Ftags&post=148636"}],"curies":[{"name":"wp","href":"https:\/\/api.w.org\/{rel}","templated":true}]}}